{"id":2265,"date":"2017-03-26T14:47:09","date_gmt":"2017-03-26T14:47:09","guid":{"rendered":"http:\/\/www.masella.com\/blog\/?p=2265\/"},"modified":"2022-06-01T06:35:58","modified_gmt":"2022-06-01T06:35:58","slug":"ce-masella-team-exito-social-comida-final-temporada","status":"publish","type":"post","link":"https:\/\/www.masella.com\/blog\/es\/ce-masella-team-exito-social-comida-final-temporada\/","title":{"rendered":"CE MASELLA TEAM: \u00c9XITO DE LA SOCIAL + COMIDA FINAL DE TEMPORADA"},"content":{"rendered":"<p>El club Masella Team, de esqu\u00ed alpino y snowboard, este s\u00e1bado ha celebrado la carrera social de los grupos del s\u00e1bado, el grupo de los menores, el grupo de snowboard y el grupo de los padres.<\/p>\n<p><a href=\"http:\/\/www.masella.com\/blog\/wp-content\/uploads\/2017\/03\/004H-1.jpg\"><img loading=\"lazy\" decoding=\"async\" class=\"alignnone size-full wp-image-2266\" src=\"http:\/\/www.masella.com\/blog\/wp-content\/uploads\/2017\/03\/004H-1.jpg\" alt=\"\" width=\"2000\" height=\"640\" srcset=\"https:\/\/www.masella.com\/blog\/wp-content\/uploads\/2017\/03\/004H-1.jpg 2000w, https:\/\/www.masella.com\/blog\/wp-content\/uploads\/2017\/03\/004H-1-300x96.jpg 300w, https:\/\/www.masella.com\/blog\/wp-content\/uploads\/2017\/03\/004H-1-768x246.jpg 768w, https:\/\/www.masella.com\/blog\/wp-content\/uploads\/2017\/03\/004H-1-1024x328.jpg 1024w\" sizes=\"(max-width: 2000px) 100vw, 2000px\" \/><\/a><\/p>\n<p>La social se ha celebrado en la pista Esl\u00e0lom La Pleta bajo una densa nevada que no ha hecho desistir en estos campeones del club. Una vez celebrada la prueba se ha realizado el acto de entrega de los trofeos en el Pla de Masella, bajo una nevada que ha perseverado durante toda la jornada.<\/p>\n<figure id=\"attachment_2261\" aria-describedby=\"caption-attachment-2261\" style=\"width: 1200px\" class=\"wp-caption alignnone\"><a href=\"http:\/\/www.masella.com\/blog\/wp-content\/uploads\/2017\/03\/001FD-6.jpg\"><img loading=\"lazy\" decoding=\"async\" class=\"size-full wp-image-2261\" src=\"http:\/\/www.masella.com\/blog\/wp-content\/uploads\/2017\/03\/001FD-6.jpg\" alt=\"\" width=\"1200\" height=\"900\" srcset=\"https:\/\/www.masella.com\/blog\/wp-content\/uploads\/2017\/03\/001FD-6.jpg 1200w, https:\/\/www.masella.com\/blog\/wp-content\/uploads\/2017\/03\/001FD-6-300x225.jpg 300w, https:\/\/www.masella.com\/blog\/wp-content\/uploads\/2017\/03\/001FD-6-768x576.jpg 768w, https:\/\/www.masella.com\/blog\/wp-content\/uploads\/2017\/03\/001FD-6-1024x768.jpg 1024w\" sizes=\"(max-width: 1200px) 100vw, 1200px\" \/><\/a><figcaption id=\"caption-attachment-2261\" class=\"wp-caption-text\">OLYMPUS DIGITAL CAMERA<\/figcaption><\/figure>\n<p>En paralelo os informamos que todos los socios del CE Masella Team podr\u00e1n disfrutar de la comida de clausura de temporada el pr\u00f3ximo domingo, d\u00eda 2 de abril. La comida se celebrar\u00e1 en la terraza de Coma Oriola, delante del telesilla del mismo nombre.<\/p>\n<p><strong>IMPORTANTE:<\/strong> Para participar en esta comida final de temporada habr\u00e1 que formalizar la inscripci\u00f3n, antes del jueves 30 de marzo, a las 13 horas. Se pueden hacer las inscripciones por e.mail: masellateam@masella.com, por tel\u00e9fono (972 144 000) o en Oficinas de Atenci\u00f3n al Esquiador del Pla de Masella.<\/p>\n","protected":false},"excerpt":{"rendered":"<p>El club Masella Team, de esqu\u00ed alpino y snowboard, este s\u00e1bado ha celebrado la carrera social de los grupos del<\/p>\n","protected":false},"author":4,"featured_media":2262,"comment_status":"closed","ping_status":"open","sticky":false,"template":"","format":"standard","meta":{"footnotes":""},"categories":[20,33,54,48,16,44],"tags":[],"yoast_head":"<!-- This site is optimized with the Yoast SEO plugin v21.5 - https:\/\/yoast.com\/wordpress\/plugins\/seo\/ -->\n<title>CE MASELLA TEAM: \u00c9XITO DE LA SOCIAL + COMIDA FINAL DE TEMPORADA - blog oficial de masella<\/title>\n<meta name=\"robots\" content=\"index, follow, max-snippet:-1, max-image-preview:large, max-video-preview:-1\" \/>\n<link rel=\"canonical\" href=\"https:\/\/www.masella.com\/blog\/es\/ce-masella-team-exito-social-comida-final-temporada\/\" \/>\n<meta property=\"og:locale\" content=\"es_ES\" \/>\n<meta property=\"og:type\" content=\"article\" \/>\n<meta property=\"og:title\" content=\"CE MASELLA TEAM: \u00c9XITO DE LA SOCIAL + COMIDA FINAL DE TEMPORADA - blog oficial de masella\" \/>\n<meta property=\"og:description\" content=\"El club Masella Team, de esqu\u00ed alpino y snowboard, este s\u00e1bado ha celebrado la carrera social de los grupos del\" \/>\n<meta property=\"og:url\" content=\"https:\/\/www.masella.com\/blog\/es\/ce-masella-team-exito-social-comida-final-temporada\/\" \/>\n<meta property=\"og:site_name\" content=\"blog oficial de masella\" \/>\n<meta property=\"article:published_time\" content=\"2017-03-26T14:47:09+00:00\" \/>\n<meta property=\"article:modified_time\" content=\"2022-06-01T06:35:58+00:00\" \/>\n<meta property=\"og:image\" content=\"https:\/\/www.masella.com\/blog\/wp-content\/uploads\/2017\/03\/000FD.jpg\" \/>\n\t<meta property=\"og:image:width\" content=\"1200\" \/>\n\t<meta property=\"og:image:height\" content=\"900\" \/>\n\t<meta property=\"og:image:type\" content=\"image\/jpeg\" \/>\n<meta name=\"author\" content=\"masella\" \/>\n<meta name=\"twitter:card\" content=\"summary_large_image\" \/>\n<meta name=\"twitter:label1\" content=\"Escrito por\" \/>\n\t<meta name=\"twitter:data1\" content=\"masella\" \/>\n\t<meta name=\"twitter:label2\" content=\"Tiempo de lectura\" \/>\n\t<meta name=\"twitter:data2\" content=\"1 minuto\" \/>\n<script type=\"application\/ld+json\" class=\"yoast-schema-graph\">{\"@context\":\"https:\/\/schema.org\",\"@graph\":[{\"@type\":\"Article\",\"@id\":\"https:\/\/www.masella.com\/blog\/es\/ce-masella-team-exito-social-comida-final-temporada\/#article\",\"isPartOf\":{\"@id\":\"https:\/\/www.masella.com\/blog\/es\/ce-masella-team-exito-social-comida-final-temporada\/\"},\"author\":{\"name\":\"masella\",\"@id\":\"https:\/\/www.masella.com\/blog\/ca\/#\/schema\/person\/e32b971f5be20790c591d85b8f1c706b\"},\"headline\":\"CE MASELLA TEAM: \u00c9XITO DE LA SOCIAL + COMIDA FINAL DE TEMPORADA\",\"datePublished\":\"2017-03-26T14:47:09+00:00\",\"dateModified\":\"2022-06-01T06:35:58+00:00\",\"mainEntityOfPage\":{\"@id\":\"https:\/\/www.masella.com\/blog\/es\/ce-masella-team-exito-social-comida-final-temporada\/\"},\"wordCount\":210,\"publisher\":{\"@id\":\"https:\/\/www.masella.com\/blog\/ca\/#organization\"},\"articleSection\":[\"Actualidad\",\"Carreras\",\"Competici\u00f3n\",\"Escuela\",\"Eventos\",\"Snowboard\"],\"inLanguage\":\"es\"},{\"@type\":\"WebPage\",\"@id\":\"https:\/\/www.masella.com\/blog\/es\/ce-masella-team-exito-social-comida-final-temporada\/\",\"url\":\"https:\/\/www.masella.com\/blog\/es\/ce-masella-team-exito-social-comida-final-temporada\/\",\"name\":\"CE MASELLA TEAM: \u00c9XITO DE LA SOCIAL + COMIDA FINAL DE TEMPORADA - blog oficial de masella\",\"isPartOf\":{\"@id\":\"https:\/\/www.masella.com\/blog\/ca\/#website\"},\"datePublished\":\"2017-03-26T14:47:09+00:00\",\"dateModified\":\"2022-06-01T06:35:58+00:00\",\"breadcrumb\":{\"@id\":\"https:\/\/www.masella.com\/blog\/es\/ce-masella-team-exito-social-comida-final-temporada\/#breadcrumb\"},\"inLanguage\":\"es\",\"potentialAction\":[{\"@type\":\"ReadAction\",\"target\":[\"https:\/\/www.masella.com\/blog\/es\/ce-masella-team-exito-social-comida-final-temporada\/\"]}]},{\"@type\":\"BreadcrumbList\",\"@id\":\"https:\/\/www.masella.com\/blog\/es\/ce-masella-team-exito-social-comida-final-temporada\/#breadcrumb\",\"itemListElement\":[{\"@type\":\"ListItem\",\"position\":1,\"name\":\"Portada\",\"item\":\"https:\/\/www.masella.com\/blog\/ca\/\"},{\"@type\":\"ListItem\",\"position\":2,\"name\":\"CE MASELLA TEAM: \u00c9XITO DE LA SOCIAL + COMIDA FINAL DE TEMPORADA\"}]},{\"@type\":\"WebSite\",\"@id\":\"https:\/\/www.masella.com\/blog\/ca\/#website\",\"url\":\"https:\/\/www.masella.com\/blog\/ca\/\",\"name\":\"blog oficial de masella\",\"description\":\"\",\"publisher\":{\"@id\":\"https:\/\/www.masella.com\/blog\/ca\/#organization\"},\"potentialAction\":[{\"@type\":\"SearchAction\",\"target\":{\"@type\":\"EntryPoint\",\"urlTemplate\":\"https:\/\/www.masella.com\/blog\/ca\/?s={search_term_string}\"},\"query-input\":\"required name=search_term_string\"}],\"inLanguage\":\"es\"},{\"@type\":\"Organization\",\"@id\":\"https:\/\/www.masella.com\/blog\/ca\/#organization\",\"name\":\"blog oficial de masella\",\"url\":\"https:\/\/www.masella.com\/blog\/ca\/\",\"logo\":{\"@type\":\"ImageObject\",\"inLanguage\":\"es\",\"@id\":\"https:\/\/www.masella.com\/blog\/ca\/#\/schema\/logo\/image\/\",\"url\":\"https:\/\/www.masella.com\/blog\/wp-content\/uploads\/2022\/12\/logo-masella-es-1.png\",\"contentUrl\":\"https:\/\/www.masella.com\/blog\/wp-content\/uploads\/2022\/12\/logo-masella-es-1.png\",\"width\":150,\"height\":88,\"caption\":\"blog oficial de masella\"},\"image\":{\"@id\":\"https:\/\/www.masella.com\/blog\/ca\/#\/schema\/logo\/image\/\"}},{\"@type\":\"Person\",\"@id\":\"https:\/\/www.masella.com\/blog\/ca\/#\/schema\/person\/e32b971f5be20790c591d85b8f1c706b\",\"name\":\"masella\",\"image\":{\"@type\":\"ImageObject\",\"inLanguage\":\"es\",\"@id\":\"https:\/\/www.masella.com\/blog\/ca\/#\/schema\/person\/image\/\",\"url\":\"https:\/\/secure.gravatar.com\/avatar\/57590b1151eaa410a783e55768bbbba2?s=96&d=mm&r=g\",\"contentUrl\":\"https:\/\/secure.gravatar.com\/avatar\/57590b1151eaa410a783e55768bbbba2?s=96&d=mm&r=g\",\"caption\":\"masella\"},\"url\":\"https:\/\/www.masella.com\/blog\/es\/author\/anna\/\"}]}<\/script>\n<!-- \/ Yoast SEO plugin. -->","yoast_head_json":{"title":"CE MASELLA TEAM: \u00c9XITO DE LA SOCIAL + COMIDA FINAL DE TEMPORADA - blog oficial de masella","robots":{"index":"index","follow":"follow","max-snippet":"max-snippet:-1","max-image-preview":"max-image-preview:large","max-video-preview":"max-video-preview:-1"},"canonical":"https:\/\/www.masella.com\/blog\/es\/ce-masella-team-exito-social-comida-final-temporada\/","og_locale":"es_ES","og_type":"article","og_title":"CE MASELLA TEAM: \u00c9XITO DE LA SOCIAL + COMIDA FINAL DE TEMPORADA - blog oficial de masella","og_description":"El club Masella Team, de esqu\u00ed alpino y snowboard, este s\u00e1bado ha celebrado la carrera social de los grupos del","og_url":"https:\/\/www.masella.com\/blog\/es\/ce-masella-team-exito-social-comida-final-temporada\/","og_site_name":"blog oficial de masella","article_published_time":"2017-03-26T14:47:09+00:00","article_modified_time":"2022-06-01T06:35:58+00:00","og_image":[{"width":1200,"height":900,"url":"https:\/\/www.masella.com\/blog\/wp-content\/uploads\/2017\/03\/000FD.jpg","type":"image\/jpeg"}],"author":"masella","twitter_card":"summary_large_image","twitter_misc":{"Escrito por":"masella","Tiempo de lectura":"1 minuto"},"schema":{"@context":"https:\/\/schema.org","@graph":[{"@type":"Article","@id":"https:\/\/www.masella.com\/blog\/es\/ce-masella-team-exito-social-comida-final-temporada\/#article","isPartOf":{"@id":"https:\/\/www.masella.com\/blog\/es\/ce-masella-team-exito-social-comida-final-temporada\/"},"author":{"name":"masella","@id":"https:\/\/www.masella.com\/blog\/ca\/#\/schema\/person\/e32b971f5be20790c591d85b8f1c706b"},"headline":"CE MASELLA TEAM: \u00c9XITO DE LA SOCIAL + COMIDA FINAL DE TEMPORADA","datePublished":"2017-03-26T14:47:09+00:00","dateModified":"2022-06-01T06:35:58+00:00","mainEntityOfPage":{"@id":"https:\/\/www.masella.com\/blog\/es\/ce-masella-team-exito-social-comida-final-temporada\/"},"wordCount":210,"publisher":{"@id":"https:\/\/www.masella.com\/blog\/ca\/#organization"},"articleSection":["Actualidad","Carreras","Competici\u00f3n","Escuela","Eventos","Snowboard"],"inLanguage":"es"},{"@type":"WebPage","@id":"https:\/\/www.masella.com\/blog\/es\/ce-masella-team-exito-social-comida-final-temporada\/","url":"https:\/\/www.masella.com\/blog\/es\/ce-masella-team-exito-social-comida-final-temporada\/","name":"CE MASELLA TEAM: \u00c9XITO DE LA SOCIAL + COMIDA FINAL DE TEMPORADA - blog oficial de masella","isPartOf":{"@id":"https:\/\/www.masella.com\/blog\/ca\/#website"},"datePublished":"2017-03-26T14:47:09+00:00","dateModified":"2022-06-01T06:35:58+00:00","breadcrumb":{"@id":"https:\/\/www.masella.com\/blog\/es\/ce-masella-team-exito-social-comida-final-temporada\/#breadcrumb"},"inLanguage":"es","potentialAction":[{"@type":"ReadAction","target":["https:\/\/www.masella.com\/blog\/es\/ce-masella-team-exito-social-comida-final-temporada\/"]}]},{"@type":"BreadcrumbList","@id":"https:\/\/www.masella.com\/blog\/es\/ce-masella-team-exito-social-comida-final-temporada\/#breadcrumb","itemListElement":[{"@type":"ListItem","position":1,"name":"Portada","item":"https:\/\/www.masella.com\/blog\/ca\/"},{"@type":"ListItem","position":2,"name":"CE MASELLA TEAM: \u00c9XITO DE LA SOCIAL + COMIDA FINAL DE TEMPORADA"}]},{"@type":"WebSite","@id":"https:\/\/www.masella.com\/blog\/ca\/#website","url":"https:\/\/www.masella.com\/blog\/ca\/","name":"blog oficial de masella","description":"","publisher":{"@id":"https:\/\/www.masella.com\/blog\/ca\/#organization"},"potentialAction":[{"@type":"SearchAction","target":{"@type":"EntryPoint","urlTemplate":"https:\/\/www.masella.com\/blog\/ca\/?s={search_term_string}"},"query-input":"required name=search_term_string"}],"inLanguage":"es"},{"@type":"Organization","@id":"https:\/\/www.masella.com\/blog\/ca\/#organization","name":"blog oficial de masella","url":"https:\/\/www.masella.com\/blog\/ca\/","logo":{"@type":"ImageObject","inLanguage":"es","@id":"https:\/\/www.masella.com\/blog\/ca\/#\/schema\/logo\/image\/","url":"https:\/\/www.masella.com\/blog\/wp-content\/uploads\/2022\/12\/logo-masella-es-1.png","contentUrl":"https:\/\/www.masella.com\/blog\/wp-content\/uploads\/2022\/12\/logo-masella-es-1.png","width":150,"height":88,"caption":"blog oficial de masella"},"image":{"@id":"https:\/\/www.masella.com\/blog\/ca\/#\/schema\/logo\/image\/"}},{"@type":"Person","@id":"https:\/\/www.masella.com\/blog\/ca\/#\/schema\/person\/e32b971f5be20790c591d85b8f1c706b","name":"masella","image":{"@type":"ImageObject","inLanguage":"es","@id":"https:\/\/www.masella.com\/blog\/ca\/#\/schema\/person\/image\/","url":"https:\/\/secure.gravatar.com\/avatar\/57590b1151eaa410a783e55768bbbba2?s=96&d=mm&r=g","contentUrl":"https:\/\/secure.gravatar.com\/avatar\/57590b1151eaa410a783e55768bbbba2?s=96&d=mm&r=g","caption":"masella"},"url":"https:\/\/www.masella.com\/blog\/es\/author\/anna\/"}]}},"_links":{"self":[{"href":"https:\/\/www.masella.com\/blog\/es\/wp-json\/wp\/v2\/posts\/2265"}],"collection":[{"href":"https:\/\/www.masella.com\/blog\/es\/wp-json\/wp\/v2\/posts"}],"about":[{"href":"https:\/\/www.masella.com\/blog\/es\/wp-json\/wp\/v2\/types\/post"}],"author":[{"embeddable":true,"href":"https:\/\/www.masella.com\/blog\/es\/wp-json\/wp\/v2\/users\/4"}],"replies":[{"embeddable":true,"href":"https:\/\/www.masella.com\/blog\/es\/wp-json\/wp\/v2\/comments?post=2265"}],"version-history":[{"count":2,"href":"https:\/\/www.masella.com\/blog\/es\/wp-json\/wp\/v2\/posts\/2265\/revisions"}],"predecessor-version":[{"id":2268,"href":"https:\/\/www.masella.com\/blog\/es\/wp-json\/wp\/v2\/posts\/2265\/revisions\/2268"}],"wp:featuredmedia":[{"embeddable":true,"href":"https:\/\/www.masella.com\/blog\/es\/wp-json\/wp\/v2\/media\/2262"}],"wp:attachment":[{"href":"https:\/\/www.masella.com\/blog\/es\/wp-json\/wp\/v2\/media?parent=2265"}],"wp:term":[{"taxonomy":"category","embeddable":true,"href":"https:\/\/www.masella.com\/blog\/es\/wp-json\/wp\/v2\/categories?post=2265"},{"taxonomy":"post_tag","embeddable":true,"href":"https:\/\/www.masella.com\/blog\/es\/wp-json\/wp\/v2\/tags?post=2265"}],"curies":[{"name":"wp","href":"https:\/\/api.w.org\/{rel}","templated":true}]}}