{"id":2412,"date":"2017-04-20T12:10:46","date_gmt":"2017-04-20T12:10:46","guid":{"rendered":"http:\/\/www.masella.com\/blog\/?p=2412\/"},"modified":"2022-06-01T06:35:25","modified_gmt":"2022-06-01T06:35:25","slug":"ven-celebrar-sant-jordi-masella","status":"publish","type":"post","link":"https:\/\/www.masella.com\/blog\/es\/ven-celebrar-sant-jordi-masella\/","title":{"rendered":"VEN A CELEBRAR EL SANT JORDI EN MASELLA"},"content":{"rendered":"<p>Este fin de semana esqu\u00eda en Masella y celebra el Sant Jordi en pistas, en la \u00fanica estaci\u00f3n que permanecer\u00e1 abierta este fin de semana del Pirineo catal\u00e1n. Adem\u00e1s este domingo, d\u00eda 23 de abril, te regalamos un punto de libro cuando compres tu forfait.<\/p>\n<p>El horario de los remontes es de 9,15 a 14,30 h. Un horario, por otra parte, totalmente compatible para hacer un Sant Jordi de esqu\u00ed durante la ma\u00f1ana y una tarde de paseo para buscar el mejor libro y las mejores rosas en los paseos, avenidas y ramblas de las principales poblaciones de Catalu\u00f1a.<\/p>\n<p>Los precios de los forfaits son:<\/p>\n<p>1 d\u00eda adulto: 33,00 euros<\/p>\n<p>1 d\u00eda ni\u00f1o: 23,00 euros<\/p>\n<p>Y con la adquisici\u00f3n del forfait de d\u00eda, ya sea en la modalidad de adulto o de ni\u00f1o, te obsequiamos con un vale de descuento de 10,00 euros por el siguiente d\u00eda que esqu\u00eds esta temporada 2016-17.<\/p>\n<p><a href=\"http:\/\/www.masella.com\/blog\/wp-content\/uploads\/2017\/04\/008FD.jpg\"><img loading=\"lazy\" decoding=\"async\" class=\"size-full wp-image-2409 aligncenter\" src=\"http:\/\/www.masella.com\/blog\/wp-content\/uploads\/2017\/04\/008FD.jpg\" alt=\"\" width=\"1200\" height=\"900\" srcset=\"https:\/\/www.masella.com\/blog\/wp-content\/uploads\/2017\/04\/008FD.jpg 1200w, https:\/\/www.masella.com\/blog\/wp-content\/uploads\/2017\/04\/008FD-300x225.jpg 300w, https:\/\/www.masella.com\/blog\/wp-content\/uploads\/2017\/04\/008FD-768x576.jpg 768w, https:\/\/www.masella.com\/blog\/wp-content\/uploads\/2017\/04\/008FD-1024x768.jpg 1024w\" sizes=\"(max-width: 1200px) 100vw, 1200px\" \/><\/a><\/p>\n<p>Este fin de semana tendremos abierto los sectores de Dues Estacions, Coma Pregona, la Tosa, Isards, Coma Oriola y Cap del Bosc. La nieve se mantiene primavera y en buenas condiciones gracias el rehielo nocturno. Esta semana ha sido fr\u00eda, en especial durante las noches. Por ejemplo la madrugada del jueves 20 de abril el term\u00f3metro ha marcado -8,1\u00baC. Este fr\u00edo ha sido el mejor aliado para mantener las pistas en buenas condiciones.<\/p>\n","protected":false},"excerpt":{"rendered":"<p>Este fin de semana esqu\u00eda en Masella y celebra el Sant Jordi en pistas, en la \u00fanica estaci\u00f3n que permanecer\u00e1<\/p>\n","protected":false},"author":4,"featured_media":2410,"comment_status":"closed","ping_status":"open","sticky":false,"template":"","format":"standard","meta":{"footnotes":""},"categories":[20,28,16,37,36,19],"tags":[],"yoast_head":"<!-- This site is optimized with the Yoast SEO plugin v21.5 - https:\/\/yoast.com\/wordpress\/plugins\/seo\/ -->\n<title>VEN A CELEBRAR EL SANT JORDI EN MASELLA - blog oficial de masella<\/title>\n<meta name=\"robots\" content=\"index, follow, max-snippet:-1, max-image-preview:large, max-video-preview:-1\" \/>\n<link rel=\"canonical\" href=\"https:\/\/www.masella.com\/blog\/es\/ven-celebrar-sant-jordi-masella\/\" \/>\n<meta property=\"og:locale\" content=\"es_ES\" \/>\n<meta property=\"og:type\" content=\"article\" \/>\n<meta property=\"og:title\" content=\"VEN A CELEBRAR EL SANT JORDI EN MASELLA - blog oficial de masella\" \/>\n<meta property=\"og:description\" content=\"Este fin de semana esqu\u00eda en Masella y celebra el Sant Jordi en pistas, en la \u00fanica estaci\u00f3n que permanecer\u00e1\" \/>\n<meta property=\"og:url\" content=\"https:\/\/www.masella.com\/blog\/es\/ven-celebrar-sant-jordi-masella\/\" \/>\n<meta property=\"og:site_name\" content=\"blog oficial de masella\" \/>\n<meta property=\"article:published_time\" content=\"2017-04-20T12:10:46+00:00\" \/>\n<meta property=\"article:modified_time\" content=\"2022-06-01T06:35:25+00:00\" \/>\n<meta property=\"og:image\" content=\"https:\/\/www.masella.com\/blog\/wp-content\/uploads\/2017\/04\/001FD-1.jpg\" \/>\n\t<meta property=\"og:image:width\" content=\"1200\" \/>\n\t<meta property=\"og:image:height\" content=\"900\" \/>\n\t<meta property=\"og:image:type\" content=\"image\/jpeg\" \/>\n<meta name=\"author\" content=\"masella\" \/>\n<meta name=\"twitter:card\" content=\"summary_large_image\" \/>\n<meta name=\"twitter:label1\" content=\"Escrito por\" \/>\n\t<meta name=\"twitter:data1\" content=\"masella\" \/>\n\t<meta name=\"twitter:label2\" content=\"Tiempo de lectura\" \/>\n\t<meta name=\"twitter:data2\" content=\"1 minuto\" \/>\n<script type=\"application\/ld+json\" class=\"yoast-schema-graph\">{\"@context\":\"https:\/\/schema.org\",\"@graph\":[{\"@type\":\"Article\",\"@id\":\"https:\/\/www.masella.com\/blog\/es\/ven-celebrar-sant-jordi-masella\/#article\",\"isPartOf\":{\"@id\":\"https:\/\/www.masella.com\/blog\/es\/ven-celebrar-sant-jordi-masella\/\"},\"author\":{\"name\":\"masella\",\"@id\":\"https:\/\/www.masella.com\/blog\/ca\/#\/schema\/person\/e32b971f5be20790c591d85b8f1c706b\"},\"headline\":\"VEN A CELEBRAR EL SANT JORDI EN MASELLA\",\"datePublished\":\"2017-04-20T12:10:46+00:00\",\"dateModified\":\"2022-06-01T06:35:25+00:00\",\"mainEntityOfPage\":{\"@id\":\"https:\/\/www.masella.com\/blog\/es\/ven-celebrar-sant-jordi-masella\/\"},\"wordCount\":243,\"publisher\":{\"@id\":\"https:\/\/www.masella.com\/blog\/ca\/#organization\"},\"articleSection\":[\"Actualidad\",\"Actualitat\",\"Eventos\",\"Monta\u00f1a\",\"Muntanya\",\"Ofertas\"],\"inLanguage\":\"es\"},{\"@type\":\"WebPage\",\"@id\":\"https:\/\/www.masella.com\/blog\/es\/ven-celebrar-sant-jordi-masella\/\",\"url\":\"https:\/\/www.masella.com\/blog\/es\/ven-celebrar-sant-jordi-masella\/\",\"name\":\"VEN A CELEBRAR EL SANT JORDI EN MASELLA - blog oficial de masella\",\"isPartOf\":{\"@id\":\"https:\/\/www.masella.com\/blog\/ca\/#website\"},\"datePublished\":\"2017-04-20T12:10:46+00:00\",\"dateModified\":\"2022-06-01T06:35:25+00:00\",\"breadcrumb\":{\"@id\":\"https:\/\/www.masella.com\/blog\/es\/ven-celebrar-sant-jordi-masella\/#breadcrumb\"},\"inLanguage\":\"es\",\"potentialAction\":[{\"@type\":\"ReadAction\",\"target\":[\"https:\/\/www.masella.com\/blog\/es\/ven-celebrar-sant-jordi-masella\/\"]}]},{\"@type\":\"BreadcrumbList\",\"@id\":\"https:\/\/www.masella.com\/blog\/es\/ven-celebrar-sant-jordi-masella\/#breadcrumb\",\"itemListElement\":[{\"@type\":\"ListItem\",\"position\":1,\"name\":\"Portada\",\"item\":\"https:\/\/www.masella.com\/blog\/ca\/\"},{\"@type\":\"ListItem\",\"position\":2,\"name\":\"VEN A CELEBRAR EL SANT JORDI EN MASELLA\"}]},{\"@type\":\"WebSite\",\"@id\":\"https:\/\/www.masella.com\/blog\/ca\/#website\",\"url\":\"https:\/\/www.masella.com\/blog\/ca\/\",\"name\":\"blog oficial de masella\",\"description\":\"\",\"publisher\":{\"@id\":\"https:\/\/www.masella.com\/blog\/ca\/#organization\"},\"potentialAction\":[{\"@type\":\"SearchAction\",\"target\":{\"@type\":\"EntryPoint\",\"urlTemplate\":\"https:\/\/www.masella.com\/blog\/ca\/?s={search_term_string}\"},\"query-input\":\"required name=search_term_string\"}],\"inLanguage\":\"es\"},{\"@type\":\"Organization\",\"@id\":\"https:\/\/www.masella.com\/blog\/ca\/#organization\",\"name\":\"blog oficial de masella\",\"url\":\"https:\/\/www.masella.com\/blog\/ca\/\",\"logo\":{\"@type\":\"ImageObject\",\"inLanguage\":\"es\",\"@id\":\"https:\/\/www.masella.com\/blog\/ca\/#\/schema\/logo\/image\/\",\"url\":\"https:\/\/www.masella.com\/blog\/wp-content\/uploads\/2022\/12\/logo-masella-es-1.png\",\"contentUrl\":\"https:\/\/www.masella.com\/blog\/wp-content\/uploads\/2022\/12\/logo-masella-es-1.png\",\"width\":150,\"height\":88,\"caption\":\"blog oficial de masella\"},\"image\":{\"@id\":\"https:\/\/www.masella.com\/blog\/ca\/#\/schema\/logo\/image\/\"}},{\"@type\":\"Person\",\"@id\":\"https:\/\/www.masella.com\/blog\/ca\/#\/schema\/person\/e32b971f5be20790c591d85b8f1c706b\",\"name\":\"masella\",\"image\":{\"@type\":\"ImageObject\",\"inLanguage\":\"es\",\"@id\":\"https:\/\/www.masella.com\/blog\/ca\/#\/schema\/person\/image\/\",\"url\":\"https:\/\/secure.gravatar.com\/avatar\/57590b1151eaa410a783e55768bbbba2?s=96&d=mm&r=g\",\"contentUrl\":\"https:\/\/secure.gravatar.com\/avatar\/57590b1151eaa410a783e55768bbbba2?s=96&d=mm&r=g\",\"caption\":\"masella\"},\"url\":\"https:\/\/www.masella.com\/blog\/es\/author\/anna\/\"}]}<\/script>\n<!-- \/ Yoast SEO plugin. -->","yoast_head_json":{"title":"VEN A CELEBRAR EL SANT JORDI EN MASELLA - blog oficial de masella","robots":{"index":"index","follow":"follow","max-snippet":"max-snippet:-1","max-image-preview":"max-image-preview:large","max-video-preview":"max-video-preview:-1"},"canonical":"https:\/\/www.masella.com\/blog\/es\/ven-celebrar-sant-jordi-masella\/","og_locale":"es_ES","og_type":"article","og_title":"VEN A CELEBRAR EL SANT JORDI EN MASELLA - blog oficial de masella","og_description":"Este fin de semana esqu\u00eda en Masella y celebra el Sant Jordi en pistas, en la \u00fanica estaci\u00f3n que permanecer\u00e1","og_url":"https:\/\/www.masella.com\/blog\/es\/ven-celebrar-sant-jordi-masella\/","og_site_name":"blog oficial de masella","article_published_time":"2017-04-20T12:10:46+00:00","article_modified_time":"2022-06-01T06:35:25+00:00","og_image":[{"width":1200,"height":900,"url":"https:\/\/www.masella.com\/blog\/wp-content\/uploads\/2017\/04\/001FD-1.jpg","type":"image\/jpeg"}],"author":"masella","twitter_card":"summary_large_image","twitter_misc":{"Escrito por":"masella","Tiempo de lectura":"1 minuto"},"schema":{"@context":"https:\/\/schema.org","@graph":[{"@type":"Article","@id":"https:\/\/www.masella.com\/blog\/es\/ven-celebrar-sant-jordi-masella\/#article","isPartOf":{"@id":"https:\/\/www.masella.com\/blog\/es\/ven-celebrar-sant-jordi-masella\/"},"author":{"name":"masella","@id":"https:\/\/www.masella.com\/blog\/ca\/#\/schema\/person\/e32b971f5be20790c591d85b8f1c706b"},"headline":"VEN A CELEBRAR EL SANT JORDI EN MASELLA","datePublished":"2017-04-20T12:10:46+00:00","dateModified":"2022-06-01T06:35:25+00:00","mainEntityOfPage":{"@id":"https:\/\/www.masella.com\/blog\/es\/ven-celebrar-sant-jordi-masella\/"},"wordCount":243,"publisher":{"@id":"https:\/\/www.masella.com\/blog\/ca\/#organization"},"articleSection":["Actualidad","Actualitat","Eventos","Monta\u00f1a","Muntanya","Ofertas"],"inLanguage":"es"},{"@type":"WebPage","@id":"https:\/\/www.masella.com\/blog\/es\/ven-celebrar-sant-jordi-masella\/","url":"https:\/\/www.masella.com\/blog\/es\/ven-celebrar-sant-jordi-masella\/","name":"VEN A CELEBRAR EL SANT JORDI EN MASELLA - blog oficial de masella","isPartOf":{"@id":"https:\/\/www.masella.com\/blog\/ca\/#website"},"datePublished":"2017-04-20T12:10:46+00:00","dateModified":"2022-06-01T06:35:25+00:00","breadcrumb":{"@id":"https:\/\/www.masella.com\/blog\/es\/ven-celebrar-sant-jordi-masella\/#breadcrumb"},"inLanguage":"es","potentialAction":[{"@type":"ReadAction","target":["https:\/\/www.masella.com\/blog\/es\/ven-celebrar-sant-jordi-masella\/"]}]},{"@type":"BreadcrumbList","@id":"https:\/\/www.masella.com\/blog\/es\/ven-celebrar-sant-jordi-masella\/#breadcrumb","itemListElement":[{"@type":"ListItem","position":1,"name":"Portada","item":"https:\/\/www.masella.com\/blog\/ca\/"},{"@type":"ListItem","position":2,"name":"VEN A CELEBRAR EL SANT JORDI EN MASELLA"}]},{"@type":"WebSite","@id":"https:\/\/www.masella.com\/blog\/ca\/#website","url":"https:\/\/www.masella.com\/blog\/ca\/","name":"blog oficial de masella","description":"","publisher":{"@id":"https:\/\/www.masella.com\/blog\/ca\/#organization"},"potentialAction":[{"@type":"SearchAction","target":{"@type":"EntryPoint","urlTemplate":"https:\/\/www.masella.com\/blog\/ca\/?s={search_term_string}"},"query-input":"required name=search_term_string"}],"inLanguage":"es"},{"@type":"Organization","@id":"https:\/\/www.masella.com\/blog\/ca\/#organization","name":"blog oficial de masella","url":"https:\/\/www.masella.com\/blog\/ca\/","logo":{"@type":"ImageObject","inLanguage":"es","@id":"https:\/\/www.masella.com\/blog\/ca\/#\/schema\/logo\/image\/","url":"https:\/\/www.masella.com\/blog\/wp-content\/uploads\/2022\/12\/logo-masella-es-1.png","contentUrl":"https:\/\/www.masella.com\/blog\/wp-content\/uploads\/2022\/12\/logo-masella-es-1.png","width":150,"height":88,"caption":"blog oficial de masella"},"image":{"@id":"https:\/\/www.masella.com\/blog\/ca\/#\/schema\/logo\/image\/"}},{"@type":"Person","@id":"https:\/\/www.masella.com\/blog\/ca\/#\/schema\/person\/e32b971f5be20790c591d85b8f1c706b","name":"masella","image":{"@type":"ImageObject","inLanguage":"es","@id":"https:\/\/www.masella.com\/blog\/ca\/#\/schema\/person\/image\/","url":"https:\/\/secure.gravatar.com\/avatar\/57590b1151eaa410a783e55768bbbba2?s=96&d=mm&r=g","contentUrl":"https:\/\/secure.gravatar.com\/avatar\/57590b1151eaa410a783e55768bbbba2?s=96&d=mm&r=g","caption":"masella"},"url":"https:\/\/www.masella.com\/blog\/es\/author\/anna\/"}]}},"_links":{"self":[{"href":"https:\/\/www.masella.com\/blog\/es\/wp-json\/wp\/v2\/posts\/2412"}],"collection":[{"href":"https:\/\/www.masella.com\/blog\/es\/wp-json\/wp\/v2\/posts"}],"about":[{"href":"https:\/\/www.masella.com\/blog\/es\/wp-json\/wp\/v2\/types\/post"}],"author":[{"embeddable":true,"href":"https:\/\/www.masella.com\/blog\/es\/wp-json\/wp\/v2\/users\/4"}],"replies":[{"embeddable":true,"href":"https:\/\/www.masella.com\/blog\/es\/wp-json\/wp\/v2\/comments?post=2412"}],"version-history":[{"count":2,"href":"https:\/\/www.masella.com\/blog\/es\/wp-json\/wp\/v2\/posts\/2412\/revisions"}],"predecessor-version":[{"id":2414,"href":"https:\/\/www.masella.com\/blog\/es\/wp-json\/wp\/v2\/posts\/2412\/revisions\/2414"}],"wp:featuredmedia":[{"embeddable":true,"href":"https:\/\/www.masella.com\/blog\/es\/wp-json\/wp\/v2\/media\/2410"}],"wp:attachment":[{"href":"https:\/\/www.masella.com\/blog\/es\/wp-json\/wp\/v2\/media?parent=2412"}],"wp:term":[{"taxonomy":"category","embeddable":true,"href":"https:\/\/www.masella.com\/blog\/es\/wp-json\/wp\/v2\/categories?post=2412"},{"taxonomy":"post_tag","embeddable":true,"href":"https:\/\/www.masella.com\/blog\/es\/wp-json\/wp\/v2\/tags?post=2412"}],"curies":[{"name":"wp","href":"https:\/\/api.w.org\/{rel}","templated":true}]}}