{"id":244,"date":"2015-12-08T16:08:29","date_gmt":"2015-12-08T16:08:29","guid":{"rendered":"http:\/\/www.masella.com\/blog\/es\/esquia-per-a-la-marato-de-tv3\/"},"modified":"2022-06-01T06:40:08","modified_gmt":"2022-06-01T06:40:08","slug":"esquia-per-a-la-marato-de-tv3","status":"publish","type":"post","link":"https:\/\/www.masella.com\/blog\/es\/esquia-per-a-la-marato-de-tv3\/","title":{"rendered":"ESQUIA PARA LA MARAT\u00d3 DE TV3"},"content":{"rendered":"<div id=\"gt-langs\">\n<div id=\"gt-lang-right\" class=\"goog-inline-block\">\n<div id=\"gt-lang-submit\"><span class=\"hps\">El pr\u00f3ximo domingo<\/span> <span class=\"hps\">13 de diciembre<\/span> <span class=\"hps\">Masella<\/span> <span class=\"hps\">celebrar\u00e1<\/span> <span class=\"hps\">una bajada<\/span> <span class=\"hps\">solidaria\u00a0<\/span><span class=\"hps\">cronometrada<\/span> <span class=\"hps\">para colaborar<\/span> <span class=\"hps\">con La<\/span> <span class=\"hps\">Marat\u00f3 de TV3.<\/span><\/div>\n<\/div>\n<\/div>\n<div id=\"gt-text-top\">\n<div id=\"gt-res-c\" class=\"g-unit\">\n<div id=\"gt-res-p\">\n<div id=\"gt-res-data\">\n<div id=\"gt-res-wrap\">\n<div id=\"gt-res-content\" class=\"almost_half_cell\">\n<div dir=\"ltr\"><span id=\"result_box\" class=\"\" lang=\"es\"><br \/>\n<span class=\"hps\">La bajada<\/span>, organizada <span class=\"hps\">por todos los<\/span> <span class=\"hps\">clubes que<\/span> <span class=\"hps\">entrenan<\/span> <span class=\"hps\">en Masella<\/span>, <span class=\"hps\">se<\/span> <span class=\"hps\">celebrar\u00e1<\/span> <span class=\"hps\">en la pista<\/span>\u00a0Es<span class=\"hps\">l\u00e0lom de<\/span> <span class=\"hps\">la<\/span> <span class=\"hps\">Pleta<\/span> <span class=\"hps\">y<\/span> <span class=\"hps\">para<\/span> <span class=\"hps\">participar<\/span> <span class=\"hps\">se deber\u00e1 hacer<\/span> <span class=\"hps\">un donativo<\/span> <span class=\"hps\">m\u00ednimo de 3<\/span> <span class=\"hps\">\u20ac por<\/span> <span class=\"hps\">bajada.<\/span> <span class=\"hps\">El dinero<\/span> <span class=\"hps\">ir\u00e1 destinado<\/span> <span class=\"hps\">\u00edntegramente<\/span> <span class=\"hps\">a colaborar con<\/span> <span class=\"hps\">la 24\u00aa<\/span> <span class=\"hps\">edici\u00f3n de La\u00a0<\/span><span class=\"hps\">Marat\u00f3<\/span> <span class=\"hps\">de TV3,<\/span> <span class=\"hps\">dedicada a la<\/span> <span class=\"hps\">investigaci\u00f3n en el campo<\/span> <span class=\"hps\">de la diabetes<\/span> <span class=\"hps\">y la obesidad.<\/span><\/span><\/div>\n<\/div>\n<\/div>\n<\/div>\n<\/div>\n<\/div>\n<\/div>\n<p><a href=\"http:\/\/www.masella.com\/blog\/wp-content\/uploads\/2015\/12\/marato2.jpg\"><img loading=\"lazy\" decoding=\"async\" class=\"alignnone size-full wp-image-238\" src=\"http:\/\/www.masella.com\/blog\/wp-content\/uploads\/2015\/12\/marato2.jpg\" alt=\"marato2\" width=\"800\" height=\"600\" srcset=\"https:\/\/www.masella.com\/blog\/wp-content\/uploads\/2015\/12\/marato2.jpg 800w, https:\/\/www.masella.com\/blog\/wp-content\/uploads\/2015\/12\/marato2-300x225.jpg 300w\" sizes=\"(max-width: 800px) 100vw, 800px\" \/><\/a><\/p>\n<p>La Marat\u00f3 de TV3 se ha convertido con los a\u00f1os en un referente de solidaridad y en una demostraci\u00f3n de c\u00f3mo todo un pa\u00eds puede unir fuerzas para una buena causa. Masella quiere colaborar un a\u00f1o m\u00e1s en esta gran fiesta de la solidaridad y os esperamos a todos el domingo en la pista Esl\u00e0lom de La Pleta.<\/p>\n","protected":false},"excerpt":{"rendered":"<p>El pr\u00f3ximo domingo 13 de diciembre Masella celebrar\u00e1 una bajada solidaria\u00a0cronometrada para colaborar con La Marat\u00f3 de TV3. La bajada,<\/p>\n","protected":false},"author":4,"featured_media":237,"comment_status":"closed","ping_status":"open","sticky":false,"template":"","format":"standard","meta":{"footnotes":""},"categories":[28,16],"tags":[],"yoast_head":"<!-- This site is optimized with the Yoast SEO plugin v21.5 - https:\/\/yoast.com\/wordpress\/plugins\/seo\/ -->\n<title>ESQUIA PARA LA MARAT\u00d3 DE TV3 - blog oficial de masella<\/title>\n<meta name=\"robots\" content=\"index, follow, max-snippet:-1, max-image-preview:large, max-video-preview:-1\" \/>\n<link rel=\"canonical\" href=\"https:\/\/www.masella.com\/blog\/es\/esquia-per-a-la-marato-de-tv3\/\" \/>\n<meta property=\"og:locale\" content=\"es_ES\" \/>\n<meta property=\"og:type\" content=\"article\" \/>\n<meta property=\"og:title\" content=\"ESQUIA PARA LA MARAT\u00d3 DE TV3 - blog oficial de masella\" \/>\n<meta property=\"og:description\" content=\"El pr\u00f3ximo domingo 13 de diciembre Masella celebrar\u00e1 una bajada solidaria\u00a0cronometrada para colaborar con La Marat\u00f3 de TV3. La bajada,\" \/>\n<meta property=\"og:url\" content=\"https:\/\/www.masella.com\/blog\/es\/esquia-per-a-la-marato-de-tv3\/\" \/>\n<meta property=\"og:site_name\" content=\"blog oficial de masella\" \/>\n<meta property=\"article:published_time\" content=\"2015-12-08T16:08:29+00:00\" \/>\n<meta property=\"article:modified_time\" content=\"2022-06-01T06:40:08+00:00\" \/>\n<meta property=\"og:image\" content=\"https:\/\/www.masella.com\/blog\/wp-content\/uploads\/2015\/12\/marato1.jpg\" \/>\n\t<meta property=\"og:image:width\" content=\"800\" \/>\n\t<meta property=\"og:image:height\" content=\"600\" \/>\n\t<meta property=\"og:image:type\" content=\"image\/jpeg\" \/>\n<meta name=\"author\" content=\"masella\" \/>\n<meta name=\"twitter:card\" content=\"summary_large_image\" \/>\n<meta name=\"twitter:label1\" content=\"Escrito por\" \/>\n\t<meta name=\"twitter:data1\" content=\"masella\" \/>\n\t<meta name=\"twitter:label2\" content=\"Tiempo de lectura\" \/>\n\t<meta name=\"twitter:data2\" content=\"1 minuto\" \/>\n<script type=\"application\/ld+json\" class=\"yoast-schema-graph\">{\"@context\":\"https:\/\/schema.org\",\"@graph\":[{\"@type\":\"Article\",\"@id\":\"https:\/\/www.masella.com\/blog\/es\/esquia-per-a-la-marato-de-tv3\/#article\",\"isPartOf\":{\"@id\":\"https:\/\/www.masella.com\/blog\/es\/esquia-per-a-la-marato-de-tv3\/\"},\"author\":{\"name\":\"masella\",\"@id\":\"https:\/\/www.masella.com\/blog\/ca\/#\/schema\/person\/e32b971f5be20790c591d85b8f1c706b\"},\"headline\":\"ESQUIA PARA LA MARAT\u00d3 DE TV3\",\"datePublished\":\"2015-12-08T16:08:29+00:00\",\"dateModified\":\"2022-06-01T06:40:08+00:00\",\"mainEntityOfPage\":{\"@id\":\"https:\/\/www.masella.com\/blog\/es\/esquia-per-a-la-marato-de-tv3\/\"},\"wordCount\":154,\"publisher\":{\"@id\":\"https:\/\/www.masella.com\/blog\/ca\/#organization\"},\"articleSection\":[\"Actualitat\",\"Eventos\"],\"inLanguage\":\"es\"},{\"@type\":\"WebPage\",\"@id\":\"https:\/\/www.masella.com\/blog\/es\/esquia-per-a-la-marato-de-tv3\/\",\"url\":\"https:\/\/www.masella.com\/blog\/es\/esquia-per-a-la-marato-de-tv3\/\",\"name\":\"ESQUIA PARA LA MARAT\u00d3 DE TV3 - blog oficial de masella\",\"isPartOf\":{\"@id\":\"https:\/\/www.masella.com\/blog\/ca\/#website\"},\"datePublished\":\"2015-12-08T16:08:29+00:00\",\"dateModified\":\"2022-06-01T06:40:08+00:00\",\"breadcrumb\":{\"@id\":\"https:\/\/www.masella.com\/blog\/es\/esquia-per-a-la-marato-de-tv3\/#breadcrumb\"},\"inLanguage\":\"es\",\"potentialAction\":[{\"@type\":\"ReadAction\",\"target\":[\"https:\/\/www.masella.com\/blog\/es\/esquia-per-a-la-marato-de-tv3\/\"]}]},{\"@type\":\"BreadcrumbList\",\"@id\":\"https:\/\/www.masella.com\/blog\/es\/esquia-per-a-la-marato-de-tv3\/#breadcrumb\",\"itemListElement\":[{\"@type\":\"ListItem\",\"position\":1,\"name\":\"Portada\",\"item\":\"https:\/\/www.masella.com\/blog\/ca\/\"},{\"@type\":\"ListItem\",\"position\":2,\"name\":\"ESQUIA PARA LA MARAT\u00d3 DE TV3\"}]},{\"@type\":\"WebSite\",\"@id\":\"https:\/\/www.masella.com\/blog\/ca\/#website\",\"url\":\"https:\/\/www.masella.com\/blog\/ca\/\",\"name\":\"blog oficial de masella\",\"description\":\"\",\"publisher\":{\"@id\":\"https:\/\/www.masella.com\/blog\/ca\/#organization\"},\"potentialAction\":[{\"@type\":\"SearchAction\",\"target\":{\"@type\":\"EntryPoint\",\"urlTemplate\":\"https:\/\/www.masella.com\/blog\/ca\/?s={search_term_string}\"},\"query-input\":\"required name=search_term_string\"}],\"inLanguage\":\"es\"},{\"@type\":\"Organization\",\"@id\":\"https:\/\/www.masella.com\/blog\/ca\/#organization\",\"name\":\"blog oficial de masella\",\"url\":\"https:\/\/www.masella.com\/blog\/ca\/\",\"logo\":{\"@type\":\"ImageObject\",\"inLanguage\":\"es\",\"@id\":\"https:\/\/www.masella.com\/blog\/ca\/#\/schema\/logo\/image\/\",\"url\":\"https:\/\/www.masella.com\/blog\/wp-content\/uploads\/2022\/12\/logo-masella-es-1.png\",\"contentUrl\":\"https:\/\/www.masella.com\/blog\/wp-content\/uploads\/2022\/12\/logo-masella-es-1.png\",\"width\":150,\"height\":88,\"caption\":\"blog oficial de masella\"},\"image\":{\"@id\":\"https:\/\/www.masella.com\/blog\/ca\/#\/schema\/logo\/image\/\"}},{\"@type\":\"Person\",\"@id\":\"https:\/\/www.masella.com\/blog\/ca\/#\/schema\/person\/e32b971f5be20790c591d85b8f1c706b\",\"name\":\"masella\",\"image\":{\"@type\":\"ImageObject\",\"inLanguage\":\"es\",\"@id\":\"https:\/\/www.masella.com\/blog\/ca\/#\/schema\/person\/image\/\",\"url\":\"https:\/\/secure.gravatar.com\/avatar\/57590b1151eaa410a783e55768bbbba2?s=96&d=mm&r=g\",\"contentUrl\":\"https:\/\/secure.gravatar.com\/avatar\/57590b1151eaa410a783e55768bbbba2?s=96&d=mm&r=g\",\"caption\":\"masella\"},\"url\":\"https:\/\/www.masella.com\/blog\/es\/author\/anna\/\"}]}<\/script>\n<!-- \/ Yoast SEO plugin. -->","yoast_head_json":{"title":"ESQUIA PARA LA MARAT\u00d3 DE TV3 - blog oficial de masella","robots":{"index":"index","follow":"follow","max-snippet":"max-snippet:-1","max-image-preview":"max-image-preview:large","max-video-preview":"max-video-preview:-1"},"canonical":"https:\/\/www.masella.com\/blog\/es\/esquia-per-a-la-marato-de-tv3\/","og_locale":"es_ES","og_type":"article","og_title":"ESQUIA PARA LA MARAT\u00d3 DE TV3 - blog oficial de masella","og_description":"El pr\u00f3ximo domingo 13 de diciembre Masella celebrar\u00e1 una bajada solidaria\u00a0cronometrada para colaborar con La Marat\u00f3 de TV3. La bajada,","og_url":"https:\/\/www.masella.com\/blog\/es\/esquia-per-a-la-marato-de-tv3\/","og_site_name":"blog oficial de masella","article_published_time":"2015-12-08T16:08:29+00:00","article_modified_time":"2022-06-01T06:40:08+00:00","og_image":[{"width":800,"height":600,"url":"https:\/\/www.masella.com\/blog\/wp-content\/uploads\/2015\/12\/marato1.jpg","type":"image\/jpeg"}],"author":"masella","twitter_card":"summary_large_image","twitter_misc":{"Escrito por":"masella","Tiempo de lectura":"1 minuto"},"schema":{"@context":"https:\/\/schema.org","@graph":[{"@type":"Article","@id":"https:\/\/www.masella.com\/blog\/es\/esquia-per-a-la-marato-de-tv3\/#article","isPartOf":{"@id":"https:\/\/www.masella.com\/blog\/es\/esquia-per-a-la-marato-de-tv3\/"},"author":{"name":"masella","@id":"https:\/\/www.masella.com\/blog\/ca\/#\/schema\/person\/e32b971f5be20790c591d85b8f1c706b"},"headline":"ESQUIA PARA LA MARAT\u00d3 DE TV3","datePublished":"2015-12-08T16:08:29+00:00","dateModified":"2022-06-01T06:40:08+00:00","mainEntityOfPage":{"@id":"https:\/\/www.masella.com\/blog\/es\/esquia-per-a-la-marato-de-tv3\/"},"wordCount":154,"publisher":{"@id":"https:\/\/www.masella.com\/blog\/ca\/#organization"},"articleSection":["Actualitat","Eventos"],"inLanguage":"es"},{"@type":"WebPage","@id":"https:\/\/www.masella.com\/blog\/es\/esquia-per-a-la-marato-de-tv3\/","url":"https:\/\/www.masella.com\/blog\/es\/esquia-per-a-la-marato-de-tv3\/","name":"ESQUIA PARA LA MARAT\u00d3 DE TV3 - blog oficial de masella","isPartOf":{"@id":"https:\/\/www.masella.com\/blog\/ca\/#website"},"datePublished":"2015-12-08T16:08:29+00:00","dateModified":"2022-06-01T06:40:08+00:00","breadcrumb":{"@id":"https:\/\/www.masella.com\/blog\/es\/esquia-per-a-la-marato-de-tv3\/#breadcrumb"},"inLanguage":"es","potentialAction":[{"@type":"ReadAction","target":["https:\/\/www.masella.com\/blog\/es\/esquia-per-a-la-marato-de-tv3\/"]}]},{"@type":"BreadcrumbList","@id":"https:\/\/www.masella.com\/blog\/es\/esquia-per-a-la-marato-de-tv3\/#breadcrumb","itemListElement":[{"@type":"ListItem","position":1,"name":"Portada","item":"https:\/\/www.masella.com\/blog\/ca\/"},{"@type":"ListItem","position":2,"name":"ESQUIA PARA LA MARAT\u00d3 DE TV3"}]},{"@type":"WebSite","@id":"https:\/\/www.masella.com\/blog\/ca\/#website","url":"https:\/\/www.masella.com\/blog\/ca\/","name":"blog oficial de masella","description":"","publisher":{"@id":"https:\/\/www.masella.com\/blog\/ca\/#organization"},"potentialAction":[{"@type":"SearchAction","target":{"@type":"EntryPoint","urlTemplate":"https:\/\/www.masella.com\/blog\/ca\/?s={search_term_string}"},"query-input":"required name=search_term_string"}],"inLanguage":"es"},{"@type":"Organization","@id":"https:\/\/www.masella.com\/blog\/ca\/#organization","name":"blog oficial de masella","url":"https:\/\/www.masella.com\/blog\/ca\/","logo":{"@type":"ImageObject","inLanguage":"es","@id":"https:\/\/www.masella.com\/blog\/ca\/#\/schema\/logo\/image\/","url":"https:\/\/www.masella.com\/blog\/wp-content\/uploads\/2022\/12\/logo-masella-es-1.png","contentUrl":"https:\/\/www.masella.com\/blog\/wp-content\/uploads\/2022\/12\/logo-masella-es-1.png","width":150,"height":88,"caption":"blog oficial de masella"},"image":{"@id":"https:\/\/www.masella.com\/blog\/ca\/#\/schema\/logo\/image\/"}},{"@type":"Person","@id":"https:\/\/www.masella.com\/blog\/ca\/#\/schema\/person\/e32b971f5be20790c591d85b8f1c706b","name":"masella","image":{"@type":"ImageObject","inLanguage":"es","@id":"https:\/\/www.masella.com\/blog\/ca\/#\/schema\/person\/image\/","url":"https:\/\/secure.gravatar.com\/avatar\/57590b1151eaa410a783e55768bbbba2?s=96&d=mm&r=g","contentUrl":"https:\/\/secure.gravatar.com\/avatar\/57590b1151eaa410a783e55768bbbba2?s=96&d=mm&r=g","caption":"masella"},"url":"https:\/\/www.masella.com\/blog\/es\/author\/anna\/"}]}},"_links":{"self":[{"href":"https:\/\/www.masella.com\/blog\/es\/wp-json\/wp\/v2\/posts\/244"}],"collection":[{"href":"https:\/\/www.masella.com\/blog\/es\/wp-json\/wp\/v2\/posts"}],"about":[{"href":"https:\/\/www.masella.com\/blog\/es\/wp-json\/wp\/v2\/types\/post"}],"author":[{"embeddable":true,"href":"https:\/\/www.masella.com\/blog\/es\/wp-json\/wp\/v2\/users\/4"}],"replies":[{"embeddable":true,"href":"https:\/\/www.masella.com\/blog\/es\/wp-json\/wp\/v2\/comments?post=244"}],"version-history":[{"count":3,"href":"https:\/\/www.masella.com\/blog\/es\/wp-json\/wp\/v2\/posts\/244\/revisions"}],"predecessor-version":[{"id":247,"href":"https:\/\/www.masella.com\/blog\/es\/wp-json\/wp\/v2\/posts\/244\/revisions\/247"}],"wp:featuredmedia":[{"embeddable":true,"href":"https:\/\/www.masella.com\/blog\/es\/wp-json\/wp\/v2\/media\/237"}],"wp:attachment":[{"href":"https:\/\/www.masella.com\/blog\/es\/wp-json\/wp\/v2\/media?parent=244"}],"wp:term":[{"taxonomy":"category","embeddable":true,"href":"https:\/\/www.masella.com\/blog\/es\/wp-json\/wp\/v2\/categories?post=244"},{"taxonomy":"post_tag","embeddable":true,"href":"https:\/\/www.masella.com\/blog\/es\/wp-json\/wp\/v2\/tags?post=244"}],"curies":[{"name":"wp","href":"https:\/\/api.w.org\/{rel}","templated":true}]}}