{"id":2695,"date":"2017-11-22T11:18:40","date_gmt":"2017-11-22T11:18:40","guid":{"rendered":"http:\/\/www.masella.com\/blog\/?p=2695"},"modified":"2022-06-01T06:35:08","modified_gmt":"2022-06-01T06:35:08","slug":"masella-celebra-los-50-anos","status":"publish","type":"post","link":"https:\/\/www.masella.com\/blog\/es\/masella-celebra-los-50-anos\/","title":{"rendered":"MASELLA CELEBRA LOS 50 A\u00d1OS"},"content":{"rendered":"<p><a href=\"http:\/\/www.masella.com\/blog\/wp-content\/uploads\/2017\/11\/P2690579retallat.jpg\"><img loading=\"lazy\" decoding=\"async\" class=\"alignnone wp-image-2692\" src=\"http:\/\/www.masella.com\/blog\/wp-content\/uploads\/2017\/11\/P2690579retallat.jpg\" alt=\"\" width=\"225\" height=\"225\" srcset=\"https:\/\/www.masella.com\/blog\/wp-content\/uploads\/2017\/11\/P2690579retallat.jpg 1512w, https:\/\/www.masella.com\/blog\/wp-content\/uploads\/2017\/11\/P2690579retallat-150x150.jpg 150w, https:\/\/www.masella.com\/blog\/wp-content\/uploads\/2017\/11\/P2690579retallat-300x300.jpg 300w, https:\/\/www.masella.com\/blog\/wp-content\/uploads\/2017\/11\/P2690579retallat-768x768.jpg 768w, https:\/\/www.masella.com\/blog\/wp-content\/uploads\/2017\/11\/P2690579retallat-1024x1024.jpg 1024w\" sizes=\"(max-width: 225px) 100vw, 225px\" \/><\/a><\/p>\n<p>Esta temporada 2017-18 Masella celebra su 50.\u00ba cumplea\u00f1os. El objetivo de la estaci\u00f3n, a lo largo de su historia, ha sido doble. Por una parte, que el esquiador se lo pasara bien y, por otra, que la estaci\u00f3n generara riqueza y empleo en la Cerda\u00f1a. La posici\u00f3n actual de liderazgo de Masella entre las estaciones de esqu\u00ed de los Pirineos y su importancia en el tejido socioecon\u00f3mico sardan\u00e9s son muestra de que el esfuerzo y la tenacidad de los socios que cofundaron la estaci\u00f3n en la temporada 1967-68 no fueron en vano. Esta historia de \u00e9xito colectivo se ha alcanzado con la participaci\u00f3n de todos los agentes de la Cerda\u00f1a, con el esfuerzo de todo el equipo humano de la estaci\u00f3n, con la inversi\u00f3n permanente de los beneficios en mejoras para el dominio esquiable y, finalmente, con apuestas innovadoras. Y todo que esto se ha logrado en un sector econ\u00f3mico, el del turismo de nieve, bastante complicado en nuestro pa\u00eds. Sin embargo, la apuesta permanente por una red moderna de nieve producida que garantiza su disponibilidad, la oferta de productos diferenciados, como el esqu\u00ed nocturno, y unas instalaciones modernas, han hecho de Masella una estaci\u00f3n puntera. Ahora, para celebrarlo, queremos que los esquiadores se\u00e1is los protagonistas de los 50 a\u00f1os de Masella.<\/p>\n<p>Xavier Nolla &#8211; <strong>Director<\/strong><\/p>\n","protected":false},"excerpt":{"rendered":"<p>Esta temporada 2017-18 Masella celebra su 50.\u00ba cumplea\u00f1os. El objetivo de la estaci\u00f3n, a lo largo de su historia, ha<\/p>\n","protected":false},"author":4,"featured_media":2693,"comment_status":"closed","ping_status":"open","sticky":false,"template":"","format":"standard","meta":{"footnotes":""},"categories":[20,16,37,36],"tags":[],"yoast_head":"<!-- This site is optimized with the Yoast SEO plugin v21.5 - https:\/\/yoast.com\/wordpress\/plugins\/seo\/ -->\n<title>MASELLA CELEBRA LOS 50 A\u00d1OS - blog oficial de masella<\/title>\n<meta name=\"robots\" content=\"index, follow, max-snippet:-1, max-image-preview:large, max-video-preview:-1\" \/>\n<link rel=\"canonical\" href=\"https:\/\/www.masella.com\/blog\/es\/masella-celebra-los-50-anos\/\" \/>\n<meta property=\"og:locale\" content=\"es_ES\" \/>\n<meta property=\"og:type\" content=\"article\" \/>\n<meta property=\"og:title\" content=\"MASELLA CELEBRA LOS 50 A\u00d1OS - blog oficial de masella\" \/>\n<meta property=\"og:description\" content=\"Esta temporada 2017-18 Masella celebra su 50.\u00ba cumplea\u00f1os. El objetivo de la estaci\u00f3n, a lo largo de su historia, ha\" \/>\n<meta property=\"og:url\" content=\"https:\/\/www.masella.com\/blog\/es\/masella-celebra-los-50-anos\/\" \/>\n<meta property=\"og:site_name\" content=\"blog oficial de masella\" \/>\n<meta property=\"article:published_time\" content=\"2017-11-22T11:18:40+00:00\" \/>\n<meta property=\"article:modified_time\" content=\"2022-06-01T06:35:08+00:00\" \/>\n<meta property=\"og:image\" content=\"https:\/\/www.masella.com\/blog\/wp-content\/uploads\/2017\/11\/Ts1.jpg\" \/>\n\t<meta property=\"og:image:width\" content=\"1200\" \/>\n\t<meta property=\"og:image:height\" content=\"800\" \/>\n\t<meta property=\"og:image:type\" content=\"image\/jpeg\" \/>\n<meta name=\"author\" content=\"masella\" \/>\n<meta name=\"twitter:card\" content=\"summary_large_image\" \/>\n<meta name=\"twitter:label1\" content=\"Escrito por\" \/>\n\t<meta name=\"twitter:data1\" content=\"masella\" \/>\n\t<meta name=\"twitter:label2\" content=\"Tiempo de lectura\" \/>\n\t<meta name=\"twitter:data2\" content=\"1 minuto\" \/>\n<script type=\"application\/ld+json\" class=\"yoast-schema-graph\">{\"@context\":\"https:\/\/schema.org\",\"@graph\":[{\"@type\":\"Article\",\"@id\":\"https:\/\/www.masella.com\/blog\/es\/masella-celebra-los-50-anos\/#article\",\"isPartOf\":{\"@id\":\"https:\/\/www.masella.com\/blog\/es\/masella-celebra-los-50-anos\/\"},\"author\":{\"name\":\"masella\",\"@id\":\"https:\/\/www.masella.com\/blog\/ca\/#\/schema\/person\/e32b971f5be20790c591d85b8f1c706b\"},\"headline\":\"MASELLA CELEBRA LOS 50 A\u00d1OS\",\"datePublished\":\"2017-11-22T11:18:40+00:00\",\"dateModified\":\"2022-06-01T06:35:08+00:00\",\"mainEntityOfPage\":{\"@id\":\"https:\/\/www.masella.com\/blog\/es\/masella-celebra-los-50-anos\/\"},\"wordCount\":236,\"publisher\":{\"@id\":\"https:\/\/www.masella.com\/blog\/ca\/#organization\"},\"articleSection\":[\"Actualidad\",\"Eventos\",\"Monta\u00f1a\",\"Muntanya\"],\"inLanguage\":\"es\"},{\"@type\":\"WebPage\",\"@id\":\"https:\/\/www.masella.com\/blog\/es\/masella-celebra-los-50-anos\/\",\"url\":\"https:\/\/www.masella.com\/blog\/es\/masella-celebra-los-50-anos\/\",\"name\":\"MASELLA CELEBRA LOS 50 A\u00d1OS - blog oficial de masella\",\"isPartOf\":{\"@id\":\"https:\/\/www.masella.com\/blog\/ca\/#website\"},\"datePublished\":\"2017-11-22T11:18:40+00:00\",\"dateModified\":\"2022-06-01T06:35:08+00:00\",\"breadcrumb\":{\"@id\":\"https:\/\/www.masella.com\/blog\/es\/masella-celebra-los-50-anos\/#breadcrumb\"},\"inLanguage\":\"es\",\"potentialAction\":[{\"@type\":\"ReadAction\",\"target\":[\"https:\/\/www.masella.com\/blog\/es\/masella-celebra-los-50-anos\/\"]}]},{\"@type\":\"BreadcrumbList\",\"@id\":\"https:\/\/www.masella.com\/blog\/es\/masella-celebra-los-50-anos\/#breadcrumb\",\"itemListElement\":[{\"@type\":\"ListItem\",\"position\":1,\"name\":\"Portada\",\"item\":\"https:\/\/www.masella.com\/blog\/ca\/\"},{\"@type\":\"ListItem\",\"position\":2,\"name\":\"MASELLA CELEBRA LOS 50 A\u00d1OS\"}]},{\"@type\":\"WebSite\",\"@id\":\"https:\/\/www.masella.com\/blog\/ca\/#website\",\"url\":\"https:\/\/www.masella.com\/blog\/ca\/\",\"name\":\"blog oficial de masella\",\"description\":\"\",\"publisher\":{\"@id\":\"https:\/\/www.masella.com\/blog\/ca\/#organization\"},\"potentialAction\":[{\"@type\":\"SearchAction\",\"target\":{\"@type\":\"EntryPoint\",\"urlTemplate\":\"https:\/\/www.masella.com\/blog\/ca\/?s={search_term_string}\"},\"query-input\":\"required name=search_term_string\"}],\"inLanguage\":\"es\"},{\"@type\":\"Organization\",\"@id\":\"https:\/\/www.masella.com\/blog\/ca\/#organization\",\"name\":\"blog oficial de masella\",\"url\":\"https:\/\/www.masella.com\/blog\/ca\/\",\"logo\":{\"@type\":\"ImageObject\",\"inLanguage\":\"es\",\"@id\":\"https:\/\/www.masella.com\/blog\/ca\/#\/schema\/logo\/image\/\",\"url\":\"https:\/\/www.masella.com\/blog\/wp-content\/uploads\/2022\/12\/logo-masella-es-1.png\",\"contentUrl\":\"https:\/\/www.masella.com\/blog\/wp-content\/uploads\/2022\/12\/logo-masella-es-1.png\",\"width\":150,\"height\":88,\"caption\":\"blog oficial de masella\"},\"image\":{\"@id\":\"https:\/\/www.masella.com\/blog\/ca\/#\/schema\/logo\/image\/\"}},{\"@type\":\"Person\",\"@id\":\"https:\/\/www.masella.com\/blog\/ca\/#\/schema\/person\/e32b971f5be20790c591d85b8f1c706b\",\"name\":\"masella\",\"image\":{\"@type\":\"ImageObject\",\"inLanguage\":\"es\",\"@id\":\"https:\/\/www.masella.com\/blog\/ca\/#\/schema\/person\/image\/\",\"url\":\"https:\/\/secure.gravatar.com\/avatar\/57590b1151eaa410a783e55768bbbba2?s=96&d=mm&r=g\",\"contentUrl\":\"https:\/\/secure.gravatar.com\/avatar\/57590b1151eaa410a783e55768bbbba2?s=96&d=mm&r=g\",\"caption\":\"masella\"},\"url\":\"https:\/\/www.masella.com\/blog\/es\/author\/anna\/\"}]}<\/script>\n<!-- \/ Yoast SEO plugin. -->","yoast_head_json":{"title":"MASELLA CELEBRA LOS 50 A\u00d1OS - blog oficial de masella","robots":{"index":"index","follow":"follow","max-snippet":"max-snippet:-1","max-image-preview":"max-image-preview:large","max-video-preview":"max-video-preview:-1"},"canonical":"https:\/\/www.masella.com\/blog\/es\/masella-celebra-los-50-anos\/","og_locale":"es_ES","og_type":"article","og_title":"MASELLA CELEBRA LOS 50 A\u00d1OS - blog oficial de masella","og_description":"Esta temporada 2017-18 Masella celebra su 50.\u00ba cumplea\u00f1os. El objetivo de la estaci\u00f3n, a lo largo de su historia, ha","og_url":"https:\/\/www.masella.com\/blog\/es\/masella-celebra-los-50-anos\/","og_site_name":"blog oficial de masella","article_published_time":"2017-11-22T11:18:40+00:00","article_modified_time":"2022-06-01T06:35:08+00:00","og_image":[{"width":1200,"height":800,"url":"https:\/\/www.masella.com\/blog\/wp-content\/uploads\/2017\/11\/Ts1.jpg","type":"image\/jpeg"}],"author":"masella","twitter_card":"summary_large_image","twitter_misc":{"Escrito por":"masella","Tiempo de lectura":"1 minuto"},"schema":{"@context":"https:\/\/schema.org","@graph":[{"@type":"Article","@id":"https:\/\/www.masella.com\/blog\/es\/masella-celebra-los-50-anos\/#article","isPartOf":{"@id":"https:\/\/www.masella.com\/blog\/es\/masella-celebra-los-50-anos\/"},"author":{"name":"masella","@id":"https:\/\/www.masella.com\/blog\/ca\/#\/schema\/person\/e32b971f5be20790c591d85b8f1c706b"},"headline":"MASELLA CELEBRA LOS 50 A\u00d1OS","datePublished":"2017-11-22T11:18:40+00:00","dateModified":"2022-06-01T06:35:08+00:00","mainEntityOfPage":{"@id":"https:\/\/www.masella.com\/blog\/es\/masella-celebra-los-50-anos\/"},"wordCount":236,"publisher":{"@id":"https:\/\/www.masella.com\/blog\/ca\/#organization"},"articleSection":["Actualidad","Eventos","Monta\u00f1a","Muntanya"],"inLanguage":"es"},{"@type":"WebPage","@id":"https:\/\/www.masella.com\/blog\/es\/masella-celebra-los-50-anos\/","url":"https:\/\/www.masella.com\/blog\/es\/masella-celebra-los-50-anos\/","name":"MASELLA CELEBRA LOS 50 A\u00d1OS - blog oficial de masella","isPartOf":{"@id":"https:\/\/www.masella.com\/blog\/ca\/#website"},"datePublished":"2017-11-22T11:18:40+00:00","dateModified":"2022-06-01T06:35:08+00:00","breadcrumb":{"@id":"https:\/\/www.masella.com\/blog\/es\/masella-celebra-los-50-anos\/#breadcrumb"},"inLanguage":"es","potentialAction":[{"@type":"ReadAction","target":["https:\/\/www.masella.com\/blog\/es\/masella-celebra-los-50-anos\/"]}]},{"@type":"BreadcrumbList","@id":"https:\/\/www.masella.com\/blog\/es\/masella-celebra-los-50-anos\/#breadcrumb","itemListElement":[{"@type":"ListItem","position":1,"name":"Portada","item":"https:\/\/www.masella.com\/blog\/ca\/"},{"@type":"ListItem","position":2,"name":"MASELLA CELEBRA LOS 50 A\u00d1OS"}]},{"@type":"WebSite","@id":"https:\/\/www.masella.com\/blog\/ca\/#website","url":"https:\/\/www.masella.com\/blog\/ca\/","name":"blog oficial de masella","description":"","publisher":{"@id":"https:\/\/www.masella.com\/blog\/ca\/#organization"},"potentialAction":[{"@type":"SearchAction","target":{"@type":"EntryPoint","urlTemplate":"https:\/\/www.masella.com\/blog\/ca\/?s={search_term_string}"},"query-input":"required name=search_term_string"}],"inLanguage":"es"},{"@type":"Organization","@id":"https:\/\/www.masella.com\/blog\/ca\/#organization","name":"blog oficial de masella","url":"https:\/\/www.masella.com\/blog\/ca\/","logo":{"@type":"ImageObject","inLanguage":"es","@id":"https:\/\/www.masella.com\/blog\/ca\/#\/schema\/logo\/image\/","url":"https:\/\/www.masella.com\/blog\/wp-content\/uploads\/2022\/12\/logo-masella-es-1.png","contentUrl":"https:\/\/www.masella.com\/blog\/wp-content\/uploads\/2022\/12\/logo-masella-es-1.png","width":150,"height":88,"caption":"blog oficial de masella"},"image":{"@id":"https:\/\/www.masella.com\/blog\/ca\/#\/schema\/logo\/image\/"}},{"@type":"Person","@id":"https:\/\/www.masella.com\/blog\/ca\/#\/schema\/person\/e32b971f5be20790c591d85b8f1c706b","name":"masella","image":{"@type":"ImageObject","inLanguage":"es","@id":"https:\/\/www.masella.com\/blog\/ca\/#\/schema\/person\/image\/","url":"https:\/\/secure.gravatar.com\/avatar\/57590b1151eaa410a783e55768bbbba2?s=96&d=mm&r=g","contentUrl":"https:\/\/secure.gravatar.com\/avatar\/57590b1151eaa410a783e55768bbbba2?s=96&d=mm&r=g","caption":"masella"},"url":"https:\/\/www.masella.com\/blog\/es\/author\/anna\/"}]}},"_links":{"self":[{"href":"https:\/\/www.masella.com\/blog\/es\/wp-json\/wp\/v2\/posts\/2695"}],"collection":[{"href":"https:\/\/www.masella.com\/blog\/es\/wp-json\/wp\/v2\/posts"}],"about":[{"href":"https:\/\/www.masella.com\/blog\/es\/wp-json\/wp\/v2\/types\/post"}],"author":[{"embeddable":true,"href":"https:\/\/www.masella.com\/blog\/es\/wp-json\/wp\/v2\/users\/4"}],"replies":[{"embeddable":true,"href":"https:\/\/www.masella.com\/blog\/es\/wp-json\/wp\/v2\/comments?post=2695"}],"version-history":[{"count":1,"href":"https:\/\/www.masella.com\/blog\/es\/wp-json\/wp\/v2\/posts\/2695\/revisions"}],"predecessor-version":[{"id":2696,"href":"https:\/\/www.masella.com\/blog\/es\/wp-json\/wp\/v2\/posts\/2695\/revisions\/2696"}],"wp:featuredmedia":[{"embeddable":true,"href":"https:\/\/www.masella.com\/blog\/es\/wp-json\/wp\/v2\/media\/2693"}],"wp:attachment":[{"href":"https:\/\/www.masella.com\/blog\/es\/wp-json\/wp\/v2\/media?parent=2695"}],"wp:term":[{"taxonomy":"category","embeddable":true,"href":"https:\/\/www.masella.com\/blog\/es\/wp-json\/wp\/v2\/categories?post=2695"},{"taxonomy":"post_tag","embeddable":true,"href":"https:\/\/www.masella.com\/blog\/es\/wp-json\/wp\/v2\/tags?post=2695"}],"curies":[{"name":"wp","href":"https:\/\/api.w.org\/{rel}","templated":true}]}}