{"id":2786,"date":"2017-12-01T10:15:54","date_gmt":"2017-12-01T10:15:54","guid":{"rendered":"http:\/\/www.masella.com\/blog\/tosa-oberta\/"},"modified":"2022-06-01T06:34:52","modified_gmt":"2022-06-01T06:34:52","slug":"tosa-oberta","status":"publish","type":"post","link":"https:\/\/www.masella.com\/blog\/es\/tosa-oberta\/","title":{"rendered":"\u00a1TOSA ABIERTA!"},"content":{"rendered":"<p>Hoy nos hemos levantado con un paisaje blanco y t\u00edpicamente invernal. Adem\u00e1s, el fr\u00edo y la nieve producida durante los \u00faltimos d\u00edas nos permite dar una de las noticias m\u00e1s esperadas en Masella &#8230; <strong>ABRIMOS LA TOSA<\/strong> !!<\/p>\n<p>Hoy viernes, <strong>se ha abierto el telesqu\u00ed La Tosa<\/strong> y de cara al fin de semana p<strong>revemos abrir tanto el telesqu\u00ed Rasos como el telesilla Jumbo Tosa.<\/strong> Con respecto a las pistas abiertas de este sector, encontrar\u00e9is La Tosa Vermella y Panor\u00e0mica Superior.<\/p>\n<p>Adem\u00e1s, aparte del sector La Tosa, <strong>hoy hemos abierto ya el telesilla desembragable de seis plazas TGV<\/strong>, que da acceso a una serie de pistas azules y rojas ideales para los esquiadores de nivel intermedio.<\/p>\n<p><a href=\"http:\/\/www.masella.com\/blog\/wp-content\/uploads\/2017\/12\/001.jpg\"><img loading=\"lazy\" decoding=\"async\" class=\"alignnone wp-image-2782 size-large\" src=\"http:\/\/www.masella.com\/blog\/wp-content\/uploads\/2017\/12\/001-1024x768.jpg\" alt=\"\" width=\"800\" height=\"600\" srcset=\"https:\/\/www.masella.com\/blog\/wp-content\/uploads\/2017\/12\/001-1024x768.jpg 1024w, https:\/\/www.masella.com\/blog\/wp-content\/uploads\/2017\/12\/001-300x225.jpg 300w, https:\/\/www.masella.com\/blog\/wp-content\/uploads\/2017\/12\/001-768x576.jpg 768w, https:\/\/www.masella.com\/blog\/wp-content\/uploads\/2017\/12\/001.jpg 1066w\" sizes=\"(max-width: 800px) 100vw, 800px\" \/><\/a><\/p>\n<p>Con este incremento de remontes abiertos y kil\u00f3metros esquiables nos situamos pues en una situaci\u00f3n fant\u00e1stica de cara al puente de diciembre. Los esquiadores encontrar\u00e1n a partir de este fin de semana en Masella 10 remontes abiertos y un total de 25 kil\u00f3metros esquiables repartidos en 18 pistas.<\/p>\n<p>Abriremos el 100% del desnivel esquiable, as\u00ed ya se podr\u00e1 esquiar desde la cima de la Tosa-2535 m hasta el Pla de Masella-1600 m, realizando el 100% del desnivel esquiable, que representa el desnivel m\u00e1s importante del Pirineo de Girona.<\/p>\n<p>Concretando un poco m\u00e1s, la previsi\u00f3n para el fin de semana es abrir con:<\/p>\n<ul>\n<li>Espesores de nieve: <strong><u>30 a 40 cm de nieve polvo<\/u><\/strong><\/li>\n<li>Pistas:<strong> <u>19 pistas<\/u> <\/strong>( A las pistas ya abiertas le a\u00f1adiremos las siguientes <strong>rojas:<\/strong><strong>\u00a0Davallada, Esquirols, Central, Tosa Vermella, Panor\u00e0mica Superior<\/strong><strong>. Azules: La Plana Superior y Masovera. Verdes:<\/strong><strong>\u00a0Telecorda del Pla de Masella.<\/strong><\/li>\n<li>Remontes:<strong> <u>10 abiertos<\/u>\u00a0<\/strong>(Cinta de Pastors, Cinta de Pastorets, Telesilla de Coma Oriola, Telesilla TGV, Telesilla Jumbo Tosa, Telesqu\u00ed de Debutants de Coma Oriola, Telesqu\u00ed de la Tosa, Telesqu\u00ed de Rasos, Telesilla Masella Jet, Telecuerda del Pla de Masella).<\/li>\n<li><strong>Acceso a pistas: <u>Por Coma Oriola-1950 m y Pla de Masella-1600 m.<\/u><\/strong><\/li>\n<\/ul>\n<p>En el cas que dissabte 02\/12 les previsions de vent es confirmin es podria veure afectada alguna instal\u00b7laci\u00f3, sobretot en les cotes m\u00e9s altes de l&#8217;estaci\u00f3. Un cop passat l&#8217;episodi de tempestes de neu i vent previstes per aquest vespre de divendres i el mat\u00ed de dem\u00e0, dissabte, per a diumenge s&#8217;albira un dia estable, marcat pel sol i el vent en calma.<\/p>\n<p><iframe loading=\"lazy\" src=\"https:\/\/www.youtube.com\/embed\/z0qkOgdE8ag?rel=0\" width=\"560\" height=\"315\" frameborder=\"0\" allowfullscreen=\"allowfullscreen\"><\/iframe><\/p>\n<p>&nbsp;<\/p>\n","protected":false},"excerpt":{"rendered":"<p>Hoy nos hemos levantado con un paisaje blanco y t\u00edpicamente invernal. Adem\u00e1s, el fr\u00edo y la nieve producida durante los<\/p>\n","protected":false},"author":4,"featured_media":2781,"comment_status":"closed","ping_status":"open","sticky":false,"template":"","format":"standard","meta":{"footnotes":""},"categories":[20,28],"tags":[],"yoast_head":"<!-- This site is optimized with the Yoast SEO plugin v21.5 - https:\/\/yoast.com\/wordpress\/plugins\/seo\/ -->\n<title>\u00a1TOSA ABIERTA! - blog oficial de masella<\/title>\n<meta name=\"robots\" content=\"index, follow, max-snippet:-1, max-image-preview:large, max-video-preview:-1\" \/>\n<link rel=\"canonical\" href=\"https:\/\/www.masella.com\/blog\/es\/tosa-oberta\/\" \/>\n<meta property=\"og:locale\" content=\"es_ES\" \/>\n<meta property=\"og:type\" content=\"article\" \/>\n<meta property=\"og:title\" content=\"\u00a1TOSA ABIERTA! - blog oficial de masella\" \/>\n<meta property=\"og:description\" content=\"Hoy nos hemos levantado con un paisaje blanco y t\u00edpicamente invernal. Adem\u00e1s, el fr\u00edo y la nieve producida durante los\" \/>\n<meta property=\"og:url\" content=\"https:\/\/www.masella.com\/blog\/es\/tosa-oberta\/\" \/>\n<meta property=\"og:site_name\" content=\"blog oficial de masella\" \/>\n<meta property=\"article:published_time\" content=\"2017-12-01T10:15:54+00:00\" \/>\n<meta property=\"article:modified_time\" content=\"2022-06-01T06:34:52+00:00\" \/>\n<meta property=\"og:image\" content=\"https:\/\/www.masella.com\/blog\/wp-content\/uploads\/2017\/12\/0112_blog1.jpg\" \/>\n\t<meta property=\"og:image:width\" content=\"800\" \/>\n\t<meta property=\"og:image:height\" content=\"450\" \/>\n\t<meta property=\"og:image:type\" content=\"image\/jpeg\" \/>\n<meta name=\"author\" content=\"masella\" \/>\n<meta name=\"twitter:card\" content=\"summary_large_image\" \/>\n<meta name=\"twitter:label1\" content=\"Escrito por\" \/>\n\t<meta name=\"twitter:data1\" content=\"masella\" \/>\n\t<meta name=\"twitter:label2\" content=\"Tiempo de lectura\" \/>\n\t<meta name=\"twitter:data2\" content=\"2 minutos\" \/>\n<script type=\"application\/ld+json\" class=\"yoast-schema-graph\">{\"@context\":\"https:\/\/schema.org\",\"@graph\":[{\"@type\":\"Article\",\"@id\":\"https:\/\/www.masella.com\/blog\/es\/tosa-oberta\/#article\",\"isPartOf\":{\"@id\":\"https:\/\/www.masella.com\/blog\/es\/tosa-oberta\/\"},\"author\":{\"name\":\"masella\",\"@id\":\"https:\/\/www.masella.com\/blog\/ca\/#\/schema\/person\/e32b971f5be20790c591d85b8f1c706b\"},\"headline\":\"\u00a1TOSA ABIERTA!\",\"datePublished\":\"2017-12-01T10:15:54+00:00\",\"dateModified\":\"2022-06-01T06:34:52+00:00\",\"mainEntityOfPage\":{\"@id\":\"https:\/\/www.masella.com\/blog\/es\/tosa-oberta\/\"},\"wordCount\":388,\"publisher\":{\"@id\":\"https:\/\/www.masella.com\/blog\/ca\/#organization\"},\"articleSection\":[\"Actualidad\",\"Actualitat\"],\"inLanguage\":\"es\"},{\"@type\":\"WebPage\",\"@id\":\"https:\/\/www.masella.com\/blog\/es\/tosa-oberta\/\",\"url\":\"https:\/\/www.masella.com\/blog\/es\/tosa-oberta\/\",\"name\":\"\u00a1TOSA ABIERTA! - blog oficial de masella\",\"isPartOf\":{\"@id\":\"https:\/\/www.masella.com\/blog\/ca\/#website\"},\"datePublished\":\"2017-12-01T10:15:54+00:00\",\"dateModified\":\"2022-06-01T06:34:52+00:00\",\"breadcrumb\":{\"@id\":\"https:\/\/www.masella.com\/blog\/es\/tosa-oberta\/#breadcrumb\"},\"inLanguage\":\"es\",\"potentialAction\":[{\"@type\":\"ReadAction\",\"target\":[\"https:\/\/www.masella.com\/blog\/es\/tosa-oberta\/\"]}]},{\"@type\":\"BreadcrumbList\",\"@id\":\"https:\/\/www.masella.com\/blog\/es\/tosa-oberta\/#breadcrumb\",\"itemListElement\":[{\"@type\":\"ListItem\",\"position\":1,\"name\":\"Portada\",\"item\":\"https:\/\/www.masella.com\/blog\/ca\/\"},{\"@type\":\"ListItem\",\"position\":2,\"name\":\"\u00a1TOSA ABIERTA!\"}]},{\"@type\":\"WebSite\",\"@id\":\"https:\/\/www.masella.com\/blog\/ca\/#website\",\"url\":\"https:\/\/www.masella.com\/blog\/ca\/\",\"name\":\"blog oficial de masella\",\"description\":\"\",\"publisher\":{\"@id\":\"https:\/\/www.masella.com\/blog\/ca\/#organization\"},\"potentialAction\":[{\"@type\":\"SearchAction\",\"target\":{\"@type\":\"EntryPoint\",\"urlTemplate\":\"https:\/\/www.masella.com\/blog\/ca\/?s={search_term_string}\"},\"query-input\":\"required name=search_term_string\"}],\"inLanguage\":\"es\"},{\"@type\":\"Organization\",\"@id\":\"https:\/\/www.masella.com\/blog\/ca\/#organization\",\"name\":\"blog oficial de masella\",\"url\":\"https:\/\/www.masella.com\/blog\/ca\/\",\"logo\":{\"@type\":\"ImageObject\",\"inLanguage\":\"es\",\"@id\":\"https:\/\/www.masella.com\/blog\/ca\/#\/schema\/logo\/image\/\",\"url\":\"https:\/\/www.masella.com\/blog\/wp-content\/uploads\/2022\/12\/logo-masella-es-1.png\",\"contentUrl\":\"https:\/\/www.masella.com\/blog\/wp-content\/uploads\/2022\/12\/logo-masella-es-1.png\",\"width\":150,\"height\":88,\"caption\":\"blog oficial de masella\"},\"image\":{\"@id\":\"https:\/\/www.masella.com\/blog\/ca\/#\/schema\/logo\/image\/\"}},{\"@type\":\"Person\",\"@id\":\"https:\/\/www.masella.com\/blog\/ca\/#\/schema\/person\/e32b971f5be20790c591d85b8f1c706b\",\"name\":\"masella\",\"image\":{\"@type\":\"ImageObject\",\"inLanguage\":\"es\",\"@id\":\"https:\/\/www.masella.com\/blog\/ca\/#\/schema\/person\/image\/\",\"url\":\"https:\/\/secure.gravatar.com\/avatar\/57590b1151eaa410a783e55768bbbba2?s=96&d=mm&r=g\",\"contentUrl\":\"https:\/\/secure.gravatar.com\/avatar\/57590b1151eaa410a783e55768bbbba2?s=96&d=mm&r=g\",\"caption\":\"masella\"},\"url\":\"https:\/\/www.masella.com\/blog\/es\/author\/anna\/\"}]}<\/script>\n<!-- \/ Yoast SEO plugin. -->","yoast_head_json":{"title":"\u00a1TOSA ABIERTA! - blog oficial de masella","robots":{"index":"index","follow":"follow","max-snippet":"max-snippet:-1","max-image-preview":"max-image-preview:large","max-video-preview":"max-video-preview:-1"},"canonical":"https:\/\/www.masella.com\/blog\/es\/tosa-oberta\/","og_locale":"es_ES","og_type":"article","og_title":"\u00a1TOSA ABIERTA! - blog oficial de masella","og_description":"Hoy nos hemos levantado con un paisaje blanco y t\u00edpicamente invernal. Adem\u00e1s, el fr\u00edo y la nieve producida durante los","og_url":"https:\/\/www.masella.com\/blog\/es\/tosa-oberta\/","og_site_name":"blog oficial de masella","article_published_time":"2017-12-01T10:15:54+00:00","article_modified_time":"2022-06-01T06:34:52+00:00","og_image":[{"width":800,"height":450,"url":"https:\/\/www.masella.com\/blog\/wp-content\/uploads\/2017\/12\/0112_blog1.jpg","type":"image\/jpeg"}],"author":"masella","twitter_card":"summary_large_image","twitter_misc":{"Escrito por":"masella","Tiempo de lectura":"2 minutos"},"schema":{"@context":"https:\/\/schema.org","@graph":[{"@type":"Article","@id":"https:\/\/www.masella.com\/blog\/es\/tosa-oberta\/#article","isPartOf":{"@id":"https:\/\/www.masella.com\/blog\/es\/tosa-oberta\/"},"author":{"name":"masella","@id":"https:\/\/www.masella.com\/blog\/ca\/#\/schema\/person\/e32b971f5be20790c591d85b8f1c706b"},"headline":"\u00a1TOSA ABIERTA!","datePublished":"2017-12-01T10:15:54+00:00","dateModified":"2022-06-01T06:34:52+00:00","mainEntityOfPage":{"@id":"https:\/\/www.masella.com\/blog\/es\/tosa-oberta\/"},"wordCount":388,"publisher":{"@id":"https:\/\/www.masella.com\/blog\/ca\/#organization"},"articleSection":["Actualidad","Actualitat"],"inLanguage":"es"},{"@type":"WebPage","@id":"https:\/\/www.masella.com\/blog\/es\/tosa-oberta\/","url":"https:\/\/www.masella.com\/blog\/es\/tosa-oberta\/","name":"\u00a1TOSA ABIERTA! - blog oficial de masella","isPartOf":{"@id":"https:\/\/www.masella.com\/blog\/ca\/#website"},"datePublished":"2017-12-01T10:15:54+00:00","dateModified":"2022-06-01T06:34:52+00:00","breadcrumb":{"@id":"https:\/\/www.masella.com\/blog\/es\/tosa-oberta\/#breadcrumb"},"inLanguage":"es","potentialAction":[{"@type":"ReadAction","target":["https:\/\/www.masella.com\/blog\/es\/tosa-oberta\/"]}]},{"@type":"BreadcrumbList","@id":"https:\/\/www.masella.com\/blog\/es\/tosa-oberta\/#breadcrumb","itemListElement":[{"@type":"ListItem","position":1,"name":"Portada","item":"https:\/\/www.masella.com\/blog\/ca\/"},{"@type":"ListItem","position":2,"name":"\u00a1TOSA ABIERTA!"}]},{"@type":"WebSite","@id":"https:\/\/www.masella.com\/blog\/ca\/#website","url":"https:\/\/www.masella.com\/blog\/ca\/","name":"blog oficial de masella","description":"","publisher":{"@id":"https:\/\/www.masella.com\/blog\/ca\/#organization"},"potentialAction":[{"@type":"SearchAction","target":{"@type":"EntryPoint","urlTemplate":"https:\/\/www.masella.com\/blog\/ca\/?s={search_term_string}"},"query-input":"required name=search_term_string"}],"inLanguage":"es"},{"@type":"Organization","@id":"https:\/\/www.masella.com\/blog\/ca\/#organization","name":"blog oficial de masella","url":"https:\/\/www.masella.com\/blog\/ca\/","logo":{"@type":"ImageObject","inLanguage":"es","@id":"https:\/\/www.masella.com\/blog\/ca\/#\/schema\/logo\/image\/","url":"https:\/\/www.masella.com\/blog\/wp-content\/uploads\/2022\/12\/logo-masella-es-1.png","contentUrl":"https:\/\/www.masella.com\/blog\/wp-content\/uploads\/2022\/12\/logo-masella-es-1.png","width":150,"height":88,"caption":"blog oficial de masella"},"image":{"@id":"https:\/\/www.masella.com\/blog\/ca\/#\/schema\/logo\/image\/"}},{"@type":"Person","@id":"https:\/\/www.masella.com\/blog\/ca\/#\/schema\/person\/e32b971f5be20790c591d85b8f1c706b","name":"masella","image":{"@type":"ImageObject","inLanguage":"es","@id":"https:\/\/www.masella.com\/blog\/ca\/#\/schema\/person\/image\/","url":"https:\/\/secure.gravatar.com\/avatar\/57590b1151eaa410a783e55768bbbba2?s=96&d=mm&r=g","contentUrl":"https:\/\/secure.gravatar.com\/avatar\/57590b1151eaa410a783e55768bbbba2?s=96&d=mm&r=g","caption":"masella"},"url":"https:\/\/www.masella.com\/blog\/es\/author\/anna\/"}]}},"_links":{"self":[{"href":"https:\/\/www.masella.com\/blog\/es\/wp-json\/wp\/v2\/posts\/2786"}],"collection":[{"href":"https:\/\/www.masella.com\/blog\/es\/wp-json\/wp\/v2\/posts"}],"about":[{"href":"https:\/\/www.masella.com\/blog\/es\/wp-json\/wp\/v2\/types\/post"}],"author":[{"embeddable":true,"href":"https:\/\/www.masella.com\/blog\/es\/wp-json\/wp\/v2\/users\/4"}],"replies":[{"embeddable":true,"href":"https:\/\/www.masella.com\/blog\/es\/wp-json\/wp\/v2\/comments?post=2786"}],"version-history":[{"count":5,"href":"https:\/\/www.masella.com\/blog\/es\/wp-json\/wp\/v2\/posts\/2786\/revisions"}],"predecessor-version":[{"id":2792,"href":"https:\/\/www.masella.com\/blog\/es\/wp-json\/wp\/v2\/posts\/2786\/revisions\/2792"}],"wp:featuredmedia":[{"embeddable":true,"href":"https:\/\/www.masella.com\/blog\/es\/wp-json\/wp\/v2\/media\/2781"}],"wp:attachment":[{"href":"https:\/\/www.masella.com\/blog\/es\/wp-json\/wp\/v2\/media?parent=2786"}],"wp:term":[{"taxonomy":"category","embeddable":true,"href":"https:\/\/www.masella.com\/blog\/es\/wp-json\/wp\/v2\/categories?post=2786"},{"taxonomy":"post_tag","embeddable":true,"href":"https:\/\/www.masella.com\/blog\/es\/wp-json\/wp\/v2\/tags?post=2786"}],"curies":[{"name":"wp","href":"https:\/\/api.w.org\/{rel}","templated":true}]}}