{"id":2950,"date":"2017-12-26T16:14:31","date_gmt":"2017-12-26T16:14:31","guid":{"rendered":"http:\/\/www.masella.com\/blog\/?p=2950"},"modified":"2022-06-01T06:33:54","modified_gmt":"2022-06-01T06:33:54","slug":"becas-estudio-fundacion-privada-bosch-y-aymerich-para-los-estudiantes-cerdanya","status":"publish","type":"post","link":"https:\/\/www.masella.com\/blog\/es\/becas-estudio-fundacion-privada-bosch-y-aymerich-para-los-estudiantes-cerdanya\/","title":{"rendered":"BECAS-ESTUDIO DE LA FUNDACI\u00d3N PRIVADA BOSCH Y AYMERICH PARA LOS ESTUDIANTES DE CERDANYA"},"content":{"rendered":"<p>Se abre la convocatoria de la segunda edici\u00f3n de las becas-estudio de la Fundaci\u00f3n Privada Bosch y Aymerich destinadas a los j\u00f3venes estudiantes de la Cerdanya. En la presente edici\u00f3n hay dos tipos de becas:<\/p>\n<p><strong>Becas para estudios de Ciclos formativos de grado medio o superior o de los estudios universitarios de grado<\/strong> destinadas a estudiantes de Alp, Das y Ur\u00fas, que son los municipios del dominio esquiable de Masella.<\/p>\n<p><strong>Becas para estudios de Postgrado (Masters y Doctorados)<\/strong> destinadas a estudiantes de cualquier municipio de la Cerdanya.<\/p>\n<p><strong>DESCARGAR<\/strong> las bases clicando <a href=\"http:\/\/www.masella.com\/uploads\/tinymce\/20171210%20Bases%20Segona%20Edici%C3%B3%20Beques%20Fundaci%C3%B3%20Privada%20Bosch%20Aymerich_3.pdf\" target=\"_blank\" rel=\"noopener\">AQU\u00cd<\/a><\/p>\n<p><strong>DESCARGAR<\/strong> el formulario clicando <a href=\"http:\/\/www.masella.com\/uploads\/tinymce\/20171210%20Formulari%20solicitud%20beques%20-%20Segona%20edici%C3%B3.pdf\" target=\"_blank\" rel=\"noopener\">AQU\u00cd<\/a><\/p>\n<p><a href=\"http:\/\/www.masella.com\/blog\/wp-content\/uploads\/2017\/12\/001H.jpg\"><img loading=\"lazy\" decoding=\"async\" class=\"alignnone size-full wp-image-2947\" src=\"http:\/\/www.masella.com\/blog\/wp-content\/uploads\/2017\/12\/001H.jpg\" alt=\"\" width=\"2000\" height=\"640\" srcset=\"https:\/\/www.masella.com\/blog\/wp-content\/uploads\/2017\/12\/001H.jpg 2000w, https:\/\/www.masella.com\/blog\/wp-content\/uploads\/2017\/12\/001H-300x96.jpg 300w, https:\/\/www.masella.com\/blog\/wp-content\/uploads\/2017\/12\/001H-768x246.jpg 768w, https:\/\/www.masella.com\/blog\/wp-content\/uploads\/2017\/12\/001H-1024x328.jpg 1024w\" sizes=\"(max-width: 2000px) 100vw, 2000px\" \/><\/a><\/p>\n<p>El objetivo de las becas es fomentar la formaci\u00f3n con ayudas econ\u00f3micas para los j\u00f3venes de la comarca de la Cerdanya. El importe entregado de las becas, gracias a la colaboraci\u00f3n de la Fundaci\u00f3n Privada Bosch y Aymerich, la Fundaci\u00f3n Bancaria \u00abla Caixa\u00bb y Masella, ser\u00e1 de 40.000 \u20ac. Con las becas se quiere garantizar la formaci\u00f3n de profesionales competentes que en el futuro ser\u00e1n el mejor activo para la comarca. La Fundaci\u00f3n Privada Bosch y Aymerich quiere hacer patente con estas becas su compromiso con el territorio y su desarrollo de cara al futuro. La intenci\u00f3n de la Fundaci\u00f3n es seguir apostando por el territorio directamente a trav\u00e9s de sus empresas y, indirectamente, a trav\u00e9s de su actividad fundacional.<\/p>\n","protected":false},"excerpt":{"rendered":"<p>Se abre la convocatoria de la segunda edici\u00f3n de las becas-estudio de la Fundaci\u00f3n Privada Bosch y Aymerich destinadas a<\/p>\n","protected":false},"author":4,"featured_media":2953,"comment_status":"closed","ping_status":"open","sticky":false,"template":"","format":"standard","meta":{"footnotes":""},"categories":[20,28,16,52,53],"tags":[],"yoast_head":"<!-- This site is optimized with the Yoast SEO plugin v21.5 - https:\/\/yoast.com\/wordpress\/plugins\/seo\/ -->\n<title>BECAS-ESTUDIO DE LA FUNDACI\u00d3N PRIVADA BOSCH Y AYMERICH PARA LOS ESTUDIANTES DE CERDANYA - blog oficial de masella<\/title>\n<meta name=\"robots\" content=\"index, follow, max-snippet:-1, max-image-preview:large, max-video-preview:-1\" \/>\n<link rel=\"canonical\" href=\"https:\/\/www.masella.com\/blog\/es\/becas-estudio-fundacion-privada-bosch-y-aymerich-para-los-estudiantes-cerdanya\/\" \/>\n<meta property=\"og:locale\" content=\"es_ES\" \/>\n<meta property=\"og:type\" content=\"article\" \/>\n<meta property=\"og:title\" content=\"BECAS-ESTUDIO DE LA FUNDACI\u00d3N PRIVADA BOSCH Y AYMERICH PARA LOS ESTUDIANTES DE CERDANYA - blog oficial de masella\" \/>\n<meta property=\"og:description\" content=\"Se abre la convocatoria de la segunda edici\u00f3n de las becas-estudio de la Fundaci\u00f3n Privada Bosch y Aymerich destinadas a\" \/>\n<meta property=\"og:url\" content=\"https:\/\/www.masella.com\/blog\/es\/becas-estudio-fundacion-privada-bosch-y-aymerich-para-los-estudiantes-cerdanya\/\" \/>\n<meta property=\"og:site_name\" content=\"blog oficial de masella\" \/>\n<meta property=\"article:published_time\" content=\"2017-12-26T16:14:31+00:00\" \/>\n<meta property=\"article:modified_time\" content=\"2022-06-01T06:33:54+00:00\" \/>\n<meta property=\"og:image\" content=\"https:\/\/www.masella.com\/blog\/wp-content\/uploads\/2017\/12\/Entrada.jpg\" \/>\n\t<meta property=\"og:image:width\" content=\"4000\" \/>\n\t<meta property=\"og:image:height\" content=\"2223\" \/>\n\t<meta property=\"og:image:type\" content=\"image\/jpeg\" \/>\n<meta name=\"author\" content=\"masella\" \/>\n<meta name=\"twitter:card\" content=\"summary_large_image\" \/>\n<meta name=\"twitter:label1\" content=\"Escrito por\" \/>\n\t<meta name=\"twitter:data1\" content=\"masella\" \/>\n\t<meta name=\"twitter:label2\" content=\"Tiempo de lectura\" \/>\n\t<meta name=\"twitter:data2\" content=\"1 minuto\" \/>\n<script type=\"application\/ld+json\" class=\"yoast-schema-graph\">{\"@context\":\"https:\/\/schema.org\",\"@graph\":[{\"@type\":\"Article\",\"@id\":\"https:\/\/www.masella.com\/blog\/es\/becas-estudio-fundacion-privada-bosch-y-aymerich-para-los-estudiantes-cerdanya\/#article\",\"isPartOf\":{\"@id\":\"https:\/\/www.masella.com\/blog\/es\/becas-estudio-fundacion-privada-bosch-y-aymerich-para-los-estudiantes-cerdanya\/\"},\"author\":{\"name\":\"masella\",\"@id\":\"https:\/\/www.masella.com\/blog\/ca\/#\/schema\/person\/e32b971f5be20790c591d85b8f1c706b\"},\"headline\":\"BECAS-ESTUDIO DE LA FUNDACI\u00d3N PRIVADA BOSCH Y AYMERICH PARA LOS ESTUDIANTES DE CERDANYA\",\"datePublished\":\"2017-12-26T16:14:31+00:00\",\"dateModified\":\"2022-06-01T06:33:54+00:00\",\"mainEntityOfPage\":{\"@id\":\"https:\/\/www.masella.com\/blog\/es\/becas-estudio-fundacion-privada-bosch-y-aymerich-para-los-estudiantes-cerdanya\/\"},\"wordCount\":247,\"publisher\":{\"@id\":\"https:\/\/www.masella.com\/blog\/ca\/#organization\"},\"articleSection\":[\"Actualidad\",\"Actualitat\",\"Eventos\",\"Formaci\u00f3\",\"Formaci\u00f3n\"],\"inLanguage\":\"es\"},{\"@type\":\"WebPage\",\"@id\":\"https:\/\/www.masella.com\/blog\/es\/becas-estudio-fundacion-privada-bosch-y-aymerich-para-los-estudiantes-cerdanya\/\",\"url\":\"https:\/\/www.masella.com\/blog\/es\/becas-estudio-fundacion-privada-bosch-y-aymerich-para-los-estudiantes-cerdanya\/\",\"name\":\"BECAS-ESTUDIO DE LA FUNDACI\u00d3N PRIVADA BOSCH Y AYMERICH PARA LOS ESTUDIANTES DE CERDANYA - blog oficial de masella\",\"isPartOf\":{\"@id\":\"https:\/\/www.masella.com\/blog\/ca\/#website\"},\"datePublished\":\"2017-12-26T16:14:31+00:00\",\"dateModified\":\"2022-06-01T06:33:54+00:00\",\"breadcrumb\":{\"@id\":\"https:\/\/www.masella.com\/blog\/es\/becas-estudio-fundacion-privada-bosch-y-aymerich-para-los-estudiantes-cerdanya\/#breadcrumb\"},\"inLanguage\":\"es\",\"potentialAction\":[{\"@type\":\"ReadAction\",\"target\":[\"https:\/\/www.masella.com\/blog\/es\/becas-estudio-fundacion-privada-bosch-y-aymerich-para-los-estudiantes-cerdanya\/\"]}]},{\"@type\":\"BreadcrumbList\",\"@id\":\"https:\/\/www.masella.com\/blog\/es\/becas-estudio-fundacion-privada-bosch-y-aymerich-para-los-estudiantes-cerdanya\/#breadcrumb\",\"itemListElement\":[{\"@type\":\"ListItem\",\"position\":1,\"name\":\"Portada\",\"item\":\"https:\/\/www.masella.com\/blog\/ca\/\"},{\"@type\":\"ListItem\",\"position\":2,\"name\":\"BECAS-ESTUDIO DE LA FUNDACI\u00d3N PRIVADA BOSCH Y AYMERICH PARA LOS ESTUDIANTES DE CERDANYA\"}]},{\"@type\":\"WebSite\",\"@id\":\"https:\/\/www.masella.com\/blog\/ca\/#website\",\"url\":\"https:\/\/www.masella.com\/blog\/ca\/\",\"name\":\"blog oficial de masella\",\"description\":\"\",\"publisher\":{\"@id\":\"https:\/\/www.masella.com\/blog\/ca\/#organization\"},\"potentialAction\":[{\"@type\":\"SearchAction\",\"target\":{\"@type\":\"EntryPoint\",\"urlTemplate\":\"https:\/\/www.masella.com\/blog\/ca\/?s={search_term_string}\"},\"query-input\":\"required name=search_term_string\"}],\"inLanguage\":\"es\"},{\"@type\":\"Organization\",\"@id\":\"https:\/\/www.masella.com\/blog\/ca\/#organization\",\"name\":\"blog oficial de masella\",\"url\":\"https:\/\/www.masella.com\/blog\/ca\/\",\"logo\":{\"@type\":\"ImageObject\",\"inLanguage\":\"es\",\"@id\":\"https:\/\/www.masella.com\/blog\/ca\/#\/schema\/logo\/image\/\",\"url\":\"https:\/\/www.masella.com\/blog\/wp-content\/uploads\/2022\/12\/logo-masella-es-1.png\",\"contentUrl\":\"https:\/\/www.masella.com\/blog\/wp-content\/uploads\/2022\/12\/logo-masella-es-1.png\",\"width\":150,\"height\":88,\"caption\":\"blog oficial de masella\"},\"image\":{\"@id\":\"https:\/\/www.masella.com\/blog\/ca\/#\/schema\/logo\/image\/\"}},{\"@type\":\"Person\",\"@id\":\"https:\/\/www.masella.com\/blog\/ca\/#\/schema\/person\/e32b971f5be20790c591d85b8f1c706b\",\"name\":\"masella\",\"image\":{\"@type\":\"ImageObject\",\"inLanguage\":\"es\",\"@id\":\"https:\/\/www.masella.com\/blog\/ca\/#\/schema\/person\/image\/\",\"url\":\"https:\/\/secure.gravatar.com\/avatar\/57590b1151eaa410a783e55768bbbba2?s=96&d=mm&r=g\",\"contentUrl\":\"https:\/\/secure.gravatar.com\/avatar\/57590b1151eaa410a783e55768bbbba2?s=96&d=mm&r=g\",\"caption\":\"masella\"},\"url\":\"https:\/\/www.masella.com\/blog\/es\/author\/anna\/\"}]}<\/script>\n<!-- \/ Yoast SEO plugin. -->","yoast_head_json":{"title":"BECAS-ESTUDIO DE LA FUNDACI\u00d3N PRIVADA BOSCH Y AYMERICH PARA LOS ESTUDIANTES DE CERDANYA - blog oficial de masella","robots":{"index":"index","follow":"follow","max-snippet":"max-snippet:-1","max-image-preview":"max-image-preview:large","max-video-preview":"max-video-preview:-1"},"canonical":"https:\/\/www.masella.com\/blog\/es\/becas-estudio-fundacion-privada-bosch-y-aymerich-para-los-estudiantes-cerdanya\/","og_locale":"es_ES","og_type":"article","og_title":"BECAS-ESTUDIO DE LA FUNDACI\u00d3N PRIVADA BOSCH Y AYMERICH PARA LOS ESTUDIANTES DE CERDANYA - blog oficial de masella","og_description":"Se abre la convocatoria de la segunda edici\u00f3n de las becas-estudio de la Fundaci\u00f3n Privada Bosch y Aymerich destinadas a","og_url":"https:\/\/www.masella.com\/blog\/es\/becas-estudio-fundacion-privada-bosch-y-aymerich-para-los-estudiantes-cerdanya\/","og_site_name":"blog oficial de masella","article_published_time":"2017-12-26T16:14:31+00:00","article_modified_time":"2022-06-01T06:33:54+00:00","og_image":[{"width":4000,"height":2223,"url":"https:\/\/www.masella.com\/blog\/wp-content\/uploads\/2017\/12\/Entrada.jpg","type":"image\/jpeg"}],"author":"masella","twitter_card":"summary_large_image","twitter_misc":{"Escrito por":"masella","Tiempo de lectura":"1 minuto"},"schema":{"@context":"https:\/\/schema.org","@graph":[{"@type":"Article","@id":"https:\/\/www.masella.com\/blog\/es\/becas-estudio-fundacion-privada-bosch-y-aymerich-para-los-estudiantes-cerdanya\/#article","isPartOf":{"@id":"https:\/\/www.masella.com\/blog\/es\/becas-estudio-fundacion-privada-bosch-y-aymerich-para-los-estudiantes-cerdanya\/"},"author":{"name":"masella","@id":"https:\/\/www.masella.com\/blog\/ca\/#\/schema\/person\/e32b971f5be20790c591d85b8f1c706b"},"headline":"BECAS-ESTUDIO DE LA FUNDACI\u00d3N PRIVADA BOSCH Y AYMERICH PARA LOS ESTUDIANTES DE CERDANYA","datePublished":"2017-12-26T16:14:31+00:00","dateModified":"2022-06-01T06:33:54+00:00","mainEntityOfPage":{"@id":"https:\/\/www.masella.com\/blog\/es\/becas-estudio-fundacion-privada-bosch-y-aymerich-para-los-estudiantes-cerdanya\/"},"wordCount":247,"publisher":{"@id":"https:\/\/www.masella.com\/blog\/ca\/#organization"},"articleSection":["Actualidad","Actualitat","Eventos","Formaci\u00f3","Formaci\u00f3n"],"inLanguage":"es"},{"@type":"WebPage","@id":"https:\/\/www.masella.com\/blog\/es\/becas-estudio-fundacion-privada-bosch-y-aymerich-para-los-estudiantes-cerdanya\/","url":"https:\/\/www.masella.com\/blog\/es\/becas-estudio-fundacion-privada-bosch-y-aymerich-para-los-estudiantes-cerdanya\/","name":"BECAS-ESTUDIO DE LA FUNDACI\u00d3N PRIVADA BOSCH Y AYMERICH PARA LOS ESTUDIANTES DE CERDANYA - blog oficial de masella","isPartOf":{"@id":"https:\/\/www.masella.com\/blog\/ca\/#website"},"datePublished":"2017-12-26T16:14:31+00:00","dateModified":"2022-06-01T06:33:54+00:00","breadcrumb":{"@id":"https:\/\/www.masella.com\/blog\/es\/becas-estudio-fundacion-privada-bosch-y-aymerich-para-los-estudiantes-cerdanya\/#breadcrumb"},"inLanguage":"es","potentialAction":[{"@type":"ReadAction","target":["https:\/\/www.masella.com\/blog\/es\/becas-estudio-fundacion-privada-bosch-y-aymerich-para-los-estudiantes-cerdanya\/"]}]},{"@type":"BreadcrumbList","@id":"https:\/\/www.masella.com\/blog\/es\/becas-estudio-fundacion-privada-bosch-y-aymerich-para-los-estudiantes-cerdanya\/#breadcrumb","itemListElement":[{"@type":"ListItem","position":1,"name":"Portada","item":"https:\/\/www.masella.com\/blog\/ca\/"},{"@type":"ListItem","position":2,"name":"BECAS-ESTUDIO DE LA FUNDACI\u00d3N PRIVADA BOSCH Y AYMERICH PARA LOS ESTUDIANTES DE CERDANYA"}]},{"@type":"WebSite","@id":"https:\/\/www.masella.com\/blog\/ca\/#website","url":"https:\/\/www.masella.com\/blog\/ca\/","name":"blog oficial de masella","description":"","publisher":{"@id":"https:\/\/www.masella.com\/blog\/ca\/#organization"},"potentialAction":[{"@type":"SearchAction","target":{"@type":"EntryPoint","urlTemplate":"https:\/\/www.masella.com\/blog\/ca\/?s={search_term_string}"},"query-input":"required name=search_term_string"}],"inLanguage":"es"},{"@type":"Organization","@id":"https:\/\/www.masella.com\/blog\/ca\/#organization","name":"blog oficial de masella","url":"https:\/\/www.masella.com\/blog\/ca\/","logo":{"@type":"ImageObject","inLanguage":"es","@id":"https:\/\/www.masella.com\/blog\/ca\/#\/schema\/logo\/image\/","url":"https:\/\/www.masella.com\/blog\/wp-content\/uploads\/2022\/12\/logo-masella-es-1.png","contentUrl":"https:\/\/www.masella.com\/blog\/wp-content\/uploads\/2022\/12\/logo-masella-es-1.png","width":150,"height":88,"caption":"blog oficial de masella"},"image":{"@id":"https:\/\/www.masella.com\/blog\/ca\/#\/schema\/logo\/image\/"}},{"@type":"Person","@id":"https:\/\/www.masella.com\/blog\/ca\/#\/schema\/person\/e32b971f5be20790c591d85b8f1c706b","name":"masella","image":{"@type":"ImageObject","inLanguage":"es","@id":"https:\/\/www.masella.com\/blog\/ca\/#\/schema\/person\/image\/","url":"https:\/\/secure.gravatar.com\/avatar\/57590b1151eaa410a783e55768bbbba2?s=96&d=mm&r=g","contentUrl":"https:\/\/secure.gravatar.com\/avatar\/57590b1151eaa410a783e55768bbbba2?s=96&d=mm&r=g","caption":"masella"},"url":"https:\/\/www.masella.com\/blog\/es\/author\/anna\/"}]}},"_links":{"self":[{"href":"https:\/\/www.masella.com\/blog\/es\/wp-json\/wp\/v2\/posts\/2950"}],"collection":[{"href":"https:\/\/www.masella.com\/blog\/es\/wp-json\/wp\/v2\/posts"}],"about":[{"href":"https:\/\/www.masella.com\/blog\/es\/wp-json\/wp\/v2\/types\/post"}],"author":[{"embeddable":true,"href":"https:\/\/www.masella.com\/blog\/es\/wp-json\/wp\/v2\/users\/4"}],"replies":[{"embeddable":true,"href":"https:\/\/www.masella.com\/blog\/es\/wp-json\/wp\/v2\/comments?post=2950"}],"version-history":[{"count":1,"href":"https:\/\/www.masella.com\/blog\/es\/wp-json\/wp\/v2\/posts\/2950\/revisions"}],"predecessor-version":[{"id":2951,"href":"https:\/\/www.masella.com\/blog\/es\/wp-json\/wp\/v2\/posts\/2950\/revisions\/2951"}],"wp:featuredmedia":[{"embeddable":true,"href":"https:\/\/www.masella.com\/blog\/es\/wp-json\/wp\/v2\/media\/2953"}],"wp:attachment":[{"href":"https:\/\/www.masella.com\/blog\/es\/wp-json\/wp\/v2\/media?parent=2950"}],"wp:term":[{"taxonomy":"category","embeddable":true,"href":"https:\/\/www.masella.com\/blog\/es\/wp-json\/wp\/v2\/categories?post=2950"},{"taxonomy":"post_tag","embeddable":true,"href":"https:\/\/www.masella.com\/blog\/es\/wp-json\/wp\/v2\/tags?post=2950"}],"curies":[{"name":"wp","href":"https:\/\/api.w.org\/{rel}","templated":true}]}}