{"id":3062,"date":"2018-01-14T16:16:43","date_gmt":"2018-01-14T16:16:43","guid":{"rendered":"http:\/\/www.masella.com\/blog\/resultats-xiii-gp-cerdanya\/"},"modified":"2022-06-01T06:33:52","modified_gmt":"2022-06-01T06:33:52","slug":"resultats-xiii-gp-cerdanya","status":"publish","type":"post","link":"https:\/\/www.masella.com\/blog\/es\/resultats-xiii-gp-cerdanya\/","title":{"rendered":"RESULTADOS XIII GP Cerdanya"},"content":{"rendered":"<p>\u00c9xito del ya cl\u00e1sico GP Cerdanya, competici\u00f3n de esqu\u00ed alpino en categor\u00eda U14 que este a\u00f1o llegaba a la decimotercera edici\u00f3n. Esta prueba, puntuable para la RFEDI en la categor\u00eda U-14 y organizada por el Club de Esqu\u00ed Ll\u00edvia, se ha celebrado a lo largo de dos jornadas. El s\u00e1bado los j\u00f3venes esquiadores compitieron en la modalidad de slalom y domingo, en gigante. Los j\u00f3venes esquiadores, venidos de todo el pa\u00eds, han disfrutado de un fin de semana invernal con nieve polvo reci\u00e9n ca\u00edda y, a pesar de la dificultad que esto representa a la hora de hacer un trazado de esqu\u00ed alpino, la prueba se ha desarrollado con total normalidad en la pista Davallada, estadio homologado por la FIS que arranca en la zona de la Pleta y con el arco de llegada en la pista de Enamorats.<\/p>\n<p><a href=\"http:\/\/www.masella.com\/blog\/wp-content\/uploads\/2018\/01\/bloggpcerdanya2.jpg\"><img loading=\"lazy\" decoding=\"async\" class=\"alignnone size-full wp-image-3055\" src=\"http:\/\/www.masella.com\/blog\/wp-content\/uploads\/2018\/01\/bloggpcerdanya2.jpg\" alt=\"\" width=\"800\" height=\"600\" srcset=\"https:\/\/www.masella.com\/blog\/wp-content\/uploads\/2018\/01\/bloggpcerdanya2.jpg 800w, https:\/\/www.masella.com\/blog\/wp-content\/uploads\/2018\/01\/bloggpcerdanya2-300x225.jpg 300w, https:\/\/www.masella.com\/blog\/wp-content\/uploads\/2018\/01\/bloggpcerdanya2-768x576.jpg 768w\" sizes=\"(max-width: 800px) 100vw, 800px\" \/><\/a><\/p>\n<p>&nbsp;<\/p>\n<p><strong>CLASIFICACIONES\u00a0DEL XIII GP CERDANYA<\/strong><\/p>\n<p><a href=\"http:\/\/www.masella.com\/blog\/wp-content\/uploads\/2018\/01\/classificacio-final-punts-sl-homes.pdf\">Clasificaci\u00f3n Slalom Hombres<\/a><\/p>\n<p><a href=\"http:\/\/www.masella.com\/blog\/wp-content\/uploads\/2018\/01\/slhomes.jpg\"><img loading=\"lazy\" decoding=\"async\" class=\"alignnone wp-image-3058 size-large\" src=\"http:\/\/www.masella.com\/blog\/wp-content\/uploads\/2018\/01\/slhomes-768x1024.jpg\" alt=\"\" width=\"768\" height=\"1024\" srcset=\"https:\/\/www.masella.com\/blog\/wp-content\/uploads\/2018\/01\/slhomes-768x1024.jpg 768w, https:\/\/www.masella.com\/blog\/wp-content\/uploads\/2018\/01\/slhomes-225x300.jpg 225w, https:\/\/www.masella.com\/blog\/wp-content\/uploads\/2018\/01\/slhomes.jpg 900w\" sizes=\"(max-width: 768px) 100vw, 768px\" \/><\/a><\/p>\n<p>&nbsp;<\/p>\n<p><a href=\"http:\/\/www.masella.com\/blog\/wp-content\/uploads\/2018\/01\/classificacio-final-punts-sl-dones.pdf\">Clasificaci\u00f3n Slalom Damas<\/a><\/p>\n<p><a href=\"http:\/\/www.masella.com\/blog\/wp-content\/uploads\/2018\/01\/sl_noies.jpg\"><img loading=\"lazy\" decoding=\"async\" class=\"alignnone wp-image-3060 size-large\" src=\"http:\/\/www.masella.com\/blog\/wp-content\/uploads\/2018\/01\/sl_noies-768x1024.jpg\" alt=\"\" width=\"768\" height=\"1024\" srcset=\"https:\/\/www.masella.com\/blog\/wp-content\/uploads\/2018\/01\/sl_noies-768x1024.jpg 768w, https:\/\/www.masella.com\/blog\/wp-content\/uploads\/2018\/01\/sl_noies-225x300.jpg 225w, https:\/\/www.masella.com\/blog\/wp-content\/uploads\/2018\/01\/sl_noies.jpg 800w\" sizes=\"(max-width: 768px) 100vw, 768px\" \/><\/a><\/p>\n<p>&nbsp;<\/p>\n<p><a href=\"http:\/\/www.masella.com\/blog\/wp-content\/uploads\/2018\/01\/FINAL-NOIS-GS.pdf\">Clasificaci\u00f3n Gigante Hombres<\/a><\/p>\n<p><a href=\"http:\/\/www.masella.com\/blog\/wp-content\/uploads\/2018\/01\/gshomes.jpg\"><img loading=\"lazy\" decoding=\"async\" class=\"alignnone wp-image-3057 size-large\" src=\"http:\/\/www.masella.com\/blog\/wp-content\/uploads\/2018\/01\/gshomes-768x1024.jpg\" alt=\"\" width=\"768\" height=\"1024\" srcset=\"https:\/\/www.masella.com\/blog\/wp-content\/uploads\/2018\/01\/gshomes-768x1024.jpg 768w, https:\/\/www.masella.com\/blog\/wp-content\/uploads\/2018\/01\/gshomes-225x300.jpg 225w, https:\/\/www.masella.com\/blog\/wp-content\/uploads\/2018\/01\/gshomes.jpg 800w\" sizes=\"(max-width: 768px) 100vw, 768px\" \/><\/a><\/p>\n<p>&nbsp;<\/p>\n<p><a href=\"http:\/\/www.masella.com\/blog\/wp-content\/uploads\/2018\/01\/FINAL-NOIES-GS.pdf\">Clasificaci\u00f3n Gigante Damas<\/a><\/p>\n<p><a href=\"http:\/\/www.masella.com\/blog\/wp-content\/uploads\/2018\/01\/gsnoies.jpg\"><img loading=\"lazy\" decoding=\"async\" class=\"alignnone wp-image-3059 size-large\" src=\"http:\/\/www.masella.com\/blog\/wp-content\/uploads\/2018\/01\/gsnoies-768x1024.jpg\" alt=\"\" width=\"768\" height=\"1024\" srcset=\"https:\/\/www.masella.com\/blog\/wp-content\/uploads\/2018\/01\/gsnoies-768x1024.jpg 768w, https:\/\/www.masella.com\/blog\/wp-content\/uploads\/2018\/01\/gsnoies-225x300.jpg 225w, https:\/\/www.masella.com\/blog\/wp-content\/uploads\/2018\/01\/gsnoies.jpg 900w\" sizes=\"(max-width: 768px) 100vw, 768px\" \/><\/a><\/p>\n<p>&nbsp;<\/p>\n","protected":false},"excerpt":{"rendered":"<p>\u00c9xito del ya cl\u00e1sico GP Cerdanya, competici\u00f3n de esqu\u00ed alpino en categor\u00eda U14 que este a\u00f1o llegaba a la decimotercera<\/p>\n","protected":false},"author":4,"featured_media":3056,"comment_status":"closed","ping_status":"open","sticky":false,"template":"","format":"standard","meta":{"footnotes":""},"categories":[20,28,33,51,54,32,1],"tags":[],"yoast_head":"<!-- This site is optimized with the Yoast SEO plugin v21.5 - https:\/\/yoast.com\/wordpress\/plugins\/seo\/ -->\n<title>RESULTADOS XIII GP Cerdanya - blog oficial de masella<\/title>\n<meta name=\"robots\" content=\"index, follow, max-snippet:-1, max-image-preview:large, max-video-preview:-1\" \/>\n<link rel=\"canonical\" href=\"https:\/\/www.masella.com\/blog\/es\/resultats-xiii-gp-cerdanya\/\" \/>\n<meta property=\"og:locale\" content=\"es_ES\" \/>\n<meta property=\"og:type\" content=\"article\" \/>\n<meta property=\"og:title\" content=\"RESULTADOS XIII GP Cerdanya - blog oficial de masella\" \/>\n<meta property=\"og:description\" content=\"\u00c9xito del ya cl\u00e1sico GP Cerdanya, competici\u00f3n de esqu\u00ed alpino en categor\u00eda U14 que este a\u00f1o llegaba a la decimotercera\" \/>\n<meta property=\"og:url\" content=\"https:\/\/www.masella.com\/blog\/es\/resultats-xiii-gp-cerdanya\/\" \/>\n<meta property=\"og:site_name\" content=\"blog oficial de masella\" \/>\n<meta property=\"article:published_time\" content=\"2018-01-14T16:16:43+00:00\" \/>\n<meta property=\"article:modified_time\" content=\"2022-06-01T06:33:52+00:00\" \/>\n<meta property=\"og:image\" content=\"https:\/\/www.masella.com\/blog\/wp-content\/uploads\/2018\/01\/bloggocerdanya1.jpg\" \/>\n\t<meta property=\"og:image:width\" content=\"800\" \/>\n\t<meta property=\"og:image:height\" content=\"450\" \/>\n\t<meta property=\"og:image:type\" content=\"image\/jpeg\" \/>\n<meta name=\"author\" content=\"masella\" \/>\n<meta name=\"twitter:card\" content=\"summary_large_image\" \/>\n<meta name=\"twitter:label1\" content=\"Escrito por\" \/>\n\t<meta name=\"twitter:data1\" content=\"masella\" \/>\n\t<meta name=\"twitter:label2\" content=\"Tiempo de lectura\" \/>\n\t<meta name=\"twitter:data2\" content=\"1 minuto\" \/>\n<script type=\"application\/ld+json\" class=\"yoast-schema-graph\">{\"@context\":\"https:\/\/schema.org\",\"@graph\":[{\"@type\":\"Article\",\"@id\":\"https:\/\/www.masella.com\/blog\/es\/resultats-xiii-gp-cerdanya\/#article\",\"isPartOf\":{\"@id\":\"https:\/\/www.masella.com\/blog\/es\/resultats-xiii-gp-cerdanya\/\"},\"author\":{\"name\":\"masella\",\"@id\":\"https:\/\/www.masella.com\/blog\/ca\/#\/schema\/person\/e32b971f5be20790c591d85b8f1c706b\"},\"headline\":\"RESULTADOS XIII GP Cerdanya\",\"datePublished\":\"2018-01-14T16:16:43+00:00\",\"dateModified\":\"2022-06-01T06:33:52+00:00\",\"mainEntityOfPage\":{\"@id\":\"https:\/\/www.masella.com\/blog\/es\/resultats-xiii-gp-cerdanya\/\"},\"wordCount\":182,\"publisher\":{\"@id\":\"https:\/\/www.masella.com\/blog\/ca\/#organization\"},\"articleSection\":[\"Actualidad\",\"Actualitat\",\"Carreras\",\"Competici\u00f3\",\"Competici\u00f3n\",\"Curses\"],\"inLanguage\":\"es\"},{\"@type\":\"WebPage\",\"@id\":\"https:\/\/www.masella.com\/blog\/es\/resultats-xiii-gp-cerdanya\/\",\"url\":\"https:\/\/www.masella.com\/blog\/es\/resultats-xiii-gp-cerdanya\/\",\"name\":\"RESULTADOS XIII GP Cerdanya - blog oficial de masella\",\"isPartOf\":{\"@id\":\"https:\/\/www.masella.com\/blog\/ca\/#website\"},\"datePublished\":\"2018-01-14T16:16:43+00:00\",\"dateModified\":\"2022-06-01T06:33:52+00:00\",\"breadcrumb\":{\"@id\":\"https:\/\/www.masella.com\/blog\/es\/resultats-xiii-gp-cerdanya\/#breadcrumb\"},\"inLanguage\":\"es\",\"potentialAction\":[{\"@type\":\"ReadAction\",\"target\":[\"https:\/\/www.masella.com\/blog\/es\/resultats-xiii-gp-cerdanya\/\"]}]},{\"@type\":\"BreadcrumbList\",\"@id\":\"https:\/\/www.masella.com\/blog\/es\/resultats-xiii-gp-cerdanya\/#breadcrumb\",\"itemListElement\":[{\"@type\":\"ListItem\",\"position\":1,\"name\":\"Portada\",\"item\":\"https:\/\/www.masella.com\/blog\/ca\/\"},{\"@type\":\"ListItem\",\"position\":2,\"name\":\"RESULTADOS XIII GP Cerdanya\"}]},{\"@type\":\"WebSite\",\"@id\":\"https:\/\/www.masella.com\/blog\/ca\/#website\",\"url\":\"https:\/\/www.masella.com\/blog\/ca\/\",\"name\":\"blog oficial de masella\",\"description\":\"\",\"publisher\":{\"@id\":\"https:\/\/www.masella.com\/blog\/ca\/#organization\"},\"potentialAction\":[{\"@type\":\"SearchAction\",\"target\":{\"@type\":\"EntryPoint\",\"urlTemplate\":\"https:\/\/www.masella.com\/blog\/ca\/?s={search_term_string}\"},\"query-input\":\"required name=search_term_string\"}],\"inLanguage\":\"es\"},{\"@type\":\"Organization\",\"@id\":\"https:\/\/www.masella.com\/blog\/ca\/#organization\",\"name\":\"blog oficial de masella\",\"url\":\"https:\/\/www.masella.com\/blog\/ca\/\",\"logo\":{\"@type\":\"ImageObject\",\"inLanguage\":\"es\",\"@id\":\"https:\/\/www.masella.com\/blog\/ca\/#\/schema\/logo\/image\/\",\"url\":\"https:\/\/www.masella.com\/blog\/wp-content\/uploads\/2022\/12\/logo-masella-es-1.png\",\"contentUrl\":\"https:\/\/www.masella.com\/blog\/wp-content\/uploads\/2022\/12\/logo-masella-es-1.png\",\"width\":150,\"height\":88,\"caption\":\"blog oficial de masella\"},\"image\":{\"@id\":\"https:\/\/www.masella.com\/blog\/ca\/#\/schema\/logo\/image\/\"}},{\"@type\":\"Person\",\"@id\":\"https:\/\/www.masella.com\/blog\/ca\/#\/schema\/person\/e32b971f5be20790c591d85b8f1c706b\",\"name\":\"masella\",\"image\":{\"@type\":\"ImageObject\",\"inLanguage\":\"es\",\"@id\":\"https:\/\/www.masella.com\/blog\/ca\/#\/schema\/person\/image\/\",\"url\":\"https:\/\/secure.gravatar.com\/avatar\/57590b1151eaa410a783e55768bbbba2?s=96&d=mm&r=g\",\"contentUrl\":\"https:\/\/secure.gravatar.com\/avatar\/57590b1151eaa410a783e55768bbbba2?s=96&d=mm&r=g\",\"caption\":\"masella\"},\"url\":\"https:\/\/www.masella.com\/blog\/es\/author\/anna\/\"}]}<\/script>\n<!-- \/ Yoast SEO plugin. -->","yoast_head_json":{"title":"RESULTADOS XIII GP Cerdanya - blog oficial de masella","robots":{"index":"index","follow":"follow","max-snippet":"max-snippet:-1","max-image-preview":"max-image-preview:large","max-video-preview":"max-video-preview:-1"},"canonical":"https:\/\/www.masella.com\/blog\/es\/resultats-xiii-gp-cerdanya\/","og_locale":"es_ES","og_type":"article","og_title":"RESULTADOS XIII GP Cerdanya - blog oficial de masella","og_description":"\u00c9xito del ya cl\u00e1sico GP Cerdanya, competici\u00f3n de esqu\u00ed alpino en categor\u00eda U14 que este a\u00f1o llegaba a la decimotercera","og_url":"https:\/\/www.masella.com\/blog\/es\/resultats-xiii-gp-cerdanya\/","og_site_name":"blog oficial de masella","article_published_time":"2018-01-14T16:16:43+00:00","article_modified_time":"2022-06-01T06:33:52+00:00","og_image":[{"width":800,"height":450,"url":"https:\/\/www.masella.com\/blog\/wp-content\/uploads\/2018\/01\/bloggocerdanya1.jpg","type":"image\/jpeg"}],"author":"masella","twitter_card":"summary_large_image","twitter_misc":{"Escrito por":"masella","Tiempo de lectura":"1 minuto"},"schema":{"@context":"https:\/\/schema.org","@graph":[{"@type":"Article","@id":"https:\/\/www.masella.com\/blog\/es\/resultats-xiii-gp-cerdanya\/#article","isPartOf":{"@id":"https:\/\/www.masella.com\/blog\/es\/resultats-xiii-gp-cerdanya\/"},"author":{"name":"masella","@id":"https:\/\/www.masella.com\/blog\/ca\/#\/schema\/person\/e32b971f5be20790c591d85b8f1c706b"},"headline":"RESULTADOS XIII GP Cerdanya","datePublished":"2018-01-14T16:16:43+00:00","dateModified":"2022-06-01T06:33:52+00:00","mainEntityOfPage":{"@id":"https:\/\/www.masella.com\/blog\/es\/resultats-xiii-gp-cerdanya\/"},"wordCount":182,"publisher":{"@id":"https:\/\/www.masella.com\/blog\/ca\/#organization"},"articleSection":["Actualidad","Actualitat","Carreras","Competici\u00f3","Competici\u00f3n","Curses"],"inLanguage":"es"},{"@type":"WebPage","@id":"https:\/\/www.masella.com\/blog\/es\/resultats-xiii-gp-cerdanya\/","url":"https:\/\/www.masella.com\/blog\/es\/resultats-xiii-gp-cerdanya\/","name":"RESULTADOS XIII GP Cerdanya - blog oficial de masella","isPartOf":{"@id":"https:\/\/www.masella.com\/blog\/ca\/#website"},"datePublished":"2018-01-14T16:16:43+00:00","dateModified":"2022-06-01T06:33:52+00:00","breadcrumb":{"@id":"https:\/\/www.masella.com\/blog\/es\/resultats-xiii-gp-cerdanya\/#breadcrumb"},"inLanguage":"es","potentialAction":[{"@type":"ReadAction","target":["https:\/\/www.masella.com\/blog\/es\/resultats-xiii-gp-cerdanya\/"]}]},{"@type":"BreadcrumbList","@id":"https:\/\/www.masella.com\/blog\/es\/resultats-xiii-gp-cerdanya\/#breadcrumb","itemListElement":[{"@type":"ListItem","position":1,"name":"Portada","item":"https:\/\/www.masella.com\/blog\/ca\/"},{"@type":"ListItem","position":2,"name":"RESULTADOS XIII GP Cerdanya"}]},{"@type":"WebSite","@id":"https:\/\/www.masella.com\/blog\/ca\/#website","url":"https:\/\/www.masella.com\/blog\/ca\/","name":"blog oficial de masella","description":"","publisher":{"@id":"https:\/\/www.masella.com\/blog\/ca\/#organization"},"potentialAction":[{"@type":"SearchAction","target":{"@type":"EntryPoint","urlTemplate":"https:\/\/www.masella.com\/blog\/ca\/?s={search_term_string}"},"query-input":"required name=search_term_string"}],"inLanguage":"es"},{"@type":"Organization","@id":"https:\/\/www.masella.com\/blog\/ca\/#organization","name":"blog oficial de masella","url":"https:\/\/www.masella.com\/blog\/ca\/","logo":{"@type":"ImageObject","inLanguage":"es","@id":"https:\/\/www.masella.com\/blog\/ca\/#\/schema\/logo\/image\/","url":"https:\/\/www.masella.com\/blog\/wp-content\/uploads\/2022\/12\/logo-masella-es-1.png","contentUrl":"https:\/\/www.masella.com\/blog\/wp-content\/uploads\/2022\/12\/logo-masella-es-1.png","width":150,"height":88,"caption":"blog oficial de masella"},"image":{"@id":"https:\/\/www.masella.com\/blog\/ca\/#\/schema\/logo\/image\/"}},{"@type":"Person","@id":"https:\/\/www.masella.com\/blog\/ca\/#\/schema\/person\/e32b971f5be20790c591d85b8f1c706b","name":"masella","image":{"@type":"ImageObject","inLanguage":"es","@id":"https:\/\/www.masella.com\/blog\/ca\/#\/schema\/person\/image\/","url":"https:\/\/secure.gravatar.com\/avatar\/57590b1151eaa410a783e55768bbbba2?s=96&d=mm&r=g","contentUrl":"https:\/\/secure.gravatar.com\/avatar\/57590b1151eaa410a783e55768bbbba2?s=96&d=mm&r=g","caption":"masella"},"url":"https:\/\/www.masella.com\/blog\/es\/author\/anna\/"}]}},"_links":{"self":[{"href":"https:\/\/www.masella.com\/blog\/es\/wp-json\/wp\/v2\/posts\/3062"}],"collection":[{"href":"https:\/\/www.masella.com\/blog\/es\/wp-json\/wp\/v2\/posts"}],"about":[{"href":"https:\/\/www.masella.com\/blog\/es\/wp-json\/wp\/v2\/types\/post"}],"author":[{"embeddable":true,"href":"https:\/\/www.masella.com\/blog\/es\/wp-json\/wp\/v2\/users\/4"}],"replies":[{"embeddable":true,"href":"https:\/\/www.masella.com\/blog\/es\/wp-json\/wp\/v2\/comments?post=3062"}],"version-history":[{"count":2,"href":"https:\/\/www.masella.com\/blog\/es\/wp-json\/wp\/v2\/posts\/3062\/revisions"}],"predecessor-version":[{"id":3064,"href":"https:\/\/www.masella.com\/blog\/es\/wp-json\/wp\/v2\/posts\/3062\/revisions\/3064"}],"wp:featuredmedia":[{"embeddable":true,"href":"https:\/\/www.masella.com\/blog\/es\/wp-json\/wp\/v2\/media\/3056"}],"wp:attachment":[{"href":"https:\/\/www.masella.com\/blog\/es\/wp-json\/wp\/v2\/media?parent=3062"}],"wp:term":[{"taxonomy":"category","embeddable":true,"href":"https:\/\/www.masella.com\/blog\/es\/wp-json\/wp\/v2\/categories?post=3062"},{"taxonomy":"post_tag","embeddable":true,"href":"https:\/\/www.masella.com\/blog\/es\/wp-json\/wp\/v2\/tags?post=3062"}],"curies":[{"name":"wp","href":"https:\/\/api.w.org\/{rel}","templated":true}]}}