{"id":3154,"date":"2018-02-06T09:10:46","date_gmt":"2018-02-06T09:10:46","guid":{"rendered":"http:\/\/www.masella.com\/blog\/3139\/"},"modified":"2022-06-01T06:33:33","modified_gmt":"2022-06-01T06:33:33","slug":"3139","status":"publish","type":"post","link":"https:\/\/www.masella.com\/blog\/es\/3139\/","title":{"rendered":"AS\u00cd CELEBRAMOS LOS 50 A\u00d1OS DE MASELLA: \u00a1UNA NOCHE M\u00c1GICA!"},"content":{"rendered":"<p>El s\u00e1bado 3 de febrero de 2018 <strong>Masella celebr\u00f3 el acto central del 50 aniversario de la estaci\u00f3n.<\/strong><\/p>\n<p>Fue una noche de nieve polvo excelente marcada por la magia del fuego, la m\u00fasica y, sobre todo, <strong>los 3000 esquiadores que protagonizaron una bajada de antorchas multitudinaria<\/strong>. Los esquiadores<strong> neutralizaron el fr\u00edo de la noche bailando al ritmo musical del DJ Jordi Veliz de Flaix FM y la m\u00fasica en directo de Pep Poblet<\/strong>, que con el saxof\u00f3n puso la nota musical de la celebraci\u00f3n.<\/p>\n<p><a href=\"http:\/\/www.masella.com\/blog\/wp-content\/uploads\/2018\/02\/2018_02_03Torxes.jpg\"><img loading=\"lazy\" decoding=\"async\" class=\"alignnone size-full wp-image-3144\" src=\"http:\/\/www.masella.com\/blog\/wp-content\/uploads\/2018\/02\/2018_02_03Torxes.jpg\" alt=\"\" width=\"800\" height=\"600\" srcset=\"https:\/\/www.masella.com\/blog\/wp-content\/uploads\/2018\/02\/2018_02_03Torxes.jpg 800w, https:\/\/www.masella.com\/blog\/wp-content\/uploads\/2018\/02\/2018_02_03Torxes-300x225.jpg 300w, https:\/\/www.masella.com\/blog\/wp-content\/uploads\/2018\/02\/2018_02_03Torxes-768x576.jpg 768w\" sizes=\"(max-width: 800px) 100vw, 800px\" \/><\/a><\/p>\n<p><a href=\"http:\/\/www.masella.com\/blog\/wp-content\/uploads\/2018\/02\/2018_02_03Escenari.jpg\"><img loading=\"lazy\" decoding=\"async\" class=\"alignnone size-full wp-image-3151\" src=\"http:\/\/www.masella.com\/blog\/wp-content\/uploads\/2018\/02\/2018_02_03Escenari.jpg\" alt=\"\" width=\"800\" height=\"600\" srcset=\"https:\/\/www.masella.com\/blog\/wp-content\/uploads\/2018\/02\/2018_02_03Escenari.jpg 800w, https:\/\/www.masella.com\/blog\/wp-content\/uploads\/2018\/02\/2018_02_03Escenari-300x225.jpg 300w, https:\/\/www.masella.com\/blog\/wp-content\/uploads\/2018\/02\/2018_02_03Escenari-768x576.jpg 768w\" sizes=\"(max-width: 800px) 100vw, 800px\" \/><\/a>\u00a0\u00a0\u00a0<a href=\"http:\/\/www.masella.com\/blog\/wp-content\/uploads\/2018\/02\/2018_02_03Escenari2.jpg\"><img loading=\"lazy\" decoding=\"async\" class=\"alignnone size-full wp-image-3150\" src=\"http:\/\/www.masella.com\/blog\/wp-content\/uploads\/2018\/02\/2018_02_03Escenari2.jpg\" alt=\"\" width=\"800\" height=\"600\" srcset=\"https:\/\/www.masella.com\/blog\/wp-content\/uploads\/2018\/02\/2018_02_03Escenari2.jpg 800w, https:\/\/www.masella.com\/blog\/wp-content\/uploads\/2018\/02\/2018_02_03Escenari2-300x225.jpg 300w, https:\/\/www.masella.com\/blog\/wp-content\/uploads\/2018\/02\/2018_02_03Escenari2-768x576.jpg 768w\" sizes=\"(max-width: 800px) 100vw, 800px\" \/><\/a><\/p>\n<p>El acto lo condujeron<strong> los periodistas Toni Real y Anna Cervantes, que retransmitieron en directo la bajada de antorchas<\/strong>. Tambi\u00e9n s<strong>e soplaron las velas del pastel del 50 aniversario y el punto y final de la celebraci\u00f3n fue un espectacular piromusical<\/strong>, que ti\u00f1\u00f3 de luz y de color la monta\u00f1a de la Tosa.<\/p>\n<p><a href=\"http:\/\/www.masella.com\/blog\/wp-content\/uploads\/2018\/02\/2018_02_03Pastis.jpg\"><img loading=\"lazy\" decoding=\"async\" class=\"alignnone size-full wp-image-3146\" src=\"http:\/\/www.masella.com\/blog\/wp-content\/uploads\/2018\/02\/2018_02_03Pastis.jpg\" alt=\"\" width=\"800\" height=\"600\" srcset=\"https:\/\/www.masella.com\/blog\/wp-content\/uploads\/2018\/02\/2018_02_03Pastis.jpg 800w, https:\/\/www.masella.com\/blog\/wp-content\/uploads\/2018\/02\/2018_02_03Pastis-300x225.jpg 300w, https:\/\/www.masella.com\/blog\/wp-content\/uploads\/2018\/02\/2018_02_03Pastis-768x576.jpg 768w\" sizes=\"(max-width: 800px) 100vw, 800px\" \/><\/a><\/p>\n<p><a href=\"http:\/\/www.masella.com\/blog\/wp-content\/uploads\/2018\/02\/2018_02_03Focs3.jpg\"><img loading=\"lazy\" decoding=\"async\" class=\"alignnone size-full wp-image-3148\" src=\"http:\/\/www.masella.com\/blog\/wp-content\/uploads\/2018\/02\/2018_02_03Focs3.jpg\" alt=\"\" width=\"800\" height=\"600\" srcset=\"https:\/\/www.masella.com\/blog\/wp-content\/uploads\/2018\/02\/2018_02_03Focs3.jpg 800w, https:\/\/www.masella.com\/blog\/wp-content\/uploads\/2018\/02\/2018_02_03Focs3-300x225.jpg 300w, https:\/\/www.masella.com\/blog\/wp-content\/uploads\/2018\/02\/2018_02_03Focs3-768x576.jpg 768w\" sizes=\"(max-width: 800px) 100vw, 800px\" \/><\/a><\/p>\n<div id=\"gt-res-c\" class=\"g-unit\">\n<div id=\"gt-res-p\">\n<div id=\"gt-res-data\">\n<div id=\"gt-res-wrap\">\n<div id=\"gt-res-content\">\n<div id=\"gt-res-dir-ctr\" class=\"trans-verified-button-small\" dir=\"ltr\">\n<p><span id=\"result_box\" class=\"\" lang=\"es\">La jornada finaliz\u00f3\u00a0con una s<strong>esi\u00f3n\u00a0de Esqu\u00ed\u00a0Nocturno en\u00a0la\u00a0que\u00a0se\u00a0invit\u00f3 a\u00a0esquiar todos los esquiadores con antorchas que\u00a0<span class=\"\">han<\/span>\u00a0hecho posible\u00a0esta noche\u00a0m\u00e1gica\u00a0del 50 aniversario\u00a0de Masella<\/strong>.<\/span><\/p>\n<p>Os\u00a0dejamos\u00a0con algunas\u00a0<span class=\"\">fotos de la<\/span>\u00a0velada\u00a0y con el\u00a0<strong>v\u00eddeo\u00a0conmemorativo\u00a0de los 50a\u00f1os\u00a0de Masella<\/strong>\u00a0que pasamos\u00a0<span class=\"\">durante la celebraci\u00f3n<\/span>.\u00a0A todos\u00a0vosotros, amigas\u00a0y amigos, muchas\u00a0felicidades y\u00a0<span class=\"\">un mill\u00f3n<\/span>\u00a0de gracias!\u00a0Sin vosotros, los\u00a050 a\u00f1os\u00a0de Masella\u00a0<span class=\"\">no hubieran sido posibles<\/span>!<\/p>\n<\/div>\n<\/div>\n<\/div>\n<\/div>\n<\/div>\n<\/div>\n<p><a href=\"http:\/\/www.masella.com\/blog\/wp-content\/uploads\/2018\/02\/2018_02_03Focs4.jpg\"><img loading=\"lazy\" decoding=\"async\" class=\"alignnone size-full wp-image-3147\" src=\"http:\/\/www.masella.com\/blog\/wp-content\/uploads\/2018\/02\/2018_02_03Focs4.jpg\" alt=\"\" width=\"800\" height=\"600\" srcset=\"https:\/\/www.masella.com\/blog\/wp-content\/uploads\/2018\/02\/2018_02_03Focs4.jpg 800w, https:\/\/www.masella.com\/blog\/wp-content\/uploads\/2018\/02\/2018_02_03Focs4-300x225.jpg 300w, https:\/\/www.masella.com\/blog\/wp-content\/uploads\/2018\/02\/2018_02_03Focs4-768x576.jpg 768w\" sizes=\"(max-width: 800px) 100vw, 800px\" \/><\/a><\/p>\n<p><a href=\"http:\/\/www.masella.com\/blog\/wp-content\/uploads\/2018\/02\/2018_02_03_Torxes2.jpg\"><img loading=\"lazy\" decoding=\"async\" class=\"alignnone size-full wp-image-3149\" src=\"http:\/\/www.masella.com\/blog\/wp-content\/uploads\/2018\/02\/2018_02_03_Torxes2.jpg\" alt=\"\" width=\"800\" height=\"600\" srcset=\"https:\/\/www.masella.com\/blog\/wp-content\/uploads\/2018\/02\/2018_02_03_Torxes2.jpg 800w, https:\/\/www.masella.com\/blog\/wp-content\/uploads\/2018\/02\/2018_02_03_Torxes2-300x225.jpg 300w, https:\/\/www.masella.com\/blog\/wp-content\/uploads\/2018\/02\/2018_02_03_Torxes2-768x576.jpg 768w\" sizes=\"(max-width: 800px) 100vw, 800px\" \/><\/a><\/p>\n<p><iframe loading=\"lazy\" src=\"https:\/\/www.youtube.com\/embed\/dM_hdngEGI8\" width=\"560\" height=\"315\" frameborder=\"0\" allowfullscreen=\"allowfullscreen\"><\/iframe><\/p>\n","protected":false},"excerpt":{"rendered":"<p>El s\u00e1bado 3 de febrero de 2018 Masella celebr\u00f3 el acto central del 50 aniversario de la estaci\u00f3n. Fue una<\/p>\n","protected":false},"author":4,"featured_media":5227,"comment_status":"closed","ping_status":"open","sticky":false,"template":"","format":"standard","meta":{"footnotes":""},"categories":[20,28,16,27],"tags":[],"yoast_head":"<!-- This site is optimized with the Yoast SEO plugin v21.5 - https:\/\/yoast.com\/wordpress\/plugins\/seo\/ -->\n<title>AS\u00cd CELEBRAMOS LOS 50 A\u00d1OS DE MASELLA: \u00a1UNA NOCHE M\u00c1GICA! - blog oficial de masella<\/title>\n<meta name=\"robots\" content=\"index, follow, max-snippet:-1, max-image-preview:large, max-video-preview:-1\" \/>\n<link rel=\"canonical\" href=\"https:\/\/www.masella.com\/blog\/es\/3139\/\" \/>\n<meta property=\"og:locale\" content=\"es_ES\" \/>\n<meta property=\"og:type\" content=\"article\" \/>\n<meta property=\"og:title\" content=\"AS\u00cd CELEBRAMOS LOS 50 A\u00d1OS DE MASELLA: \u00a1UNA NOCHE M\u00c1GICA! - blog oficial de masella\" \/>\n<meta property=\"og:description\" content=\"El s\u00e1bado 3 de febrero de 2018 Masella celebr\u00f3 el acto central del 50 aniversario de la estaci\u00f3n. Fue una\" \/>\n<meta property=\"og:url\" content=\"https:\/\/www.masella.com\/blog\/es\/3139\/\" \/>\n<meta property=\"og:site_name\" content=\"blog oficial de masella\" \/>\n<meta property=\"article:published_time\" content=\"2018-02-06T09:10:46+00:00\" \/>\n<meta property=\"article:modified_time\" content=\"2022-06-01T06:33:33+00:00\" \/>\n<meta property=\"og:image\" content=\"https:\/\/www.masella.com\/blog\/wp-content\/uploads\/2018\/02\/2018_02_03_Torxes.jpg\" \/>\n\t<meta property=\"og:image:width\" content=\"800\" \/>\n\t<meta property=\"og:image:height\" content=\"450\" \/>\n\t<meta property=\"og:image:type\" content=\"image\/jpeg\" \/>\n<meta name=\"author\" content=\"masella\" \/>\n<meta name=\"twitter:card\" content=\"summary_large_image\" \/>\n<meta name=\"twitter:label1\" content=\"Escrito por\" \/>\n\t<meta name=\"twitter:data1\" content=\"masella\" \/>\n\t<meta name=\"twitter:label2\" content=\"Tiempo de lectura\" \/>\n\t<meta name=\"twitter:data2\" content=\"1 minuto\" \/>\n<script type=\"application\/ld+json\" class=\"yoast-schema-graph\">{\"@context\":\"https:\/\/schema.org\",\"@graph\":[{\"@type\":\"Article\",\"@id\":\"https:\/\/www.masella.com\/blog\/es\/3139\/#article\",\"isPartOf\":{\"@id\":\"https:\/\/www.masella.com\/blog\/es\/3139\/\"},\"author\":{\"name\":\"masella\",\"@id\":\"https:\/\/www.masella.com\/blog\/ca\/#\/schema\/person\/e32b971f5be20790c591d85b8f1c706b\"},\"headline\":\"AS\u00cd CELEBRAMOS LOS 50 A\u00d1OS DE MASELLA: \u00a1UNA NOCHE M\u00c1GICA!\",\"datePublished\":\"2018-02-06T09:10:46+00:00\",\"dateModified\":\"2022-06-01T06:33:33+00:00\",\"mainEntityOfPage\":{\"@id\":\"https:\/\/www.masella.com\/blog\/es\/3139\/\"},\"wordCount\":238,\"publisher\":{\"@id\":\"https:\/\/www.masella.com\/blog\/ca\/#organization\"},\"articleSection\":[\"Actualidad\",\"Actualitat\",\"Eventos\",\"Nocturno\"],\"inLanguage\":\"es\"},{\"@type\":\"WebPage\",\"@id\":\"https:\/\/www.masella.com\/blog\/es\/3139\/\",\"url\":\"https:\/\/www.masella.com\/blog\/es\/3139\/\",\"name\":\"AS\u00cd CELEBRAMOS LOS 50 A\u00d1OS DE MASELLA: \u00a1UNA NOCHE M\u00c1GICA! - blog oficial de masella\",\"isPartOf\":{\"@id\":\"https:\/\/www.masella.com\/blog\/ca\/#website\"},\"datePublished\":\"2018-02-06T09:10:46+00:00\",\"dateModified\":\"2022-06-01T06:33:33+00:00\",\"breadcrumb\":{\"@id\":\"https:\/\/www.masella.com\/blog\/es\/3139\/#breadcrumb\"},\"inLanguage\":\"es\",\"potentialAction\":[{\"@type\":\"ReadAction\",\"target\":[\"https:\/\/www.masella.com\/blog\/es\/3139\/\"]}]},{\"@type\":\"BreadcrumbList\",\"@id\":\"https:\/\/www.masella.com\/blog\/es\/3139\/#breadcrumb\",\"itemListElement\":[{\"@type\":\"ListItem\",\"position\":1,\"name\":\"Portada\",\"item\":\"https:\/\/www.masella.com\/blog\/ca\/\"},{\"@type\":\"ListItem\",\"position\":2,\"name\":\"AS\u00cd CELEBRAMOS LOS 50 A\u00d1OS DE MASELLA: \u00a1UNA NOCHE M\u00c1GICA!\"}]},{\"@type\":\"WebSite\",\"@id\":\"https:\/\/www.masella.com\/blog\/ca\/#website\",\"url\":\"https:\/\/www.masella.com\/blog\/ca\/\",\"name\":\"blog oficial de masella\",\"description\":\"\",\"publisher\":{\"@id\":\"https:\/\/www.masella.com\/blog\/ca\/#organization\"},\"potentialAction\":[{\"@type\":\"SearchAction\",\"target\":{\"@type\":\"EntryPoint\",\"urlTemplate\":\"https:\/\/www.masella.com\/blog\/ca\/?s={search_term_string}\"},\"query-input\":\"required name=search_term_string\"}],\"inLanguage\":\"es\"},{\"@type\":\"Organization\",\"@id\":\"https:\/\/www.masella.com\/blog\/ca\/#organization\",\"name\":\"blog oficial de masella\",\"url\":\"https:\/\/www.masella.com\/blog\/ca\/\",\"logo\":{\"@type\":\"ImageObject\",\"inLanguage\":\"es\",\"@id\":\"https:\/\/www.masella.com\/blog\/ca\/#\/schema\/logo\/image\/\",\"url\":\"https:\/\/www.masella.com\/blog\/wp-content\/uploads\/2022\/12\/logo-masella-es-1.png\",\"contentUrl\":\"https:\/\/www.masella.com\/blog\/wp-content\/uploads\/2022\/12\/logo-masella-es-1.png\",\"width\":150,\"height\":88,\"caption\":\"blog oficial de masella\"},\"image\":{\"@id\":\"https:\/\/www.masella.com\/blog\/ca\/#\/schema\/logo\/image\/\"}},{\"@type\":\"Person\",\"@id\":\"https:\/\/www.masella.com\/blog\/ca\/#\/schema\/person\/e32b971f5be20790c591d85b8f1c706b\",\"name\":\"masella\",\"image\":{\"@type\":\"ImageObject\",\"inLanguage\":\"es\",\"@id\":\"https:\/\/www.masella.com\/blog\/ca\/#\/schema\/person\/image\/\",\"url\":\"https:\/\/secure.gravatar.com\/avatar\/57590b1151eaa410a783e55768bbbba2?s=96&d=mm&r=g\",\"contentUrl\":\"https:\/\/secure.gravatar.com\/avatar\/57590b1151eaa410a783e55768bbbba2?s=96&d=mm&r=g\",\"caption\":\"masella\"},\"url\":\"https:\/\/www.masella.com\/blog\/es\/author\/anna\/\"}]}<\/script>\n<!-- \/ Yoast SEO plugin. -->","yoast_head_json":{"title":"AS\u00cd CELEBRAMOS LOS 50 A\u00d1OS DE MASELLA: \u00a1UNA NOCHE M\u00c1GICA! - blog oficial de masella","robots":{"index":"index","follow":"follow","max-snippet":"max-snippet:-1","max-image-preview":"max-image-preview:large","max-video-preview":"max-video-preview:-1"},"canonical":"https:\/\/www.masella.com\/blog\/es\/3139\/","og_locale":"es_ES","og_type":"article","og_title":"AS\u00cd CELEBRAMOS LOS 50 A\u00d1OS DE MASELLA: \u00a1UNA NOCHE M\u00c1GICA! - blog oficial de masella","og_description":"El s\u00e1bado 3 de febrero de 2018 Masella celebr\u00f3 el acto central del 50 aniversario de la estaci\u00f3n. Fue una","og_url":"https:\/\/www.masella.com\/blog\/es\/3139\/","og_site_name":"blog oficial de masella","article_published_time":"2018-02-06T09:10:46+00:00","article_modified_time":"2022-06-01T06:33:33+00:00","og_image":[{"width":800,"height":450,"url":"https:\/\/www.masella.com\/blog\/wp-content\/uploads\/2018\/02\/2018_02_03_Torxes.jpg","type":"image\/jpeg"}],"author":"masella","twitter_card":"summary_large_image","twitter_misc":{"Escrito por":"masella","Tiempo de lectura":"1 minuto"},"schema":{"@context":"https:\/\/schema.org","@graph":[{"@type":"Article","@id":"https:\/\/www.masella.com\/blog\/es\/3139\/#article","isPartOf":{"@id":"https:\/\/www.masella.com\/blog\/es\/3139\/"},"author":{"name":"masella","@id":"https:\/\/www.masella.com\/blog\/ca\/#\/schema\/person\/e32b971f5be20790c591d85b8f1c706b"},"headline":"AS\u00cd CELEBRAMOS LOS 50 A\u00d1OS DE MASELLA: \u00a1UNA NOCHE M\u00c1GICA!","datePublished":"2018-02-06T09:10:46+00:00","dateModified":"2022-06-01T06:33:33+00:00","mainEntityOfPage":{"@id":"https:\/\/www.masella.com\/blog\/es\/3139\/"},"wordCount":238,"publisher":{"@id":"https:\/\/www.masella.com\/blog\/ca\/#organization"},"articleSection":["Actualidad","Actualitat","Eventos","Nocturno"],"inLanguage":"es"},{"@type":"WebPage","@id":"https:\/\/www.masella.com\/blog\/es\/3139\/","url":"https:\/\/www.masella.com\/blog\/es\/3139\/","name":"AS\u00cd CELEBRAMOS LOS 50 A\u00d1OS DE MASELLA: \u00a1UNA NOCHE M\u00c1GICA! - blog oficial de masella","isPartOf":{"@id":"https:\/\/www.masella.com\/blog\/ca\/#website"},"datePublished":"2018-02-06T09:10:46+00:00","dateModified":"2022-06-01T06:33:33+00:00","breadcrumb":{"@id":"https:\/\/www.masella.com\/blog\/es\/3139\/#breadcrumb"},"inLanguage":"es","potentialAction":[{"@type":"ReadAction","target":["https:\/\/www.masella.com\/blog\/es\/3139\/"]}]},{"@type":"BreadcrumbList","@id":"https:\/\/www.masella.com\/blog\/es\/3139\/#breadcrumb","itemListElement":[{"@type":"ListItem","position":1,"name":"Portada","item":"https:\/\/www.masella.com\/blog\/ca\/"},{"@type":"ListItem","position":2,"name":"AS\u00cd CELEBRAMOS LOS 50 A\u00d1OS DE MASELLA: \u00a1UNA NOCHE M\u00c1GICA!"}]},{"@type":"WebSite","@id":"https:\/\/www.masella.com\/blog\/ca\/#website","url":"https:\/\/www.masella.com\/blog\/ca\/","name":"blog oficial de masella","description":"","publisher":{"@id":"https:\/\/www.masella.com\/blog\/ca\/#organization"},"potentialAction":[{"@type":"SearchAction","target":{"@type":"EntryPoint","urlTemplate":"https:\/\/www.masella.com\/blog\/ca\/?s={search_term_string}"},"query-input":"required name=search_term_string"}],"inLanguage":"es"},{"@type":"Organization","@id":"https:\/\/www.masella.com\/blog\/ca\/#organization","name":"blog oficial de masella","url":"https:\/\/www.masella.com\/blog\/ca\/","logo":{"@type":"ImageObject","inLanguage":"es","@id":"https:\/\/www.masella.com\/blog\/ca\/#\/schema\/logo\/image\/","url":"https:\/\/www.masella.com\/blog\/wp-content\/uploads\/2022\/12\/logo-masella-es-1.png","contentUrl":"https:\/\/www.masella.com\/blog\/wp-content\/uploads\/2022\/12\/logo-masella-es-1.png","width":150,"height":88,"caption":"blog oficial de masella"},"image":{"@id":"https:\/\/www.masella.com\/blog\/ca\/#\/schema\/logo\/image\/"}},{"@type":"Person","@id":"https:\/\/www.masella.com\/blog\/ca\/#\/schema\/person\/e32b971f5be20790c591d85b8f1c706b","name":"masella","image":{"@type":"ImageObject","inLanguage":"es","@id":"https:\/\/www.masella.com\/blog\/ca\/#\/schema\/person\/image\/","url":"https:\/\/secure.gravatar.com\/avatar\/57590b1151eaa410a783e55768bbbba2?s=96&d=mm&r=g","contentUrl":"https:\/\/secure.gravatar.com\/avatar\/57590b1151eaa410a783e55768bbbba2?s=96&d=mm&r=g","caption":"masella"},"url":"https:\/\/www.masella.com\/blog\/es\/author\/anna\/"}]}},"_links":{"self":[{"href":"https:\/\/www.masella.com\/blog\/es\/wp-json\/wp\/v2\/posts\/3154"}],"collection":[{"href":"https:\/\/www.masella.com\/blog\/es\/wp-json\/wp\/v2\/posts"}],"about":[{"href":"https:\/\/www.masella.com\/blog\/es\/wp-json\/wp\/v2\/types\/post"}],"author":[{"embeddable":true,"href":"https:\/\/www.masella.com\/blog\/es\/wp-json\/wp\/v2\/users\/4"}],"replies":[{"embeddable":true,"href":"https:\/\/www.masella.com\/blog\/es\/wp-json\/wp\/v2\/comments?post=3154"}],"version-history":[{"count":3,"href":"https:\/\/www.masella.com\/blog\/es\/wp-json\/wp\/v2\/posts\/3154\/revisions"}],"predecessor-version":[{"id":3157,"href":"https:\/\/www.masella.com\/blog\/es\/wp-json\/wp\/v2\/posts\/3154\/revisions\/3157"}],"wp:featuredmedia":[{"embeddable":true,"href":"https:\/\/www.masella.com\/blog\/es\/wp-json\/wp\/v2\/media\/5227"}],"wp:attachment":[{"href":"https:\/\/www.masella.com\/blog\/es\/wp-json\/wp\/v2\/media?parent=3154"}],"wp:term":[{"taxonomy":"category","embeddable":true,"href":"https:\/\/www.masella.com\/blog\/es\/wp-json\/wp\/v2\/categories?post=3154"},{"taxonomy":"post_tag","embeddable":true,"href":"https:\/\/www.masella.com\/blog\/es\/wp-json\/wp\/v2\/tags?post=3154"}],"curies":[{"name":"wp","href":"https:\/\/api.w.org\/{rel}","templated":true}]}}