{"id":3195,"date":"2018-02-15T09:58:29","date_gmt":"2018-02-15T09:58:29","guid":{"rendered":"http:\/\/www.masella.com\/blog\/parir-neu-2018-divendres-16-masella\/"},"modified":"2022-06-01T06:33:32","modified_gmt":"2022-06-01T06:33:32","slug":"parir-neu-2018-divendres-16-masella","status":"publish","type":"post","link":"https:\/\/www.masella.com\/blog\/es\/parir-neu-2018-divendres-16-masella\/","title":{"rendered":"VA PARIR DE NEU 2018 &#8211; VIERNES 16\/02 EN MASELLA"},"content":{"rendered":"<p><strong>El viernes 16 de febrero<\/strong>\u00a0todo el equipo de\u00a0<strong><em>El mat\u00ed i la mare que el va parir<\/em><\/strong>\u00a0se desplazar\u00e1 a Masella para emitir en directo el programa de radio desde nuestra estaci\u00f3n.<\/p>\n<p>Ser\u00e1 un dia de radio, esqu\u00ed y mucha m\u00fasica con el gran\u00a0<strong><em>Va parir de neu!<\/em><\/strong>\u00a0<strong>De 6:00 a 10:00 de la ma\u00f1ana,\u00a0<a href=\"https:\/\/www.radioflaixbac.cat\/el-mati-i-la-mare-que-el-va-parir\/\"><em>El mat\u00ed i la mare que el va parir<\/em><\/a>\u00a0en directo desde la primera planta del Restaurante del Pla de Masella.<\/strong>\u00a0Habr\u00e1 sopresas, regalos y la actuaci\u00f3n en directo del grupo\u00a0<a href=\"http:\/\/www.buhosrock.com\/\"><strong>Buhos<\/strong><\/a>.<\/p>\n<p>No os perd\u00e1is la oportunidad de seguir en directo el espacio matinal m\u00e1s divertido de las ondas. \u00a1Risas aseguradas! Y despu\u00e9s, pod\u00e9is seguir con una jornada de esqu\u00ed y snowboard en Masella. La estaci\u00f3n presenta unas condiciones inmejorables, con el 100% del dominio esquiable abierto y espesores que van de los 150 a los 245 cm de nieve polvo.<\/p>\n<p>Organizan el evento R\u00e0dio Flaixbac, Diputaci\u00f3 de Girona, Patronat de Turisme Costa Brava Pirineu, Pirineu de Girona, Cacaolat y Estaci\u00f3 d&#8217;Esqu\u00ed de Masella, con la inestimable colaboraci\u00f3n de\u00a0<a href=\"http:\/\/www.transcerdanya.com\/\">Autocars Trans Cerdanya<\/a>.<\/p>\n<p><a href=\"http:\/\/www.masella.com\/blog\/wp-content\/uploads\/2018\/02\/vaparir2018_1.jpg\"><img loading=\"lazy\" decoding=\"async\" class=\"alignnone size-full wp-image-3193\" src=\"http:\/\/www.masella.com\/blog\/wp-content\/uploads\/2018\/02\/vaparir2018_1.jpg\" alt=\"\" width=\"800\" height=\"304\" srcset=\"https:\/\/www.masella.com\/blog\/wp-content\/uploads\/2018\/02\/vaparir2018_1.jpg 800w, https:\/\/www.masella.com\/blog\/wp-content\/uploads\/2018\/02\/vaparir2018_1-300x114.jpg 300w, https:\/\/www.masella.com\/blog\/wp-content\/uploads\/2018\/02\/vaparir2018_1-768x292.jpg 768w\" sizes=\"(max-width: 800px) 100vw, 800px\" \/><\/a><\/p>\n","protected":false},"excerpt":{"rendered":"<p>El viernes 16 de febrero\u00a0todo el equipo de\u00a0El mat\u00ed i la mare que el va parir\u00a0se desplazar\u00e1 a Masella para<\/p>\n","protected":false},"author":4,"featured_media":5211,"comment_status":"closed","ping_status":"open","sticky":false,"template":"","format":"standard","meta":{"footnotes":""},"categories":[20,28,16],"tags":[],"yoast_head":"<!-- This site is optimized with the Yoast SEO plugin v21.5 - https:\/\/yoast.com\/wordpress\/plugins\/seo\/ -->\n<title>VA PARIR DE NEU 2018 - VIERNES 16\/02 EN MASELLA - blog oficial de masella<\/title>\n<meta name=\"robots\" content=\"index, follow, max-snippet:-1, max-image-preview:large, max-video-preview:-1\" \/>\n<link rel=\"canonical\" href=\"https:\/\/www.masella.com\/blog\/es\/parir-neu-2018-divendres-16-masella\/\" \/>\n<meta property=\"og:locale\" content=\"es_ES\" \/>\n<meta property=\"og:type\" content=\"article\" \/>\n<meta property=\"og:title\" content=\"VA PARIR DE NEU 2018 - VIERNES 16\/02 EN MASELLA - blog oficial de masella\" \/>\n<meta property=\"og:description\" content=\"El viernes 16 de febrero\u00a0todo el equipo de\u00a0El mat\u00ed i la mare que el va parir\u00a0se desplazar\u00e1 a Masella para\" \/>\n<meta property=\"og:url\" content=\"https:\/\/www.masella.com\/blog\/es\/parir-neu-2018-divendres-16-masella\/\" \/>\n<meta property=\"og:site_name\" content=\"blog oficial de masella\" \/>\n<meta property=\"article:published_time\" content=\"2018-02-15T09:58:29+00:00\" \/>\n<meta property=\"article:modified_time\" content=\"2022-06-01T06:33:32+00:00\" \/>\n<meta property=\"og:image\" content=\"https:\/\/www.masella.com\/blog\/wp-content\/uploads\/2018\/02\/vaparir2018_destacat.jpg\" \/>\n\t<meta property=\"og:image:width\" content=\"800\" \/>\n\t<meta property=\"og:image:height\" content=\"450\" \/>\n\t<meta property=\"og:image:type\" content=\"image\/jpeg\" \/>\n<meta name=\"author\" content=\"masella\" \/>\n<meta name=\"twitter:card\" content=\"summary_large_image\" \/>\n<meta name=\"twitter:label1\" content=\"Escrito por\" \/>\n\t<meta name=\"twitter:data1\" content=\"masella\" \/>\n\t<meta name=\"twitter:label2\" content=\"Tiempo de lectura\" \/>\n\t<meta name=\"twitter:data2\" content=\"1 minuto\" \/>\n<script type=\"application\/ld+json\" class=\"yoast-schema-graph\">{\"@context\":\"https:\/\/schema.org\",\"@graph\":[{\"@type\":\"Article\",\"@id\":\"https:\/\/www.masella.com\/blog\/es\/parir-neu-2018-divendres-16-masella\/#article\",\"isPartOf\":{\"@id\":\"https:\/\/www.masella.com\/blog\/es\/parir-neu-2018-divendres-16-masella\/\"},\"author\":{\"name\":\"masella\",\"@id\":\"https:\/\/www.masella.com\/blog\/ca\/#\/schema\/person\/e32b971f5be20790c591d85b8f1c706b\"},\"headline\":\"VA PARIR DE NEU 2018 &#8211; VIERNES 16\/02 EN MASELLA\",\"datePublished\":\"2018-02-15T09:58:29+00:00\",\"dateModified\":\"2022-06-01T06:33:32+00:00\",\"mainEntityOfPage\":{\"@id\":\"https:\/\/www.masella.com\/blog\/es\/parir-neu-2018-divendres-16-masella\/\"},\"wordCount\":192,\"publisher\":{\"@id\":\"https:\/\/www.masella.com\/blog\/ca\/#organization\"},\"articleSection\":[\"Actualidad\",\"Actualitat\",\"Eventos\"],\"inLanguage\":\"es\"},{\"@type\":\"WebPage\",\"@id\":\"https:\/\/www.masella.com\/blog\/es\/parir-neu-2018-divendres-16-masella\/\",\"url\":\"https:\/\/www.masella.com\/blog\/es\/parir-neu-2018-divendres-16-masella\/\",\"name\":\"VA PARIR DE NEU 2018 - VIERNES 16\/02 EN MASELLA - blog oficial de masella\",\"isPartOf\":{\"@id\":\"https:\/\/www.masella.com\/blog\/ca\/#website\"},\"datePublished\":\"2018-02-15T09:58:29+00:00\",\"dateModified\":\"2022-06-01T06:33:32+00:00\",\"breadcrumb\":{\"@id\":\"https:\/\/www.masella.com\/blog\/es\/parir-neu-2018-divendres-16-masella\/#breadcrumb\"},\"inLanguage\":\"es\",\"potentialAction\":[{\"@type\":\"ReadAction\",\"target\":[\"https:\/\/www.masella.com\/blog\/es\/parir-neu-2018-divendres-16-masella\/\"]}]},{\"@type\":\"BreadcrumbList\",\"@id\":\"https:\/\/www.masella.com\/blog\/es\/parir-neu-2018-divendres-16-masella\/#breadcrumb\",\"itemListElement\":[{\"@type\":\"ListItem\",\"position\":1,\"name\":\"Portada\",\"item\":\"https:\/\/www.masella.com\/blog\/ca\/\"},{\"@type\":\"ListItem\",\"position\":2,\"name\":\"VA PARIR DE NEU 2018 &#8211; VIERNES 16\/02 EN MASELLA\"}]},{\"@type\":\"WebSite\",\"@id\":\"https:\/\/www.masella.com\/blog\/ca\/#website\",\"url\":\"https:\/\/www.masella.com\/blog\/ca\/\",\"name\":\"blog oficial de masella\",\"description\":\"\",\"publisher\":{\"@id\":\"https:\/\/www.masella.com\/blog\/ca\/#organization\"},\"potentialAction\":[{\"@type\":\"SearchAction\",\"target\":{\"@type\":\"EntryPoint\",\"urlTemplate\":\"https:\/\/www.masella.com\/blog\/ca\/?s={search_term_string}\"},\"query-input\":\"required name=search_term_string\"}],\"inLanguage\":\"es\"},{\"@type\":\"Organization\",\"@id\":\"https:\/\/www.masella.com\/blog\/ca\/#organization\",\"name\":\"blog oficial de masella\",\"url\":\"https:\/\/www.masella.com\/blog\/ca\/\",\"logo\":{\"@type\":\"ImageObject\",\"inLanguage\":\"es\",\"@id\":\"https:\/\/www.masella.com\/blog\/ca\/#\/schema\/logo\/image\/\",\"url\":\"https:\/\/www.masella.com\/blog\/wp-content\/uploads\/2022\/12\/logo-masella-es-1.png\",\"contentUrl\":\"https:\/\/www.masella.com\/blog\/wp-content\/uploads\/2022\/12\/logo-masella-es-1.png\",\"width\":150,\"height\":88,\"caption\":\"blog oficial de masella\"},\"image\":{\"@id\":\"https:\/\/www.masella.com\/blog\/ca\/#\/schema\/logo\/image\/\"}},{\"@type\":\"Person\",\"@id\":\"https:\/\/www.masella.com\/blog\/ca\/#\/schema\/person\/e32b971f5be20790c591d85b8f1c706b\",\"name\":\"masella\",\"image\":{\"@type\":\"ImageObject\",\"inLanguage\":\"es\",\"@id\":\"https:\/\/www.masella.com\/blog\/ca\/#\/schema\/person\/image\/\",\"url\":\"https:\/\/secure.gravatar.com\/avatar\/57590b1151eaa410a783e55768bbbba2?s=96&d=mm&r=g\",\"contentUrl\":\"https:\/\/secure.gravatar.com\/avatar\/57590b1151eaa410a783e55768bbbba2?s=96&d=mm&r=g\",\"caption\":\"masella\"},\"url\":\"https:\/\/www.masella.com\/blog\/es\/author\/anna\/\"}]}<\/script>\n<!-- \/ Yoast SEO plugin. -->","yoast_head_json":{"title":"VA PARIR DE NEU 2018 - VIERNES 16\/02 EN MASELLA - blog oficial de masella","robots":{"index":"index","follow":"follow","max-snippet":"max-snippet:-1","max-image-preview":"max-image-preview:large","max-video-preview":"max-video-preview:-1"},"canonical":"https:\/\/www.masella.com\/blog\/es\/parir-neu-2018-divendres-16-masella\/","og_locale":"es_ES","og_type":"article","og_title":"VA PARIR DE NEU 2018 - VIERNES 16\/02 EN MASELLA - blog oficial de masella","og_description":"El viernes 16 de febrero\u00a0todo el equipo de\u00a0El mat\u00ed i la mare que el va parir\u00a0se desplazar\u00e1 a Masella para","og_url":"https:\/\/www.masella.com\/blog\/es\/parir-neu-2018-divendres-16-masella\/","og_site_name":"blog oficial de masella","article_published_time":"2018-02-15T09:58:29+00:00","article_modified_time":"2022-06-01T06:33:32+00:00","og_image":[{"width":800,"height":450,"url":"https:\/\/www.masella.com\/blog\/wp-content\/uploads\/2018\/02\/vaparir2018_destacat.jpg","type":"image\/jpeg"}],"author":"masella","twitter_card":"summary_large_image","twitter_misc":{"Escrito por":"masella","Tiempo de lectura":"1 minuto"},"schema":{"@context":"https:\/\/schema.org","@graph":[{"@type":"Article","@id":"https:\/\/www.masella.com\/blog\/es\/parir-neu-2018-divendres-16-masella\/#article","isPartOf":{"@id":"https:\/\/www.masella.com\/blog\/es\/parir-neu-2018-divendres-16-masella\/"},"author":{"name":"masella","@id":"https:\/\/www.masella.com\/blog\/ca\/#\/schema\/person\/e32b971f5be20790c591d85b8f1c706b"},"headline":"VA PARIR DE NEU 2018 &#8211; VIERNES 16\/02 EN MASELLA","datePublished":"2018-02-15T09:58:29+00:00","dateModified":"2022-06-01T06:33:32+00:00","mainEntityOfPage":{"@id":"https:\/\/www.masella.com\/blog\/es\/parir-neu-2018-divendres-16-masella\/"},"wordCount":192,"publisher":{"@id":"https:\/\/www.masella.com\/blog\/ca\/#organization"},"articleSection":["Actualidad","Actualitat","Eventos"],"inLanguage":"es"},{"@type":"WebPage","@id":"https:\/\/www.masella.com\/blog\/es\/parir-neu-2018-divendres-16-masella\/","url":"https:\/\/www.masella.com\/blog\/es\/parir-neu-2018-divendres-16-masella\/","name":"VA PARIR DE NEU 2018 - VIERNES 16\/02 EN MASELLA - blog oficial de masella","isPartOf":{"@id":"https:\/\/www.masella.com\/blog\/ca\/#website"},"datePublished":"2018-02-15T09:58:29+00:00","dateModified":"2022-06-01T06:33:32+00:00","breadcrumb":{"@id":"https:\/\/www.masella.com\/blog\/es\/parir-neu-2018-divendres-16-masella\/#breadcrumb"},"inLanguage":"es","potentialAction":[{"@type":"ReadAction","target":["https:\/\/www.masella.com\/blog\/es\/parir-neu-2018-divendres-16-masella\/"]}]},{"@type":"BreadcrumbList","@id":"https:\/\/www.masella.com\/blog\/es\/parir-neu-2018-divendres-16-masella\/#breadcrumb","itemListElement":[{"@type":"ListItem","position":1,"name":"Portada","item":"https:\/\/www.masella.com\/blog\/ca\/"},{"@type":"ListItem","position":2,"name":"VA PARIR DE NEU 2018 &#8211; VIERNES 16\/02 EN MASELLA"}]},{"@type":"WebSite","@id":"https:\/\/www.masella.com\/blog\/ca\/#website","url":"https:\/\/www.masella.com\/blog\/ca\/","name":"blog oficial de masella","description":"","publisher":{"@id":"https:\/\/www.masella.com\/blog\/ca\/#organization"},"potentialAction":[{"@type":"SearchAction","target":{"@type":"EntryPoint","urlTemplate":"https:\/\/www.masella.com\/blog\/ca\/?s={search_term_string}"},"query-input":"required name=search_term_string"}],"inLanguage":"es"},{"@type":"Organization","@id":"https:\/\/www.masella.com\/blog\/ca\/#organization","name":"blog oficial de masella","url":"https:\/\/www.masella.com\/blog\/ca\/","logo":{"@type":"ImageObject","inLanguage":"es","@id":"https:\/\/www.masella.com\/blog\/ca\/#\/schema\/logo\/image\/","url":"https:\/\/www.masella.com\/blog\/wp-content\/uploads\/2022\/12\/logo-masella-es-1.png","contentUrl":"https:\/\/www.masella.com\/blog\/wp-content\/uploads\/2022\/12\/logo-masella-es-1.png","width":150,"height":88,"caption":"blog oficial de masella"},"image":{"@id":"https:\/\/www.masella.com\/blog\/ca\/#\/schema\/logo\/image\/"}},{"@type":"Person","@id":"https:\/\/www.masella.com\/blog\/ca\/#\/schema\/person\/e32b971f5be20790c591d85b8f1c706b","name":"masella","image":{"@type":"ImageObject","inLanguage":"es","@id":"https:\/\/www.masella.com\/blog\/ca\/#\/schema\/person\/image\/","url":"https:\/\/secure.gravatar.com\/avatar\/57590b1151eaa410a783e55768bbbba2?s=96&d=mm&r=g","contentUrl":"https:\/\/secure.gravatar.com\/avatar\/57590b1151eaa410a783e55768bbbba2?s=96&d=mm&r=g","caption":"masella"},"url":"https:\/\/www.masella.com\/blog\/es\/author\/anna\/"}]}},"_links":{"self":[{"href":"https:\/\/www.masella.com\/blog\/es\/wp-json\/wp\/v2\/posts\/3195"}],"collection":[{"href":"https:\/\/www.masella.com\/blog\/es\/wp-json\/wp\/v2\/posts"}],"about":[{"href":"https:\/\/www.masella.com\/blog\/es\/wp-json\/wp\/v2\/types\/post"}],"author":[{"embeddable":true,"href":"https:\/\/www.masella.com\/blog\/es\/wp-json\/wp\/v2\/users\/4"}],"replies":[{"embeddable":true,"href":"https:\/\/www.masella.com\/blog\/es\/wp-json\/wp\/v2\/comments?post=3195"}],"version-history":[{"count":4,"href":"https:\/\/www.masella.com\/blog\/es\/wp-json\/wp\/v2\/posts\/3195\/revisions"}],"predecessor-version":[{"id":3200,"href":"https:\/\/www.masella.com\/blog\/es\/wp-json\/wp\/v2\/posts\/3195\/revisions\/3200"}],"wp:featuredmedia":[{"embeddable":true,"href":"https:\/\/www.masella.com\/blog\/es\/wp-json\/wp\/v2\/media\/5211"}],"wp:attachment":[{"href":"https:\/\/www.masella.com\/blog\/es\/wp-json\/wp\/v2\/media?parent=3195"}],"wp:term":[{"taxonomy":"category","embeddable":true,"href":"https:\/\/www.masella.com\/blog\/es\/wp-json\/wp\/v2\/categories?post=3195"},{"taxonomy":"post_tag","embeddable":true,"href":"https:\/\/www.masella.com\/blog\/es\/wp-json\/wp\/v2\/tags?post=3195"}],"curies":[{"name":"wp","href":"https:\/\/api.w.org\/{rel}","templated":true}]}}