{"id":3322,"date":"2018-03-31T09:48:54","date_gmt":"2018-03-31T09:48:54","guid":{"rendered":"http:\/\/www.masella.com\/blog\/masella-guardonada-premi-g\/"},"modified":"2022-06-01T06:33:09","modified_gmt":"2022-06-01T06:33:09","slug":"masella-guardonada-premi-g","status":"publish","type":"post","link":"https:\/\/www.masella.com\/blog\/es\/masella-guardonada-premi-g\/","title":{"rendered":"MASELLA GALARDONADA CON UN PREMIO G!"},"content":{"rendered":"<div class=\"cuerpo_noticia\">\n<div class=\"cuadro_multimedia\">\n<div class=\"foto_desa\">\n<div class=\"ver_foto_galeria\">\n<p>Masella, junto con las otras cuatro estaciones de esqu\u00ed alpino y n\u00f3rdico del Pirineo de Girona fueron entre los galardonados en los Premios G! honor\u00edficos, en un acto que tuvo lugar en el Hotel Carlemany de Girona.<\/p>\n<p>Los Premios G! de turismo de las comarcas de Girona, organizados por el Patronato de Turismo Costa Brava Girona llegaban a la duod\u00e9cima edici\u00f3n y reunieron unas 250 personas, entre autoridades, galardonados y representantes del sector tur\u00edstico. El acto lo presidi\u00f3 Pere Vila, presidente de la Diputaci\u00f3n de Girona y del Patronato de Turismo Costa Brava Girona. En su intervenci\u00f3n, Vila remarc\u00f3 que \u00abel turismo en nuestra demarcaci\u00f3n destaca por su fortaleza, fruto del trabajo y del buen hacer de nuestros profesionales del sector\u00bb. Tambi\u00e9n incidi\u00f3 en la necesidad \u00abde seguir trabajando conjuntamente sector p\u00fablico y privado para alcanzar nuevos retos de futuro\u00bb. Vila enumer\u00f3 los principales hitos alcanzados por la entidad de promoci\u00f3n y el sector, y mencion\u00f3 algunas de las acciones estrat\u00e9gicas que est\u00e1n llevando a cabo en el 2018.<\/p>\n<\/div>\n<\/div>\n<\/div>\n<p><a href=\"http:\/\/www.masella.com\/blog\/wp-content\/uploads\/2018\/03\/PREMI_BLOG.jpg\"><img loading=\"lazy\" decoding=\"async\" class=\"alignnone size-full wp-image-3318\" src=\"http:\/\/www.masella.com\/blog\/wp-content\/uploads\/2018\/03\/PREMI_BLOG.jpg\" alt=\"\" width=\"800\" height=\"663\" srcset=\"https:\/\/www.masella.com\/blog\/wp-content\/uploads\/2018\/03\/PREMI_BLOG.jpg 800w, https:\/\/www.masella.com\/blog\/wp-content\/uploads\/2018\/03\/PREMI_BLOG-300x249.jpg 300w, https:\/\/www.masella.com\/blog\/wp-content\/uploads\/2018\/03\/PREMI_BLOG-768x636.jpg 768w\" sizes=\"(max-width: 800px) 100vw, 800px\" \/><\/a><\/p>\n<div id=\"hybs-slot-f59e4003-5\">El Premio G! Josep Pujol y Aul\u00ed a la tarea profesional fue para Josep Maria Molist y Codina, en reconocimiento de su val\u00eda y larga trayectoria profesional en el \u00e1mbito del turismo, al frente de Evenia Hotels, de Lloret de Mar, por haber proyectado la imagen de la Costa Brava en todo el mundo.<\/div>\n<div><\/div>\n<div>El Premio G! Xiquet Sabater al proyecto empresarial fue para la Facultad de Turismo de la Universidad de Girona, en reconocimiento de la excelente labor desarrollada por la instituci\u00f3n a lo largo de los a\u00f1os en cuanto a la formaci\u00f3n ejemplar de los estudiantes de turismo, por haber situado la facultad como referente mundial en este \u00e1mbito.<\/div>\n<div><\/div>\n<div>El Premio G! especial Jordi Comas y Matamala recay\u00f3 en las estaciones de esqu\u00ed de Masella, las de Ferrocarrils de la Generalitat de Catalunya -La Molina, Vall de N\u00faria y Vallter 2000-, y Guils Fontanera, en reconocimiento de la excelente labor desarrollada por estas entidades y empresas, a lo largo de los a\u00f1os, con respecto a la promoci\u00f3n de los deportes de invierno y del Pirineo de Girona todo el mundo.<\/div>\n<div><\/div>\n<div>Y finalmente, el Premio G! especial Juli Soler y Lobo, para la Cocina de Sils, en reconocimiento de su trayectoria en los \u00faltimos 25 a\u00f1os, por haber tenido como objetivo proyectar y difundir la cocina tradicional catalana en todo el mundo.<\/div>\n<\/div>\n","protected":false},"excerpt":{"rendered":"<p>Masella, junto con las otras cuatro estaciones de esqu\u00ed alpino y n\u00f3rdico del Pirineo de Girona fueron entre los galardonados<\/p>\n","protected":false},"author":4,"featured_media":3319,"comment_status":"closed","ping_status":"open","sticky":false,"template":"","format":"standard","meta":{"footnotes":""},"categories":[20,28,16],"tags":[],"yoast_head":"<!-- This site is optimized with the Yoast SEO plugin v21.5 - https:\/\/yoast.com\/wordpress\/plugins\/seo\/ -->\n<title>MASELLA GALARDONADA CON UN PREMIO G! - blog oficial de masella<\/title>\n<meta name=\"robots\" content=\"index, follow, max-snippet:-1, max-image-preview:large, max-video-preview:-1\" \/>\n<link rel=\"canonical\" href=\"https:\/\/www.masella.com\/blog\/es\/masella-guardonada-premi-g\/\" \/>\n<meta property=\"og:locale\" content=\"es_ES\" \/>\n<meta property=\"og:type\" content=\"article\" \/>\n<meta property=\"og:title\" content=\"MASELLA GALARDONADA CON UN PREMIO G! - blog oficial de masella\" \/>\n<meta property=\"og:description\" content=\"Masella, junto con las otras cuatro estaciones de esqu\u00ed alpino y n\u00f3rdico del Pirineo de Girona fueron entre los galardonados\" \/>\n<meta property=\"og:url\" content=\"https:\/\/www.masella.com\/blog\/es\/masella-guardonada-premi-g\/\" \/>\n<meta property=\"og:site_name\" content=\"blog oficial de masella\" \/>\n<meta property=\"article:published_time\" content=\"2018-03-31T09:48:54+00:00\" \/>\n<meta property=\"article:modified_time\" content=\"2022-06-01T06:33:09+00:00\" \/>\n<meta property=\"og:image\" content=\"https:\/\/www.masella.com\/blog\/wp-content\/uploads\/2018\/03\/PREMI_DESTACAT.jpg\" \/>\n\t<meta property=\"og:image:width\" content=\"800\" \/>\n\t<meta property=\"og:image:height\" content=\"450\" \/>\n\t<meta property=\"og:image:type\" content=\"image\/jpeg\" \/>\n<meta name=\"author\" content=\"masella\" \/>\n<meta name=\"twitter:card\" content=\"summary_large_image\" \/>\n<meta name=\"twitter:label1\" content=\"Escrito por\" \/>\n\t<meta name=\"twitter:data1\" content=\"masella\" \/>\n\t<meta name=\"twitter:label2\" content=\"Tiempo de lectura\" \/>\n\t<meta name=\"twitter:data2\" content=\"2 minutos\" \/>\n<script type=\"application\/ld+json\" class=\"yoast-schema-graph\">{\"@context\":\"https:\/\/schema.org\",\"@graph\":[{\"@type\":\"Article\",\"@id\":\"https:\/\/www.masella.com\/blog\/es\/masella-guardonada-premi-g\/#article\",\"isPartOf\":{\"@id\":\"https:\/\/www.masella.com\/blog\/es\/masella-guardonada-premi-g\/\"},\"author\":{\"name\":\"masella\",\"@id\":\"https:\/\/www.masella.com\/blog\/ca\/#\/schema\/person\/e32b971f5be20790c591d85b8f1c706b\"},\"headline\":\"MASELLA GALARDONADA CON UN PREMIO G!\",\"datePublished\":\"2018-03-31T09:48:54+00:00\",\"dateModified\":\"2022-06-01T06:33:09+00:00\",\"mainEntityOfPage\":{\"@id\":\"https:\/\/www.masella.com\/blog\/es\/masella-guardonada-premi-g\/\"},\"wordCount\":416,\"publisher\":{\"@id\":\"https:\/\/www.masella.com\/blog\/ca\/#organization\"},\"articleSection\":[\"Actualidad\",\"Actualitat\",\"Eventos\"],\"inLanguage\":\"es\"},{\"@type\":\"WebPage\",\"@id\":\"https:\/\/www.masella.com\/blog\/es\/masella-guardonada-premi-g\/\",\"url\":\"https:\/\/www.masella.com\/blog\/es\/masella-guardonada-premi-g\/\",\"name\":\"MASELLA GALARDONADA CON UN PREMIO G! - blog oficial de masella\",\"isPartOf\":{\"@id\":\"https:\/\/www.masella.com\/blog\/ca\/#website\"},\"datePublished\":\"2018-03-31T09:48:54+00:00\",\"dateModified\":\"2022-06-01T06:33:09+00:00\",\"breadcrumb\":{\"@id\":\"https:\/\/www.masella.com\/blog\/es\/masella-guardonada-premi-g\/#breadcrumb\"},\"inLanguage\":\"es\",\"potentialAction\":[{\"@type\":\"ReadAction\",\"target\":[\"https:\/\/www.masella.com\/blog\/es\/masella-guardonada-premi-g\/\"]}]},{\"@type\":\"BreadcrumbList\",\"@id\":\"https:\/\/www.masella.com\/blog\/es\/masella-guardonada-premi-g\/#breadcrumb\",\"itemListElement\":[{\"@type\":\"ListItem\",\"position\":1,\"name\":\"Portada\",\"item\":\"https:\/\/www.masella.com\/blog\/ca\/\"},{\"@type\":\"ListItem\",\"position\":2,\"name\":\"MASELLA GALARDONADA CON UN PREMIO G!\"}]},{\"@type\":\"WebSite\",\"@id\":\"https:\/\/www.masella.com\/blog\/ca\/#website\",\"url\":\"https:\/\/www.masella.com\/blog\/ca\/\",\"name\":\"blog oficial de masella\",\"description\":\"\",\"publisher\":{\"@id\":\"https:\/\/www.masella.com\/blog\/ca\/#organization\"},\"potentialAction\":[{\"@type\":\"SearchAction\",\"target\":{\"@type\":\"EntryPoint\",\"urlTemplate\":\"https:\/\/www.masella.com\/blog\/ca\/?s={search_term_string}\"},\"query-input\":\"required name=search_term_string\"}],\"inLanguage\":\"es\"},{\"@type\":\"Organization\",\"@id\":\"https:\/\/www.masella.com\/blog\/ca\/#organization\",\"name\":\"blog oficial de masella\",\"url\":\"https:\/\/www.masella.com\/blog\/ca\/\",\"logo\":{\"@type\":\"ImageObject\",\"inLanguage\":\"es\",\"@id\":\"https:\/\/www.masella.com\/blog\/ca\/#\/schema\/logo\/image\/\",\"url\":\"https:\/\/www.masella.com\/blog\/wp-content\/uploads\/2022\/12\/logo-masella-es-1.png\",\"contentUrl\":\"https:\/\/www.masella.com\/blog\/wp-content\/uploads\/2022\/12\/logo-masella-es-1.png\",\"width\":150,\"height\":88,\"caption\":\"blog oficial de masella\"},\"image\":{\"@id\":\"https:\/\/www.masella.com\/blog\/ca\/#\/schema\/logo\/image\/\"}},{\"@type\":\"Person\",\"@id\":\"https:\/\/www.masella.com\/blog\/ca\/#\/schema\/person\/e32b971f5be20790c591d85b8f1c706b\",\"name\":\"masella\",\"image\":{\"@type\":\"ImageObject\",\"inLanguage\":\"es\",\"@id\":\"https:\/\/www.masella.com\/blog\/ca\/#\/schema\/person\/image\/\",\"url\":\"https:\/\/secure.gravatar.com\/avatar\/57590b1151eaa410a783e55768bbbba2?s=96&d=mm&r=g\",\"contentUrl\":\"https:\/\/secure.gravatar.com\/avatar\/57590b1151eaa410a783e55768bbbba2?s=96&d=mm&r=g\",\"caption\":\"masella\"},\"url\":\"https:\/\/www.masella.com\/blog\/es\/author\/anna\/\"}]}<\/script>\n<!-- \/ Yoast SEO plugin. -->","yoast_head_json":{"title":"MASELLA GALARDONADA CON UN PREMIO G! - blog oficial de masella","robots":{"index":"index","follow":"follow","max-snippet":"max-snippet:-1","max-image-preview":"max-image-preview:large","max-video-preview":"max-video-preview:-1"},"canonical":"https:\/\/www.masella.com\/blog\/es\/masella-guardonada-premi-g\/","og_locale":"es_ES","og_type":"article","og_title":"MASELLA GALARDONADA CON UN PREMIO G! - blog oficial de masella","og_description":"Masella, junto con las otras cuatro estaciones de esqu\u00ed alpino y n\u00f3rdico del Pirineo de Girona fueron entre los galardonados","og_url":"https:\/\/www.masella.com\/blog\/es\/masella-guardonada-premi-g\/","og_site_name":"blog oficial de masella","article_published_time":"2018-03-31T09:48:54+00:00","article_modified_time":"2022-06-01T06:33:09+00:00","og_image":[{"width":800,"height":450,"url":"https:\/\/www.masella.com\/blog\/wp-content\/uploads\/2018\/03\/PREMI_DESTACAT.jpg","type":"image\/jpeg"}],"author":"masella","twitter_card":"summary_large_image","twitter_misc":{"Escrito por":"masella","Tiempo de lectura":"2 minutos"},"schema":{"@context":"https:\/\/schema.org","@graph":[{"@type":"Article","@id":"https:\/\/www.masella.com\/blog\/es\/masella-guardonada-premi-g\/#article","isPartOf":{"@id":"https:\/\/www.masella.com\/blog\/es\/masella-guardonada-premi-g\/"},"author":{"name":"masella","@id":"https:\/\/www.masella.com\/blog\/ca\/#\/schema\/person\/e32b971f5be20790c591d85b8f1c706b"},"headline":"MASELLA GALARDONADA CON UN PREMIO G!","datePublished":"2018-03-31T09:48:54+00:00","dateModified":"2022-06-01T06:33:09+00:00","mainEntityOfPage":{"@id":"https:\/\/www.masella.com\/blog\/es\/masella-guardonada-premi-g\/"},"wordCount":416,"publisher":{"@id":"https:\/\/www.masella.com\/blog\/ca\/#organization"},"articleSection":["Actualidad","Actualitat","Eventos"],"inLanguage":"es"},{"@type":"WebPage","@id":"https:\/\/www.masella.com\/blog\/es\/masella-guardonada-premi-g\/","url":"https:\/\/www.masella.com\/blog\/es\/masella-guardonada-premi-g\/","name":"MASELLA GALARDONADA CON UN PREMIO G! - blog oficial de masella","isPartOf":{"@id":"https:\/\/www.masella.com\/blog\/ca\/#website"},"datePublished":"2018-03-31T09:48:54+00:00","dateModified":"2022-06-01T06:33:09+00:00","breadcrumb":{"@id":"https:\/\/www.masella.com\/blog\/es\/masella-guardonada-premi-g\/#breadcrumb"},"inLanguage":"es","potentialAction":[{"@type":"ReadAction","target":["https:\/\/www.masella.com\/blog\/es\/masella-guardonada-premi-g\/"]}]},{"@type":"BreadcrumbList","@id":"https:\/\/www.masella.com\/blog\/es\/masella-guardonada-premi-g\/#breadcrumb","itemListElement":[{"@type":"ListItem","position":1,"name":"Portada","item":"https:\/\/www.masella.com\/blog\/ca\/"},{"@type":"ListItem","position":2,"name":"MASELLA GALARDONADA CON UN PREMIO G!"}]},{"@type":"WebSite","@id":"https:\/\/www.masella.com\/blog\/ca\/#website","url":"https:\/\/www.masella.com\/blog\/ca\/","name":"blog oficial de masella","description":"","publisher":{"@id":"https:\/\/www.masella.com\/blog\/ca\/#organization"},"potentialAction":[{"@type":"SearchAction","target":{"@type":"EntryPoint","urlTemplate":"https:\/\/www.masella.com\/blog\/ca\/?s={search_term_string}"},"query-input":"required name=search_term_string"}],"inLanguage":"es"},{"@type":"Organization","@id":"https:\/\/www.masella.com\/blog\/ca\/#organization","name":"blog oficial de masella","url":"https:\/\/www.masella.com\/blog\/ca\/","logo":{"@type":"ImageObject","inLanguage":"es","@id":"https:\/\/www.masella.com\/blog\/ca\/#\/schema\/logo\/image\/","url":"https:\/\/www.masella.com\/blog\/wp-content\/uploads\/2022\/12\/logo-masella-es-1.png","contentUrl":"https:\/\/www.masella.com\/blog\/wp-content\/uploads\/2022\/12\/logo-masella-es-1.png","width":150,"height":88,"caption":"blog oficial de masella"},"image":{"@id":"https:\/\/www.masella.com\/blog\/ca\/#\/schema\/logo\/image\/"}},{"@type":"Person","@id":"https:\/\/www.masella.com\/blog\/ca\/#\/schema\/person\/e32b971f5be20790c591d85b8f1c706b","name":"masella","image":{"@type":"ImageObject","inLanguage":"es","@id":"https:\/\/www.masella.com\/blog\/ca\/#\/schema\/person\/image\/","url":"https:\/\/secure.gravatar.com\/avatar\/57590b1151eaa410a783e55768bbbba2?s=96&d=mm&r=g","contentUrl":"https:\/\/secure.gravatar.com\/avatar\/57590b1151eaa410a783e55768bbbba2?s=96&d=mm&r=g","caption":"masella"},"url":"https:\/\/www.masella.com\/blog\/es\/author\/anna\/"}]}},"_links":{"self":[{"href":"https:\/\/www.masella.com\/blog\/es\/wp-json\/wp\/v2\/posts\/3322"}],"collection":[{"href":"https:\/\/www.masella.com\/blog\/es\/wp-json\/wp\/v2\/posts"}],"about":[{"href":"https:\/\/www.masella.com\/blog\/es\/wp-json\/wp\/v2\/types\/post"}],"author":[{"embeddable":true,"href":"https:\/\/www.masella.com\/blog\/es\/wp-json\/wp\/v2\/users\/4"}],"replies":[{"embeddable":true,"href":"https:\/\/www.masella.com\/blog\/es\/wp-json\/wp\/v2\/comments?post=3322"}],"version-history":[{"count":3,"href":"https:\/\/www.masella.com\/blog\/es\/wp-json\/wp\/v2\/posts\/3322\/revisions"}],"predecessor-version":[{"id":3326,"href":"https:\/\/www.masella.com\/blog\/es\/wp-json\/wp\/v2\/posts\/3322\/revisions\/3326"}],"wp:featuredmedia":[{"embeddable":true,"href":"https:\/\/www.masella.com\/blog\/es\/wp-json\/wp\/v2\/media\/3319"}],"wp:attachment":[{"href":"https:\/\/www.masella.com\/blog\/es\/wp-json\/wp\/v2\/media?parent=3322"}],"wp:term":[{"taxonomy":"category","embeddable":true,"href":"https:\/\/www.masella.com\/blog\/es\/wp-json\/wp\/v2\/categories?post=3322"},{"taxonomy":"post_tag","embeddable":true,"href":"https:\/\/www.masella.com\/blog\/es\/wp-json\/wp\/v2\/tags?post=3322"}],"curies":[{"name":"wp","href":"https:\/\/api.w.org\/{rel}","templated":true}]}}