{"id":3335,"date":"2018-04-01T06:30:45","date_gmt":"2018-04-01T06:30:45","guid":{"rendered":"http:\/\/www.masella.com\/blog\/ja-venda-labonament-temporada\/"},"modified":"2022-06-01T06:32:51","modified_gmt":"2022-06-01T06:32:51","slug":"ja-venda-labonament-temporada","status":"publish","type":"post","link":"https:\/\/www.masella.com\/blog\/es\/ja-venda-labonament-temporada\/","title":{"rendered":"YA A LA VENTA EL ABONO DE FIN DE TEMPORADA"},"content":{"rendered":"<p style=\"text-align: justify;\">Desde el 1 de abril ya pod\u00e9is adquirir el <strong><a href=\"http:\/\/www.masella.com\/ca\/abonaments\" target=\"_blank\" rel=\"noopener\">abono de fin de temporada<\/a><\/strong> que os permite esquiar todos los d\u00edas que faltan de la temporada 2017-18. Por solo<strong>\u00a0140 euros<\/strong>\u00a0pod\u00e9is obtener este abono que\u00a0<strong>se amortiza con solo 2 d\u00edas de esqu\u00ed<\/strong>\u00a0y que os permitir\u00e1 disfrutar de Masella todos los d\u00edas ininterrumpidamente, o sea abr\u00edmos cada d\u00eda, hasta\u00a0<strong>el d\u00eda 1 de mayo, \u00faltimo d\u00eda de la temporada. El horario de los remontes es de 9 a 15 h, cada d\u00eda.<\/strong><\/p>\n<p><a href=\"http:\/\/www.masella.com\/blog\/wp-content\/uploads\/2018\/04\/fitempo2.jpg\"><img loading=\"lazy\" decoding=\"async\" class=\"alignnone size-full wp-image-3332\" src=\"http:\/\/www.masella.com\/blog\/wp-content\/uploads\/2018\/04\/fitempo2.jpg\" alt=\"\" width=\"800\" height=\"600\" srcset=\"https:\/\/www.masella.com\/blog\/wp-content\/uploads\/2018\/04\/fitempo2.jpg 800w, https:\/\/www.masella.com\/blog\/wp-content\/uploads\/2018\/04\/fitempo2-300x225.jpg 300w, https:\/\/www.masella.com\/blog\/wp-content\/uploads\/2018\/04\/fitempo2-768x576.jpg 768w\" sizes=\"(max-width: 800px) 100vw, 800px\" \/><\/a><\/p>\n<p style=\"text-align: justify;\">Con este abono os descontamos 70 \u20ac del abono de temporada del invierno 2018-19 y, adem\u00e1s, os mantenemos las tarifas de los abonos de la temporada 2017-18. Y, finalmente, con este abono adquir\u00eds un talonario d invitaciones para esquiar en\u00a0<strong><span style=\"color: windowtext; text-decoration: none; text-underline: none;\">60 estaciones de todo el mundo<\/span><\/strong>.<\/p>\n<p style=\"text-align: justify;\">Os recordamos tambi\u00e9n que Masella es <a href=\"http:\/\/www.masella.com\/blog\/ca\/bones-condicions-aquest-cap-setmana-masella-estacio-ideal-gaudir-lesqui-primavera\/\">la estaci\u00f3n ideal\u00a0para disfrutar del esqu\u00ed de primavera<\/a>\u00a0, con la mayor\u00eda de pistas dentro del bosque, orientadas a norte y con un desnivel muy destacado y la cota alta en 2535m de altitud. Ahora mismo hay el 100% del desnivel esquiable abierto, desde la Tosa (2535 m) hasta el Pla de Masella (1600 m), con el 100% de los remontes y\u00a0 pistas abiertas.<\/p>\n<p><a href=\"http:\/\/www.masella.com\/blog\/wp-content\/uploads\/2018\/04\/fitempo1.jpg\"><img loading=\"lazy\" decoding=\"async\" class=\"alignnone size-full wp-image-3333\" src=\"http:\/\/www.masella.com\/blog\/wp-content\/uploads\/2018\/04\/fitempo1.jpg\" alt=\"\" width=\"800\" height=\"600\" srcset=\"https:\/\/www.masella.com\/blog\/wp-content\/uploads\/2018\/04\/fitempo1.jpg 800w, https:\/\/www.masella.com\/blog\/wp-content\/uploads\/2018\/04\/fitempo1-300x225.jpg 300w, https:\/\/www.masella.com\/blog\/wp-content\/uploads\/2018\/04\/fitempo1-768x576.jpg 768w\" sizes=\"(max-width: 800px) 100vw, 800px\" \/><\/a><\/p>\n<p>Pod\u00e9is adquirir el abono de fin de temporada en nuestras <strong>Oficinas de Atenci\u00f3n al Esquiador<\/strong> o a la <a href=\"http:\/\/www.masella.com\/ca\/abonaments\"><strong>tienda online<\/strong><\/a> de nuestra web. \u00a1Y si el mismo d\u00eda de esqu\u00ed compras el forfait de d\u00eda y decides tramitar el abono, te retornamos el importe que te hab\u00edas gastado!<\/p>\n<p style=\"text-align: justify;\">\n","protected":false},"excerpt":{"rendered":"<p>Desde el 1 de abril ya pod\u00e9is adquirir el abono de fin de temporada que os permite esquiar todos los<\/p>\n","protected":false},"author":4,"featured_media":3341,"comment_status":"closed","ping_status":"open","sticky":false,"template":"","format":"standard","meta":{"footnotes":""},"categories":[28,19],"tags":[],"yoast_head":"<!-- This site is optimized with the Yoast SEO plugin v21.5 - https:\/\/yoast.com\/wordpress\/plugins\/seo\/ -->\n<title>YA A LA VENTA EL ABONO DE FIN DE TEMPORADA - blog oficial de masella<\/title>\n<meta name=\"robots\" content=\"index, follow, max-snippet:-1, max-image-preview:large, max-video-preview:-1\" \/>\n<link rel=\"canonical\" href=\"https:\/\/www.masella.com\/blog\/es\/ja-venda-labonament-temporada\/\" \/>\n<meta property=\"og:locale\" content=\"es_ES\" \/>\n<meta property=\"og:type\" content=\"article\" \/>\n<meta property=\"og:title\" content=\"YA A LA VENTA EL ABONO DE FIN DE TEMPORADA - blog oficial de masella\" \/>\n<meta property=\"og:description\" content=\"Desde el 1 de abril ya pod\u00e9is adquirir el abono de fin de temporada que os permite esquiar todos los\" \/>\n<meta property=\"og:url\" content=\"https:\/\/www.masella.com\/blog\/es\/ja-venda-labonament-temporada\/\" \/>\n<meta property=\"og:site_name\" content=\"blog oficial de masella\" \/>\n<meta property=\"article:published_time\" content=\"2018-04-01T06:30:45+00:00\" \/>\n<meta property=\"article:modified_time\" content=\"2022-06-01T06:32:51+00:00\" \/>\n<meta property=\"og:image\" content=\"https:\/\/www.masella.com\/blog\/wp-content\/uploads\/2018\/04\/Foto2.jpg\" \/>\n\t<meta property=\"og:image:width\" content=\"4032\" \/>\n\t<meta property=\"og:image:height\" content=\"3024\" \/>\n\t<meta property=\"og:image:type\" content=\"image\/jpeg\" \/>\n<meta name=\"author\" content=\"masella\" \/>\n<meta name=\"twitter:card\" content=\"summary_large_image\" \/>\n<meta name=\"twitter:label1\" content=\"Escrito por\" \/>\n\t<meta name=\"twitter:data1\" content=\"masella\" \/>\n\t<meta name=\"twitter:label2\" content=\"Tiempo de lectura\" \/>\n\t<meta name=\"twitter:data2\" content=\"1 minuto\" \/>\n<script type=\"application\/ld+json\" class=\"yoast-schema-graph\">{\"@context\":\"https:\/\/schema.org\",\"@graph\":[{\"@type\":\"Article\",\"@id\":\"https:\/\/www.masella.com\/blog\/es\/ja-venda-labonament-temporada\/#article\",\"isPartOf\":{\"@id\":\"https:\/\/www.masella.com\/blog\/es\/ja-venda-labonament-temporada\/\"},\"author\":{\"name\":\"masella\",\"@id\":\"https:\/\/www.masella.com\/blog\/ca\/#\/schema\/person\/e32b971f5be20790c591d85b8f1c706b\"},\"headline\":\"YA A LA VENTA EL ABONO DE FIN DE TEMPORADA\",\"datePublished\":\"2018-04-01T06:30:45+00:00\",\"dateModified\":\"2022-06-01T06:32:51+00:00\",\"mainEntityOfPage\":{\"@id\":\"https:\/\/www.masella.com\/blog\/es\/ja-venda-labonament-temporada\/\"},\"wordCount\":265,\"publisher\":{\"@id\":\"https:\/\/www.masella.com\/blog\/ca\/#organization\"},\"articleSection\":[\"Actualitat\",\"Ofertas\"],\"inLanguage\":\"es\"},{\"@type\":\"WebPage\",\"@id\":\"https:\/\/www.masella.com\/blog\/es\/ja-venda-labonament-temporada\/\",\"url\":\"https:\/\/www.masella.com\/blog\/es\/ja-venda-labonament-temporada\/\",\"name\":\"YA A LA VENTA EL ABONO DE FIN DE TEMPORADA - blog oficial de masella\",\"isPartOf\":{\"@id\":\"https:\/\/www.masella.com\/blog\/ca\/#website\"},\"datePublished\":\"2018-04-01T06:30:45+00:00\",\"dateModified\":\"2022-06-01T06:32:51+00:00\",\"breadcrumb\":{\"@id\":\"https:\/\/www.masella.com\/blog\/es\/ja-venda-labonament-temporada\/#breadcrumb\"},\"inLanguage\":\"es\",\"potentialAction\":[{\"@type\":\"ReadAction\",\"target\":[\"https:\/\/www.masella.com\/blog\/es\/ja-venda-labonament-temporada\/\"]}]},{\"@type\":\"BreadcrumbList\",\"@id\":\"https:\/\/www.masella.com\/blog\/es\/ja-venda-labonament-temporada\/#breadcrumb\",\"itemListElement\":[{\"@type\":\"ListItem\",\"position\":1,\"name\":\"Portada\",\"item\":\"https:\/\/www.masella.com\/blog\/ca\/\"},{\"@type\":\"ListItem\",\"position\":2,\"name\":\"YA A LA VENTA EL ABONO DE FIN DE TEMPORADA\"}]},{\"@type\":\"WebSite\",\"@id\":\"https:\/\/www.masella.com\/blog\/ca\/#website\",\"url\":\"https:\/\/www.masella.com\/blog\/ca\/\",\"name\":\"blog oficial de masella\",\"description\":\"\",\"publisher\":{\"@id\":\"https:\/\/www.masella.com\/blog\/ca\/#organization\"},\"potentialAction\":[{\"@type\":\"SearchAction\",\"target\":{\"@type\":\"EntryPoint\",\"urlTemplate\":\"https:\/\/www.masella.com\/blog\/ca\/?s={search_term_string}\"},\"query-input\":\"required name=search_term_string\"}],\"inLanguage\":\"es\"},{\"@type\":\"Organization\",\"@id\":\"https:\/\/www.masella.com\/blog\/ca\/#organization\",\"name\":\"blog oficial de masella\",\"url\":\"https:\/\/www.masella.com\/blog\/ca\/\",\"logo\":{\"@type\":\"ImageObject\",\"inLanguage\":\"es\",\"@id\":\"https:\/\/www.masella.com\/blog\/ca\/#\/schema\/logo\/image\/\",\"url\":\"https:\/\/www.masella.com\/blog\/wp-content\/uploads\/2022\/12\/logo-masella-es-1.png\",\"contentUrl\":\"https:\/\/www.masella.com\/blog\/wp-content\/uploads\/2022\/12\/logo-masella-es-1.png\",\"width\":150,\"height\":88,\"caption\":\"blog oficial de masella\"},\"image\":{\"@id\":\"https:\/\/www.masella.com\/blog\/ca\/#\/schema\/logo\/image\/\"}},{\"@type\":\"Person\",\"@id\":\"https:\/\/www.masella.com\/blog\/ca\/#\/schema\/person\/e32b971f5be20790c591d85b8f1c706b\",\"name\":\"masella\",\"image\":{\"@type\":\"ImageObject\",\"inLanguage\":\"es\",\"@id\":\"https:\/\/www.masella.com\/blog\/ca\/#\/schema\/person\/image\/\",\"url\":\"https:\/\/secure.gravatar.com\/avatar\/57590b1151eaa410a783e55768bbbba2?s=96&d=mm&r=g\",\"contentUrl\":\"https:\/\/secure.gravatar.com\/avatar\/57590b1151eaa410a783e55768bbbba2?s=96&d=mm&r=g\",\"caption\":\"masella\"},\"url\":\"https:\/\/www.masella.com\/blog\/es\/author\/anna\/\"}]}<\/script>\n<!-- \/ Yoast SEO plugin. -->","yoast_head_json":{"title":"YA A LA VENTA EL ABONO DE FIN DE TEMPORADA - blog oficial de masella","robots":{"index":"index","follow":"follow","max-snippet":"max-snippet:-1","max-image-preview":"max-image-preview:large","max-video-preview":"max-video-preview:-1"},"canonical":"https:\/\/www.masella.com\/blog\/es\/ja-venda-labonament-temporada\/","og_locale":"es_ES","og_type":"article","og_title":"YA A LA VENTA EL ABONO DE FIN DE TEMPORADA - blog oficial de masella","og_description":"Desde el 1 de abril ya pod\u00e9is adquirir el abono de fin de temporada que os permite esquiar todos los","og_url":"https:\/\/www.masella.com\/blog\/es\/ja-venda-labonament-temporada\/","og_site_name":"blog oficial de masella","article_published_time":"2018-04-01T06:30:45+00:00","article_modified_time":"2022-06-01T06:32:51+00:00","og_image":[{"width":4032,"height":3024,"url":"https:\/\/www.masella.com\/blog\/wp-content\/uploads\/2018\/04\/Foto2.jpg","type":"image\/jpeg"}],"author":"masella","twitter_card":"summary_large_image","twitter_misc":{"Escrito por":"masella","Tiempo de lectura":"1 minuto"},"schema":{"@context":"https:\/\/schema.org","@graph":[{"@type":"Article","@id":"https:\/\/www.masella.com\/blog\/es\/ja-venda-labonament-temporada\/#article","isPartOf":{"@id":"https:\/\/www.masella.com\/blog\/es\/ja-venda-labonament-temporada\/"},"author":{"name":"masella","@id":"https:\/\/www.masella.com\/blog\/ca\/#\/schema\/person\/e32b971f5be20790c591d85b8f1c706b"},"headline":"YA A LA VENTA EL ABONO DE FIN DE TEMPORADA","datePublished":"2018-04-01T06:30:45+00:00","dateModified":"2022-06-01T06:32:51+00:00","mainEntityOfPage":{"@id":"https:\/\/www.masella.com\/blog\/es\/ja-venda-labonament-temporada\/"},"wordCount":265,"publisher":{"@id":"https:\/\/www.masella.com\/blog\/ca\/#organization"},"articleSection":["Actualitat","Ofertas"],"inLanguage":"es"},{"@type":"WebPage","@id":"https:\/\/www.masella.com\/blog\/es\/ja-venda-labonament-temporada\/","url":"https:\/\/www.masella.com\/blog\/es\/ja-venda-labonament-temporada\/","name":"YA A LA VENTA EL ABONO DE FIN DE TEMPORADA - blog oficial de masella","isPartOf":{"@id":"https:\/\/www.masella.com\/blog\/ca\/#website"},"datePublished":"2018-04-01T06:30:45+00:00","dateModified":"2022-06-01T06:32:51+00:00","breadcrumb":{"@id":"https:\/\/www.masella.com\/blog\/es\/ja-venda-labonament-temporada\/#breadcrumb"},"inLanguage":"es","potentialAction":[{"@type":"ReadAction","target":["https:\/\/www.masella.com\/blog\/es\/ja-venda-labonament-temporada\/"]}]},{"@type":"BreadcrumbList","@id":"https:\/\/www.masella.com\/blog\/es\/ja-venda-labonament-temporada\/#breadcrumb","itemListElement":[{"@type":"ListItem","position":1,"name":"Portada","item":"https:\/\/www.masella.com\/blog\/ca\/"},{"@type":"ListItem","position":2,"name":"YA A LA VENTA EL ABONO DE FIN DE TEMPORADA"}]},{"@type":"WebSite","@id":"https:\/\/www.masella.com\/blog\/ca\/#website","url":"https:\/\/www.masella.com\/blog\/ca\/","name":"blog oficial de masella","description":"","publisher":{"@id":"https:\/\/www.masella.com\/blog\/ca\/#organization"},"potentialAction":[{"@type":"SearchAction","target":{"@type":"EntryPoint","urlTemplate":"https:\/\/www.masella.com\/blog\/ca\/?s={search_term_string}"},"query-input":"required name=search_term_string"}],"inLanguage":"es"},{"@type":"Organization","@id":"https:\/\/www.masella.com\/blog\/ca\/#organization","name":"blog oficial de masella","url":"https:\/\/www.masella.com\/blog\/ca\/","logo":{"@type":"ImageObject","inLanguage":"es","@id":"https:\/\/www.masella.com\/blog\/ca\/#\/schema\/logo\/image\/","url":"https:\/\/www.masella.com\/blog\/wp-content\/uploads\/2022\/12\/logo-masella-es-1.png","contentUrl":"https:\/\/www.masella.com\/blog\/wp-content\/uploads\/2022\/12\/logo-masella-es-1.png","width":150,"height":88,"caption":"blog oficial de masella"},"image":{"@id":"https:\/\/www.masella.com\/blog\/ca\/#\/schema\/logo\/image\/"}},{"@type":"Person","@id":"https:\/\/www.masella.com\/blog\/ca\/#\/schema\/person\/e32b971f5be20790c591d85b8f1c706b","name":"masella","image":{"@type":"ImageObject","inLanguage":"es","@id":"https:\/\/www.masella.com\/blog\/ca\/#\/schema\/person\/image\/","url":"https:\/\/secure.gravatar.com\/avatar\/57590b1151eaa410a783e55768bbbba2?s=96&d=mm&r=g","contentUrl":"https:\/\/secure.gravatar.com\/avatar\/57590b1151eaa410a783e55768bbbba2?s=96&d=mm&r=g","caption":"masella"},"url":"https:\/\/www.masella.com\/blog\/es\/author\/anna\/"}]}},"_links":{"self":[{"href":"https:\/\/www.masella.com\/blog\/es\/wp-json\/wp\/v2\/posts\/3335"}],"collection":[{"href":"https:\/\/www.masella.com\/blog\/es\/wp-json\/wp\/v2\/posts"}],"about":[{"href":"https:\/\/www.masella.com\/blog\/es\/wp-json\/wp\/v2\/types\/post"}],"author":[{"embeddable":true,"href":"https:\/\/www.masella.com\/blog\/es\/wp-json\/wp\/v2\/users\/4"}],"replies":[{"embeddable":true,"href":"https:\/\/www.masella.com\/blog\/es\/wp-json\/wp\/v2\/comments?post=3335"}],"version-history":[{"count":4,"href":"https:\/\/www.masella.com\/blog\/es\/wp-json\/wp\/v2\/posts\/3335\/revisions"}],"predecessor-version":[{"id":3342,"href":"https:\/\/www.masella.com\/blog\/es\/wp-json\/wp\/v2\/posts\/3335\/revisions\/3342"}],"wp:featuredmedia":[{"embeddable":true,"href":"https:\/\/www.masella.com\/blog\/es\/wp-json\/wp\/v2\/media\/3341"}],"wp:attachment":[{"href":"https:\/\/www.masella.com\/blog\/es\/wp-json\/wp\/v2\/media?parent=3335"}],"wp:term":[{"taxonomy":"category","embeddable":true,"href":"https:\/\/www.masella.com\/blog\/es\/wp-json\/wp\/v2\/categories?post=3335"},{"taxonomy":"post_tag","embeddable":true,"href":"https:\/\/www.masella.com\/blog\/es\/wp-json\/wp\/v2\/tags?post=3335"}],"curies":[{"name":"wp","href":"https:\/\/api.w.org\/{rel}","templated":true}]}}