{"id":3418,"date":"2018-05-29T11:24:56","date_gmt":"2018-05-29T11:24:56","guid":{"rendered":"http:\/\/www.masella.com\/blog\/julian-pallarola-20-anys-doble-temporada-masella-catedral\/"},"modified":"2022-06-01T06:32:49","modified_gmt":"2022-06-01T06:32:49","slug":"julian-pallarola-20-anys-doble-temporada-masella-catedral","status":"publish","type":"post","link":"https:\/\/www.masella.com\/blog\/es\/julian-pallarola-20-anys-doble-temporada-masella-catedral\/","title":{"rendered":"JULI\u00c1N PALLAROLA, 20 A\u00d1OS DE DOBLE TEMPORADA EN MASELLA Y CATEDRAL"},"content":{"rendered":"<p>El profesor de la escuela de esqu\u00ed de Masella <strong>Fernando Luis Juli\u00e1n Pallarola<\/strong> hace veinte a\u00f1os que no vive ning\u00fan verano. Hace doble temporada trabajando de profesor de esqu\u00ed en Masella y Cerro Catedral, en su Argentina natal. <strong>Iv\u00e1n Sanz, de la web especializada en deportes de invierno<\/strong> <strong><a href=\"http:\/\/www.diaridelaneu.cat\">Diaridelaneu.cat<\/a>\u00a0<\/strong>le ha entrevistado para su medio y nos cede la pieza para que nosotros la compartimos. Gracias, Ivan, por cedernos la entrevista y buen invierno, Juli\u00e1n!<\/p>\n<p><em>(<a href=\"https:\/\/www.diaridelaneu.cat\/noticia\/7994\/fernando-luis-julian-pallarola-20-anys-fent-la-doble-temporada-entre-masella-i-cerro-cated\"><strong>Entrevista publicada en el Diari de la Neu<\/strong><\/a>,<\/em> el 05 de mayo de 2018).<\/p>\n<p><strong>Fernando Luis Juli\u00e1n Pallarola\u00a0<\/strong>es uno de los tantos argentinos que cada a\u00f1o cruza el oc\u00e9ano atl\u00e1ntico para hacer la doble temporada como profesor de esqu\u00ed. Cuando es invierno en el hemisferio Norte trabaja en el Pirineo, y cuando llega el invierno en el hemisferio sur se traslada a los Andes. Desea saber c\u00f3mo lo vive?<\/p>\n<p>Nacido en Buenos Aires, Argentina (22-06-1959), iba desde peque\u00f1o a San Carlos de Bariloche, en la Patagonia argentina, donde ten\u00eda familia. Como cerca de la ciudad se encuentra la estaci\u00f3n de esqu\u00ed de Cerro Catedral, cuando cumpli\u00f3 los 19 a\u00f1os le vinieron las ganas de calzarse unos esqu\u00eds. As\u00ed fue como se introdujo en el mundo de la nieve, primero como un turista m\u00e1s, y m\u00e1s adelante como un profesional de la ense\u00f1anza.<\/p>\n<p>Cuando hizo 26 a\u00f1os dej\u00f3 Buenos Aires, donde combinaba el trabajo de arquitecto y de responsable en un almac\u00e9n de material de construcci\u00f3n, y se instal\u00f3 en Bariloche. Cinco a\u00f1os despu\u00e9s comenzaba a trabajar como monitor a tiempo parcial en un club de esqu\u00ed de la ciudad. Actualmente hace la doble temporada como profesor de esqu\u00ed, entre el Pirineo y los Andes. Como curiosidad, su abuela era originaria de Tuixent y se traslad\u00f3 a vivir a la Pampa argentina. A\u00f1os despu\u00e9s su nieto ha hecho el camino a la inversa para trabajar no tan lejos del pueblo natal de su abuela.<\/p>\n<p><a href=\"http:\/\/www.masella.com\/blog\/wp-content\/uploads\/2018\/05\/julian_blog.jpg\"><img loading=\"lazy\" decoding=\"async\" class=\"alignnone size-full wp-image-3415\" src=\"http:\/\/www.masella.com\/blog\/wp-content\/uploads\/2018\/05\/julian_blog.jpg\" alt=\"\" width=\"800\" height=\"596\" srcset=\"https:\/\/www.masella.com\/blog\/wp-content\/uploads\/2018\/05\/julian_blog.jpg 800w, https:\/\/www.masella.com\/blog\/wp-content\/uploads\/2018\/05\/julian_blog-300x224.jpg 300w, https:\/\/www.masella.com\/blog\/wp-content\/uploads\/2018\/05\/julian_blog-768x572.jpg 768w\" sizes=\"(max-width: 800px) 100vw, 800px\" \/><\/a><\/p>\n<p>&#8211; Por que y cuando empezaste a trabajar de profesor de esqu\u00ed?<br \/>\n&#8211; Pues empec\u00e9 a mis 33 a\u00f1os. Empec\u00e9 en Cerro Catedral, en Argentina, donde me saqu\u00e9 la titulaci\u00f3n. En Buenos Aires ten\u00eda un negocio que no me funcion\u00f3 y decid\u00ed dejarlo para dedicarme al mundo del esqu\u00ed, donde vi m\u00e1s posibilidades y me gustaba.<\/p>\n<p>&#8211; Es dif\u00edcil quitarse la titulaci\u00f3n de profesor de esqu\u00ed en Argentina?<br \/>\n&#8211; Yo pienso que s\u00ed, primero porque los grandes centros de esqu\u00ed quedan muy lejos de las grandes ciudades del pa\u00eds. Esto significa que tienes que marchar de donde vives, a 1.200 o 1.500 kil\u00f3metros del centro de esqu\u00ed, pagarte los forfaits y el equipo y mientras tanto mantenerte mientras dura la formaci\u00f3n.<\/p>\n<p>&#8211; Aparte de esqu\u00ed alpino tambi\u00e9n impartes clase de otras modalidades? Tales como snowboard, telemark &#8230;<br \/>\n&#8211; No, porque tiendes a especializarte en una modalidad y en mi caso, y el de la mayor\u00eda de profesores argentinos, es la de esqu\u00ed alpino. S\u00ed que hay que abordan diversas disciplinas, y de hecho esta es la tendencia en los nuevos profesores, pero no en mi caso. Adem\u00e1s, que cada especialidad requiere su titulaci\u00f3n y conseguirlos no son para nada econ\u00f3micos.<\/p>\n<p>&#8211; \u00bfCu\u00e1ndo empezaste a hacer la doble temporada?<br \/>\n&#8211; Pues empec\u00e9 cuando ten\u00eda 38, ser\u00eda en 1998. Ten\u00eda un amigo de Bariloche que fue quien me recomend\u00f3 que venir a la escuela del Ll\u00edvia. \u00c9l ya trabajaba y coincidi\u00f3 que ese a\u00f1o no pod\u00eda ir. Me present\u00e9 y enseguida me aceptaron. Diez a\u00f1os despu\u00e9s ya empec\u00e9 a trabajar en la escuela de esqu\u00ed de Masella.<\/p>\n<p>&#8211; As\u00ed siempre has trabajado entre Catedral y Masella?<br \/>\n&#8211; No, porque cuando estaba en el Club de Ll\u00edvia visit\u00e1bamos varias estaciones, sobre todo las de los Angles, Port\u00e8-Puymorens, Formigueres, Font Romeu, Espace Cambre d&#8217;Aze e, incluso, Puigmal antes de que cerraran. Tambi\u00e9n un par de veces en Andorra, pero fueron visitas puntuales.<\/p>\n<p>&#8211; En Argentina siempre has ejercido y esquiado en Cerro Catedral?<br \/>\n&#8211; No, tambi\u00e9n estuve en Chapelco. Una estaci\u00f3n m\u00e1s peque\u00f1a que Catedral pero muy bonita y muy cuidada.<\/p>\n<p>&#8211; \u00bfCu\u00e1les consideras que son las grandes diferencias entre Masella y Catedral?<br \/>\n&#8211; Hay varias cosas, pero la m\u00e1s importante es que comercialmente las temporadas en Argentina son muy cortas. Normalmente comienzan a mediados de junio pero el m\u00e1s fuerte en clientes y nieve es a partir del 15 de julio. Y a mediados de septiembre ya se acaba la temporada. Dif\u00edcilmente se llega a octubre, aunque en alguna ocasi\u00f3n recuerdo haber terminado el 8 de octubre.<br \/>\nLa segunda gran diferencia es que cerca de la estaci\u00f3n no hay ciudades, o s\u00f3lo hay una, San Carlos de Bariloche, que debe tener 200.000 habitantes. Y ya no hay pr\u00e1cticamente ninguna ciudad importante hasta m\u00e1s de 600 kil\u00f3metros, Neuqu\u00e9n. En cambio, muy cerca de Masella, a 100 kil\u00f3metros, ya tienes una ciudad como Manresa de 75.000 habitantes, y 150 km, ya hay una urbe como es Barcelona, \u200b\u200bcon 2,5 millones de habitantes o m\u00e1s.<br \/>\nPara venir a esquiar a Catedral desde las grandes ciudades argentinas debes tomar, muy posiblemente, un avi\u00f3n, y esto hace que el esqu\u00ed en Argentina termine convirti\u00e9ndose en una actividad no elitista pero si exquisita.<br \/>\nY finalmente comentar que a Catedral no hay nieve producida, s\u00f3lo en las zonas bajas de la monta\u00f1a, y estos ca\u00f1ones no tienen la funci\u00f3n de completar pistas enteras, sino que est\u00e1n ubicados en zonas de debutantes o quiz\u00e1s en un punto muy concreto que siempre sufre por falta de nieve.<\/p>\n<p>&#8211; Hay muchos monitores que est\u00e1 haciendo doble temporada en Masella?<br \/>\n&#8211; No, en la escuela de Masella s\u00f3lo estoy yo. Tambi\u00e9n hay un chico que viene con un club a entrenar. Tengo que decir que la mayor\u00eda de profesores que hacen la doble temporada se van a Andorra. Algunos tambi\u00e9n optan por ir a estaciones de los Alpes.<\/p>\n<p>&#8211; \u00bfQu\u00e9 condicionantes supone hacer la doble temporada?<br \/>\n&#8211; Si eres una persona con obligaciones familiares, dif\u00edcilmente vas a hacer doble temporada. En mi caso trabajo unos 8 meses como profesor, 5 en la Cerdanya y poco m\u00e1s de 3 a Bariloche, tengo que intentar reservar los meses en medio para visitar a la familia y procurar no tener demasiados gastos, ya que dif\u00edcilmente trabajas en ninguna otra actividad. Son meses o semanas que aprovechas para descansar y ahorrar. Todo ello significa que econ\u00f3micamente debes vigilar con los gastos y se hace dif\u00edcil porque entre temporada y temporada dif\u00edcilmente puedes trabajar.<\/p>\n<p>&#8211; Recomendar\u00edas los esquiadores de Masella visitar Argentina, y Catedral en concreto para ir a esquiar?<br \/>\n&#8211; Pues s\u00ed. Pienso que para quien vaya ser\u00e1 una experiencia bonita y muy provechosa, ahora bien, no es comparable un lugar con el otro, por todo lo que he explicado antes. Yo considero que es una experiencia que les ser\u00e1 inolvidable, no s\u00f3lo para el esqu\u00ed, sino porque Bariloche es un lugar de la Patagonia Argentina maravilloso, espectacular.<\/p>\n<p><strong>CUESTIONES PERSONALES<\/strong><\/p>\n<p>&#8211; \u00bfCu\u00e1ndo y d\u00f3nde empezaste a esquiar?<br \/>\n&#8211; En el Cerro Catedral, a los 19 a\u00f1os.<\/p>\n<p>&#8211; \u00bfCu\u00e1l es tu estaci\u00f3n de referencia?<br \/>\n&#8211; Para m\u00ed lo es Masella, donde adem\u00e1s he recibido siempre muy buen trato y me siento realmente como en casa.<\/p>\n<p>&#8211; \u00bfCu\u00e1les son tus pistas preferidas en Catedral y en Masella?<br \/>\n&#8211; En Masella la Davallada y en Catedral, la Intermedia. Las dos rojas.<\/p>\n<p>&#8211; \u00bfQu\u00e9 te molesta m\u00e1s para esquiar: el viento o la niebla?<br \/>\n&#8211; El viento.<\/p>\n<p>&#8211; \u00bfQu\u00e9 es lo que m\u00e1s te gusta de tu trabajo y lo que menos?<br \/>\n&#8211; Lo que m\u00e1s me gusta es la satisfacci\u00f3n de ense\u00f1ar. Ver comenzar personas que no saben nada, y que tal vez les est\u00e1 costando mucho y que finalmente 4 d\u00edas despu\u00e9s ya est\u00e9 esquiando por pistas es una satisfacci\u00f3n impagable.<br \/>\nLo que menos? Supongo que el clima. Hay d\u00edas en que aunque est\u00e9 lloviendo tienes que salir a dar clases s\u00ed o s\u00ed. Y ya puestos, pienso que esto de la doble temporada y lo que implica tener que hacer mudanza de trastos tambi\u00e9n es un tema que no me gusta demasiado y que conlleva cierto desarraigo.<\/p>\n","protected":false},"excerpt":{"rendered":"<p>El profesor de la escuela de esqu\u00ed de Masella Fernando Luis Juli\u00e1n Pallarola hace veinte a\u00f1os que no vive ning\u00fan<\/p>\n","protected":false},"author":4,"featured_media":3416,"comment_status":"closed","ping_status":"open","sticky":false,"template":"","format":"standard","meta":{"footnotes":""},"categories":[20],"tags":[],"yoast_head":"<!-- This site is optimized with the Yoast SEO plugin v21.5 - https:\/\/yoast.com\/wordpress\/plugins\/seo\/ -->\n<title>JULI\u00c1N PALLAROLA, 20 A\u00d1OS DE DOBLE TEMPORADA EN MASELLA Y CATEDRAL - blog oficial de masella<\/title>\n<meta name=\"robots\" content=\"index, follow, max-snippet:-1, max-image-preview:large, max-video-preview:-1\" \/>\n<link rel=\"canonical\" href=\"https:\/\/www.masella.com\/blog\/es\/julian-pallarola-20-anys-doble-temporada-masella-catedral\/\" \/>\n<meta property=\"og:locale\" content=\"es_ES\" \/>\n<meta property=\"og:type\" content=\"article\" \/>\n<meta property=\"og:title\" content=\"JULI\u00c1N PALLAROLA, 20 A\u00d1OS DE DOBLE TEMPORADA EN MASELLA Y CATEDRAL - blog oficial de masella\" \/>\n<meta property=\"og:description\" content=\"El profesor de la escuela de esqu\u00ed de Masella Fernando Luis Juli\u00e1n Pallarola hace veinte a\u00f1os que no vive ning\u00fan\" \/>\n<meta property=\"og:url\" content=\"https:\/\/www.masella.com\/blog\/es\/julian-pallarola-20-anys-doble-temporada-masella-catedral\/\" \/>\n<meta property=\"og:site_name\" content=\"blog oficial de masella\" \/>\n<meta property=\"article:published_time\" content=\"2018-05-29T11:24:56+00:00\" \/>\n<meta property=\"article:modified_time\" content=\"2022-06-01T06:32:49+00:00\" \/>\n<meta property=\"og:image\" content=\"https:\/\/www.masella.com\/blog\/wp-content\/uploads\/2018\/05\/julian_blog_dest.jpg\" \/>\n\t<meta property=\"og:image:width\" content=\"709\" \/>\n\t<meta property=\"og:image:height\" content=\"399\" \/>\n\t<meta property=\"og:image:type\" content=\"image\/jpeg\" \/>\n<meta name=\"author\" content=\"masella\" \/>\n<meta name=\"twitter:card\" content=\"summary_large_image\" \/>\n<meta name=\"twitter:label1\" content=\"Escrito por\" \/>\n\t<meta name=\"twitter:data1\" content=\"masella\" \/>\n\t<meta name=\"twitter:label2\" content=\"Tiempo de lectura\" \/>\n\t<meta name=\"twitter:data2\" content=\"7 minutos\" \/>\n<script type=\"application\/ld+json\" class=\"yoast-schema-graph\">{\"@context\":\"https:\/\/schema.org\",\"@graph\":[{\"@type\":\"Article\",\"@id\":\"https:\/\/www.masella.com\/blog\/es\/julian-pallarola-20-anys-doble-temporada-masella-catedral\/#article\",\"isPartOf\":{\"@id\":\"https:\/\/www.masella.com\/blog\/es\/julian-pallarola-20-anys-doble-temporada-masella-catedral\/\"},\"author\":{\"name\":\"masella\",\"@id\":\"https:\/\/www.masella.com\/blog\/ca\/#\/schema\/person\/e32b971f5be20790c591d85b8f1c706b\"},\"headline\":\"JULI\u00c1N PALLAROLA, 20 A\u00d1OS DE DOBLE TEMPORADA EN MASELLA Y CATEDRAL\",\"datePublished\":\"2018-05-29T11:24:56+00:00\",\"dateModified\":\"2022-06-01T06:32:49+00:00\",\"mainEntityOfPage\":{\"@id\":\"https:\/\/www.masella.com\/blog\/es\/julian-pallarola-20-anys-doble-temporada-masella-catedral\/\"},\"wordCount\":1435,\"publisher\":{\"@id\":\"https:\/\/www.masella.com\/blog\/ca\/#organization\"},\"articleSection\":[\"Actualidad\"],\"inLanguage\":\"es\"},{\"@type\":\"WebPage\",\"@id\":\"https:\/\/www.masella.com\/blog\/es\/julian-pallarola-20-anys-doble-temporada-masella-catedral\/\",\"url\":\"https:\/\/www.masella.com\/blog\/es\/julian-pallarola-20-anys-doble-temporada-masella-catedral\/\",\"name\":\"JULI\u00c1N PALLAROLA, 20 A\u00d1OS DE DOBLE TEMPORADA EN MASELLA Y CATEDRAL - blog oficial de masella\",\"isPartOf\":{\"@id\":\"https:\/\/www.masella.com\/blog\/ca\/#website\"},\"datePublished\":\"2018-05-29T11:24:56+00:00\",\"dateModified\":\"2022-06-01T06:32:49+00:00\",\"breadcrumb\":{\"@id\":\"https:\/\/www.masella.com\/blog\/es\/julian-pallarola-20-anys-doble-temporada-masella-catedral\/#breadcrumb\"},\"inLanguage\":\"es\",\"potentialAction\":[{\"@type\":\"ReadAction\",\"target\":[\"https:\/\/www.masella.com\/blog\/es\/julian-pallarola-20-anys-doble-temporada-masella-catedral\/\"]}]},{\"@type\":\"BreadcrumbList\",\"@id\":\"https:\/\/www.masella.com\/blog\/es\/julian-pallarola-20-anys-doble-temporada-masella-catedral\/#breadcrumb\",\"itemListElement\":[{\"@type\":\"ListItem\",\"position\":1,\"name\":\"Portada\",\"item\":\"https:\/\/www.masella.com\/blog\/ca\/\"},{\"@type\":\"ListItem\",\"position\":2,\"name\":\"JULI\u00c1N PALLAROLA, 20 A\u00d1OS DE DOBLE TEMPORADA EN MASELLA Y CATEDRAL\"}]},{\"@type\":\"WebSite\",\"@id\":\"https:\/\/www.masella.com\/blog\/ca\/#website\",\"url\":\"https:\/\/www.masella.com\/blog\/ca\/\",\"name\":\"blog oficial de masella\",\"description\":\"\",\"publisher\":{\"@id\":\"https:\/\/www.masella.com\/blog\/ca\/#organization\"},\"potentialAction\":[{\"@type\":\"SearchAction\",\"target\":{\"@type\":\"EntryPoint\",\"urlTemplate\":\"https:\/\/www.masella.com\/blog\/ca\/?s={search_term_string}\"},\"query-input\":\"required name=search_term_string\"}],\"inLanguage\":\"es\"},{\"@type\":\"Organization\",\"@id\":\"https:\/\/www.masella.com\/blog\/ca\/#organization\",\"name\":\"blog oficial de masella\",\"url\":\"https:\/\/www.masella.com\/blog\/ca\/\",\"logo\":{\"@type\":\"ImageObject\",\"inLanguage\":\"es\",\"@id\":\"https:\/\/www.masella.com\/blog\/ca\/#\/schema\/logo\/image\/\",\"url\":\"https:\/\/www.masella.com\/blog\/wp-content\/uploads\/2022\/12\/logo-masella-es-1.png\",\"contentUrl\":\"https:\/\/www.masella.com\/blog\/wp-content\/uploads\/2022\/12\/logo-masella-es-1.png\",\"width\":150,\"height\":88,\"caption\":\"blog oficial de masella\"},\"image\":{\"@id\":\"https:\/\/www.masella.com\/blog\/ca\/#\/schema\/logo\/image\/\"}},{\"@type\":\"Person\",\"@id\":\"https:\/\/www.masella.com\/blog\/ca\/#\/schema\/person\/e32b971f5be20790c591d85b8f1c706b\",\"name\":\"masella\",\"image\":{\"@type\":\"ImageObject\",\"inLanguage\":\"es\",\"@id\":\"https:\/\/www.masella.com\/blog\/ca\/#\/schema\/person\/image\/\",\"url\":\"https:\/\/secure.gravatar.com\/avatar\/57590b1151eaa410a783e55768bbbba2?s=96&d=mm&r=g\",\"contentUrl\":\"https:\/\/secure.gravatar.com\/avatar\/57590b1151eaa410a783e55768bbbba2?s=96&d=mm&r=g\",\"caption\":\"masella\"},\"url\":\"https:\/\/www.masella.com\/blog\/es\/author\/anna\/\"}]}<\/script>\n<!-- \/ Yoast SEO plugin. -->","yoast_head_json":{"title":"JULI\u00c1N PALLAROLA, 20 A\u00d1OS DE DOBLE TEMPORADA EN MASELLA Y CATEDRAL - blog oficial de masella","robots":{"index":"index","follow":"follow","max-snippet":"max-snippet:-1","max-image-preview":"max-image-preview:large","max-video-preview":"max-video-preview:-1"},"canonical":"https:\/\/www.masella.com\/blog\/es\/julian-pallarola-20-anys-doble-temporada-masella-catedral\/","og_locale":"es_ES","og_type":"article","og_title":"JULI\u00c1N PALLAROLA, 20 A\u00d1OS DE DOBLE TEMPORADA EN MASELLA Y CATEDRAL - blog oficial de masella","og_description":"El profesor de la escuela de esqu\u00ed de Masella Fernando Luis Juli\u00e1n Pallarola hace veinte a\u00f1os que no vive ning\u00fan","og_url":"https:\/\/www.masella.com\/blog\/es\/julian-pallarola-20-anys-doble-temporada-masella-catedral\/","og_site_name":"blog oficial de masella","article_published_time":"2018-05-29T11:24:56+00:00","article_modified_time":"2022-06-01T06:32:49+00:00","og_image":[{"width":709,"height":399,"url":"https:\/\/www.masella.com\/blog\/wp-content\/uploads\/2018\/05\/julian_blog_dest.jpg","type":"image\/jpeg"}],"author":"masella","twitter_card":"summary_large_image","twitter_misc":{"Escrito por":"masella","Tiempo de lectura":"7 minutos"},"schema":{"@context":"https:\/\/schema.org","@graph":[{"@type":"Article","@id":"https:\/\/www.masella.com\/blog\/es\/julian-pallarola-20-anys-doble-temporada-masella-catedral\/#article","isPartOf":{"@id":"https:\/\/www.masella.com\/blog\/es\/julian-pallarola-20-anys-doble-temporada-masella-catedral\/"},"author":{"name":"masella","@id":"https:\/\/www.masella.com\/blog\/ca\/#\/schema\/person\/e32b971f5be20790c591d85b8f1c706b"},"headline":"JULI\u00c1N PALLAROLA, 20 A\u00d1OS DE DOBLE TEMPORADA EN MASELLA Y CATEDRAL","datePublished":"2018-05-29T11:24:56+00:00","dateModified":"2022-06-01T06:32:49+00:00","mainEntityOfPage":{"@id":"https:\/\/www.masella.com\/blog\/es\/julian-pallarola-20-anys-doble-temporada-masella-catedral\/"},"wordCount":1435,"publisher":{"@id":"https:\/\/www.masella.com\/blog\/ca\/#organization"},"articleSection":["Actualidad"],"inLanguage":"es"},{"@type":"WebPage","@id":"https:\/\/www.masella.com\/blog\/es\/julian-pallarola-20-anys-doble-temporada-masella-catedral\/","url":"https:\/\/www.masella.com\/blog\/es\/julian-pallarola-20-anys-doble-temporada-masella-catedral\/","name":"JULI\u00c1N PALLAROLA, 20 A\u00d1OS DE DOBLE TEMPORADA EN MASELLA Y CATEDRAL - blog oficial de masella","isPartOf":{"@id":"https:\/\/www.masella.com\/blog\/ca\/#website"},"datePublished":"2018-05-29T11:24:56+00:00","dateModified":"2022-06-01T06:32:49+00:00","breadcrumb":{"@id":"https:\/\/www.masella.com\/blog\/es\/julian-pallarola-20-anys-doble-temporada-masella-catedral\/#breadcrumb"},"inLanguage":"es","potentialAction":[{"@type":"ReadAction","target":["https:\/\/www.masella.com\/blog\/es\/julian-pallarola-20-anys-doble-temporada-masella-catedral\/"]}]},{"@type":"BreadcrumbList","@id":"https:\/\/www.masella.com\/blog\/es\/julian-pallarola-20-anys-doble-temporada-masella-catedral\/#breadcrumb","itemListElement":[{"@type":"ListItem","position":1,"name":"Portada","item":"https:\/\/www.masella.com\/blog\/ca\/"},{"@type":"ListItem","position":2,"name":"JULI\u00c1N PALLAROLA, 20 A\u00d1OS DE DOBLE TEMPORADA EN MASELLA Y CATEDRAL"}]},{"@type":"WebSite","@id":"https:\/\/www.masella.com\/blog\/ca\/#website","url":"https:\/\/www.masella.com\/blog\/ca\/","name":"blog oficial de masella","description":"","publisher":{"@id":"https:\/\/www.masella.com\/blog\/ca\/#organization"},"potentialAction":[{"@type":"SearchAction","target":{"@type":"EntryPoint","urlTemplate":"https:\/\/www.masella.com\/blog\/ca\/?s={search_term_string}"},"query-input":"required name=search_term_string"}],"inLanguage":"es"},{"@type":"Organization","@id":"https:\/\/www.masella.com\/blog\/ca\/#organization","name":"blog oficial de masella","url":"https:\/\/www.masella.com\/blog\/ca\/","logo":{"@type":"ImageObject","inLanguage":"es","@id":"https:\/\/www.masella.com\/blog\/ca\/#\/schema\/logo\/image\/","url":"https:\/\/www.masella.com\/blog\/wp-content\/uploads\/2022\/12\/logo-masella-es-1.png","contentUrl":"https:\/\/www.masella.com\/blog\/wp-content\/uploads\/2022\/12\/logo-masella-es-1.png","width":150,"height":88,"caption":"blog oficial de masella"},"image":{"@id":"https:\/\/www.masella.com\/blog\/ca\/#\/schema\/logo\/image\/"}},{"@type":"Person","@id":"https:\/\/www.masella.com\/blog\/ca\/#\/schema\/person\/e32b971f5be20790c591d85b8f1c706b","name":"masella","image":{"@type":"ImageObject","inLanguage":"es","@id":"https:\/\/www.masella.com\/blog\/ca\/#\/schema\/person\/image\/","url":"https:\/\/secure.gravatar.com\/avatar\/57590b1151eaa410a783e55768bbbba2?s=96&d=mm&r=g","contentUrl":"https:\/\/secure.gravatar.com\/avatar\/57590b1151eaa410a783e55768bbbba2?s=96&d=mm&r=g","caption":"masella"},"url":"https:\/\/www.masella.com\/blog\/es\/author\/anna\/"}]}},"_links":{"self":[{"href":"https:\/\/www.masella.com\/blog\/es\/wp-json\/wp\/v2\/posts\/3418"}],"collection":[{"href":"https:\/\/www.masella.com\/blog\/es\/wp-json\/wp\/v2\/posts"}],"about":[{"href":"https:\/\/www.masella.com\/blog\/es\/wp-json\/wp\/v2\/types\/post"}],"author":[{"embeddable":true,"href":"https:\/\/www.masella.com\/blog\/es\/wp-json\/wp\/v2\/users\/4"}],"replies":[{"embeddable":true,"href":"https:\/\/www.masella.com\/blog\/es\/wp-json\/wp\/v2\/comments?post=3418"}],"version-history":[{"count":8,"href":"https:\/\/www.masella.com\/blog\/es\/wp-json\/wp\/v2\/posts\/3418\/revisions"}],"predecessor-version":[{"id":3427,"href":"https:\/\/www.masella.com\/blog\/es\/wp-json\/wp\/v2\/posts\/3418\/revisions\/3427"}],"wp:featuredmedia":[{"embeddable":true,"href":"https:\/\/www.masella.com\/blog\/es\/wp-json\/wp\/v2\/media\/3416"}],"wp:attachment":[{"href":"https:\/\/www.masella.com\/blog\/es\/wp-json\/wp\/v2\/media?parent=3418"}],"wp:term":[{"taxonomy":"category","embeddable":true,"href":"https:\/\/www.masella.com\/blog\/es\/wp-json\/wp\/v2\/categories?post=3418"},{"taxonomy":"post_tag","embeddable":true,"href":"https:\/\/www.masella.com\/blog\/es\/wp-json\/wp\/v2\/tags?post=3418"}],"curies":[{"name":"wp","href":"https:\/\/api.w.org\/{rel}","templated":true}]}}