{"id":3565,"date":"2018-11-12T14:20:38","date_gmt":"2018-11-12T14:20:38","guid":{"rendered":"https:\/\/www.masella.com\/blog\/?p=3565"},"modified":"2022-06-01T06:32:35","modified_gmt":"2022-06-01T06:32:35","slug":"estacion-abierta-a-diario","status":"publish","type":"post","link":"https:\/\/www.masella.com\/blog\/es\/estacion-abierta-a-diario\/","title":{"rendered":"ESTACI\u00d3N ABIERTA A DIARIO"},"content":{"rendered":"<p class=\"tw-data-text tw-ta tw-text-small\" dir=\"ltr\" data-placeholder=\"Traducci\u00f3n\"><span lang=\"es\">Esta primera quincena de noviembre Masella es la \u00fanica estaci\u00f3n de los Pirineos que abre todos los d\u00edas. Y a diferencia de otras temporadas, en el que la estaci\u00f3n abr\u00eda antes del 15 de noviembre con muy pocas pistas, la estaci\u00f3n de la Cerdanya ofrece un importante n\u00famero de km esquiables abiertos, gracias a los buenos espesores para la \u00e9poca en cotas medias y altas del dominio esquiable.<\/span><\/p>\n<p class=\"tw-data-text tw-ta tw-text-small\" dir=\"ltr\" data-placeholder=\"Traducci\u00f3n\"><span lang=\"es\">As\u00ed que abrimos a diario con:<\/span><\/p>\n<ul>\n<li class=\"tw-data-text tw-ta tw-text-small\" dir=\"ltr\" data-placeholder=\"Traducci\u00f3n\"><span lang=\"es\"> Espesores de nieve: 20 a 80 cm <\/span><\/li>\n<li class=\"tw-data-text tw-ta tw-text-small\" dir=\"ltr\" data-placeholder=\"Traducci\u00f3n\"><span lang=\"es\">Pistas: 30 pistas <\/span><\/li>\n<li class=\"tw-data-text tw-ta tw-text-small\" dir=\"ltr\" data-placeholder=\"Traducci\u00f3n\"><span lang=\"es\">Remontes: 5 abiertos (telesilla Jumbo Tosa, telesilla de Coma Oriola, telesilla Masella Jet, telesqu\u00ed de la Tosa y telesqu\u00ed Rasos) <\/span><\/li>\n<li class=\"tw-data-text tw-ta tw-text-small\" dir=\"ltr\" data-placeholder=\"Traducci\u00f3n\"><span lang=\"es\">Acceso a pistas: Para Coma Oriola-1950m y Pla de Masella-1600 m, con el Tsd. Masella Jet abierto de transporte <\/span><\/li>\n<\/ul>\n<p><span lang=\"es\">Estamos trabajando para abrir m\u00e1s pistas, remontes y sectores de manera progresiva. <\/span><\/p>\n<p class=\"tw-data-text tw-ta tw-text-small\" dir=\"ltr\" data-placeholder=\"Traducci\u00f3n\"><span lang=\"es\"><a href=\"https:\/\/www.masella.com\/blog\/wp-content\/uploads\/2018\/11\/2018_11_10JT.jpg\"><img loading=\"lazy\" decoding=\"async\" class=\"alignnone size-full wp-image-3561\" src=\"https:\/\/www.masella.com\/blog\/wp-content\/uploads\/2018\/11\/2018_11_10JT.jpg\" alt=\"\" width=\"1920\" height=\"910\" srcset=\"https:\/\/www.masella.com\/blog\/wp-content\/uploads\/2018\/11\/2018_11_10JT.jpg 1920w, https:\/\/www.masella.com\/blog\/wp-content\/uploads\/2018\/11\/2018_11_10JT-300x142.jpg 300w, https:\/\/www.masella.com\/blog\/wp-content\/uploads\/2018\/11\/2018_11_10JT-768x364.jpg 768w, https:\/\/www.masella.com\/blog\/wp-content\/uploads\/2018\/11\/2018_11_10JT-1024x485.jpg 1024w\" sizes=\"(max-width: 1920px) 100vw, 1920px\" \/><\/a> <\/span><\/p>\n<p id=\"tw-target-text\" class=\"tw-data-text tw-ta tw-text-small\" dir=\"ltr\" data-placeholder=\"Traducci\u00f3n\"><strong><span lang=\"es\">HORARIOS ENTRE SEMANA <\/span><\/strong><\/p>\n<p class=\"tw-data-text tw-ta tw-text-small\" dir=\"ltr\" data-placeholder=\"Traducci\u00f3n\"><span lang=\"es\">Entre semana abrimos con los siguientes horarios: <\/span><\/p>\n<p class=\"tw-data-text tw-ta tw-text-small\" dir=\"ltr\" data-placeholder=\"Traducci\u00f3n\"><span lang=\"es\">REMONTES: DE 9,15 a 15,30 h (\u00faltima subida) <\/span><\/p>\n<p class=\"tw-data-text tw-ta tw-text-small\" dir=\"ltr\" data-placeholder=\"Traducci\u00f3n\"><span lang=\"es\">OFICINAS: DE 8,30 a 16,30 h <\/span><\/p>\n<p class=\"tw-data-text tw-ta tw-text-small\" dir=\"ltr\" data-placeholder=\"Traducci\u00f3n\"><span lang=\"es\">ALQUILER: DE 8,30 a 16,30 h<\/span><\/p>\n<pre id=\"tw-target-text\" class=\"tw-data-text tw-ta tw-text-small\" dir=\"ltr\" data-placeholder=\"Traducci\u00f3n\" data-fulltext=\"\"><span lang=\"es\">\u00a0<\/span><\/pre>\n","protected":false},"excerpt":{"rendered":"<p>Esta primera quincena de noviembre Masella es la \u00fanica estaci\u00f3n de los Pirineos que abre todos los d\u00edas. Y a<\/p>\n","protected":false},"author":4,"featured_media":3563,"comment_status":"closed","ping_status":"open","sticky":false,"template":"","format":"standard","meta":{"footnotes":""},"categories":[64,36],"tags":[],"yoast_head":"<!-- This site is optimized with the Yoast SEO plugin v21.5 - https:\/\/yoast.com\/wordpress\/plugins\/seo\/ -->\n<title>ESTACI\u00d3N ABIERTA A DIARIO - blog oficial de masella<\/title>\n<meta name=\"robots\" content=\"index, follow, max-snippet:-1, max-image-preview:large, max-video-preview:-1\" \/>\n<link rel=\"canonical\" href=\"https:\/\/www.masella.com\/blog\/es\/estacion-abierta-a-diario\/\" \/>\n<meta property=\"og:locale\" content=\"es_ES\" \/>\n<meta property=\"og:type\" content=\"article\" \/>\n<meta property=\"og:title\" content=\"ESTACI\u00d3N ABIERTA A DIARIO - blog oficial de masella\" \/>\n<meta property=\"og:description\" content=\"Esta primera quincena de noviembre Masella es la \u00fanica estaci\u00f3n de los Pirineos que abre todos los d\u00edas. Y a\" \/>\n<meta property=\"og:url\" content=\"https:\/\/www.masella.com\/blog\/es\/estacion-abierta-a-diario\/\" \/>\n<meta property=\"og:site_name\" content=\"blog oficial de masella\" \/>\n<meta property=\"article:published_time\" content=\"2018-11-12T14:20:38+00:00\" \/>\n<meta property=\"article:modified_time\" content=\"2022-06-01T06:32:35+00:00\" \/>\n<meta property=\"og:image\" content=\"https:\/\/www.masella.com\/blog\/wp-content\/uploads\/2018\/11\/201811102E.jpg\" \/>\n\t<meta property=\"og:image:width\" content=\"1200\" \/>\n\t<meta property=\"og:image:height\" content=\"900\" \/>\n\t<meta property=\"og:image:type\" content=\"image\/jpeg\" \/>\n<meta name=\"author\" content=\"masella\" \/>\n<meta name=\"twitter:card\" content=\"summary_large_image\" \/>\n<meta name=\"twitter:label1\" content=\"Escrito por\" \/>\n\t<meta name=\"twitter:data1\" content=\"masella\" \/>\n\t<meta name=\"twitter:label2\" content=\"Tiempo de lectura\" \/>\n\t<meta name=\"twitter:data2\" content=\"1 minuto\" \/>\n<script type=\"application\/ld+json\" class=\"yoast-schema-graph\">{\"@context\":\"https:\/\/schema.org\",\"@graph\":[{\"@type\":\"Article\",\"@id\":\"https:\/\/www.masella.com\/blog\/es\/estacion-abierta-a-diario\/#article\",\"isPartOf\":{\"@id\":\"https:\/\/www.masella.com\/blog\/es\/estacion-abierta-a-diario\/\"},\"author\":{\"name\":\"masella\",\"@id\":\"https:\/\/www.masella.com\/blog\/ca\/#\/schema\/person\/e32b971f5be20790c591d85b8f1c706b\"},\"headline\":\"ESTACI\u00d3N ABIERTA A DIARIO\",\"datePublished\":\"2018-11-12T14:20:38+00:00\",\"dateModified\":\"2022-06-01T06:32:35+00:00\",\"mainEntityOfPage\":{\"@id\":\"https:\/\/www.masella.com\/blog\/es\/estacion-abierta-a-diario\/\"},\"wordCount\":167,\"publisher\":{\"@id\":\"https:\/\/www.masella.com\/blog\/ca\/#organization\"},\"articleSection\":[\"Destacado\",\"Muntanya\"],\"inLanguage\":\"es\"},{\"@type\":\"WebPage\",\"@id\":\"https:\/\/www.masella.com\/blog\/es\/estacion-abierta-a-diario\/\",\"url\":\"https:\/\/www.masella.com\/blog\/es\/estacion-abierta-a-diario\/\",\"name\":\"ESTACI\u00d3N ABIERTA A DIARIO - blog oficial de masella\",\"isPartOf\":{\"@id\":\"https:\/\/www.masella.com\/blog\/ca\/#website\"},\"datePublished\":\"2018-11-12T14:20:38+00:00\",\"dateModified\":\"2022-06-01T06:32:35+00:00\",\"breadcrumb\":{\"@id\":\"https:\/\/www.masella.com\/blog\/es\/estacion-abierta-a-diario\/#breadcrumb\"},\"inLanguage\":\"es\",\"potentialAction\":[{\"@type\":\"ReadAction\",\"target\":[\"https:\/\/www.masella.com\/blog\/es\/estacion-abierta-a-diario\/\"]}]},{\"@type\":\"BreadcrumbList\",\"@id\":\"https:\/\/www.masella.com\/blog\/es\/estacion-abierta-a-diario\/#breadcrumb\",\"itemListElement\":[{\"@type\":\"ListItem\",\"position\":1,\"name\":\"Portada\",\"item\":\"https:\/\/www.masella.com\/blog\/ca\/\"},{\"@type\":\"ListItem\",\"position\":2,\"name\":\"ESTACI\u00d3N ABIERTA A DIARIO\"}]},{\"@type\":\"WebSite\",\"@id\":\"https:\/\/www.masella.com\/blog\/ca\/#website\",\"url\":\"https:\/\/www.masella.com\/blog\/ca\/\",\"name\":\"blog oficial de masella\",\"description\":\"\",\"publisher\":{\"@id\":\"https:\/\/www.masella.com\/blog\/ca\/#organization\"},\"potentialAction\":[{\"@type\":\"SearchAction\",\"target\":{\"@type\":\"EntryPoint\",\"urlTemplate\":\"https:\/\/www.masella.com\/blog\/ca\/?s={search_term_string}\"},\"query-input\":\"required name=search_term_string\"}],\"inLanguage\":\"es\"},{\"@type\":\"Organization\",\"@id\":\"https:\/\/www.masella.com\/blog\/ca\/#organization\",\"name\":\"blog oficial de masella\",\"url\":\"https:\/\/www.masella.com\/blog\/ca\/\",\"logo\":{\"@type\":\"ImageObject\",\"inLanguage\":\"es\",\"@id\":\"https:\/\/www.masella.com\/blog\/ca\/#\/schema\/logo\/image\/\",\"url\":\"https:\/\/www.masella.com\/blog\/wp-content\/uploads\/2022\/12\/logo-masella-es-1.png\",\"contentUrl\":\"https:\/\/www.masella.com\/blog\/wp-content\/uploads\/2022\/12\/logo-masella-es-1.png\",\"width\":150,\"height\":88,\"caption\":\"blog oficial de masella\"},\"image\":{\"@id\":\"https:\/\/www.masella.com\/blog\/ca\/#\/schema\/logo\/image\/\"}},{\"@type\":\"Person\",\"@id\":\"https:\/\/www.masella.com\/blog\/ca\/#\/schema\/person\/e32b971f5be20790c591d85b8f1c706b\",\"name\":\"masella\",\"image\":{\"@type\":\"ImageObject\",\"inLanguage\":\"es\",\"@id\":\"https:\/\/www.masella.com\/blog\/ca\/#\/schema\/person\/image\/\",\"url\":\"https:\/\/secure.gravatar.com\/avatar\/57590b1151eaa410a783e55768bbbba2?s=96&d=mm&r=g\",\"contentUrl\":\"https:\/\/secure.gravatar.com\/avatar\/57590b1151eaa410a783e55768bbbba2?s=96&d=mm&r=g\",\"caption\":\"masella\"},\"url\":\"https:\/\/www.masella.com\/blog\/es\/author\/anna\/\"}]}<\/script>\n<!-- \/ Yoast SEO plugin. -->","yoast_head_json":{"title":"ESTACI\u00d3N ABIERTA A DIARIO - blog oficial de masella","robots":{"index":"index","follow":"follow","max-snippet":"max-snippet:-1","max-image-preview":"max-image-preview:large","max-video-preview":"max-video-preview:-1"},"canonical":"https:\/\/www.masella.com\/blog\/es\/estacion-abierta-a-diario\/","og_locale":"es_ES","og_type":"article","og_title":"ESTACI\u00d3N ABIERTA A DIARIO - blog oficial de masella","og_description":"Esta primera quincena de noviembre Masella es la \u00fanica estaci\u00f3n de los Pirineos que abre todos los d\u00edas. Y a","og_url":"https:\/\/www.masella.com\/blog\/es\/estacion-abierta-a-diario\/","og_site_name":"blog oficial de masella","article_published_time":"2018-11-12T14:20:38+00:00","article_modified_time":"2022-06-01T06:32:35+00:00","og_image":[{"width":1200,"height":900,"url":"https:\/\/www.masella.com\/blog\/wp-content\/uploads\/2018\/11\/201811102E.jpg","type":"image\/jpeg"}],"author":"masella","twitter_card":"summary_large_image","twitter_misc":{"Escrito por":"masella","Tiempo de lectura":"1 minuto"},"schema":{"@context":"https:\/\/schema.org","@graph":[{"@type":"Article","@id":"https:\/\/www.masella.com\/blog\/es\/estacion-abierta-a-diario\/#article","isPartOf":{"@id":"https:\/\/www.masella.com\/blog\/es\/estacion-abierta-a-diario\/"},"author":{"name":"masella","@id":"https:\/\/www.masella.com\/blog\/ca\/#\/schema\/person\/e32b971f5be20790c591d85b8f1c706b"},"headline":"ESTACI\u00d3N ABIERTA A DIARIO","datePublished":"2018-11-12T14:20:38+00:00","dateModified":"2022-06-01T06:32:35+00:00","mainEntityOfPage":{"@id":"https:\/\/www.masella.com\/blog\/es\/estacion-abierta-a-diario\/"},"wordCount":167,"publisher":{"@id":"https:\/\/www.masella.com\/blog\/ca\/#organization"},"articleSection":["Destacado","Muntanya"],"inLanguage":"es"},{"@type":"WebPage","@id":"https:\/\/www.masella.com\/blog\/es\/estacion-abierta-a-diario\/","url":"https:\/\/www.masella.com\/blog\/es\/estacion-abierta-a-diario\/","name":"ESTACI\u00d3N ABIERTA A DIARIO - blog oficial de masella","isPartOf":{"@id":"https:\/\/www.masella.com\/blog\/ca\/#website"},"datePublished":"2018-11-12T14:20:38+00:00","dateModified":"2022-06-01T06:32:35+00:00","breadcrumb":{"@id":"https:\/\/www.masella.com\/blog\/es\/estacion-abierta-a-diario\/#breadcrumb"},"inLanguage":"es","potentialAction":[{"@type":"ReadAction","target":["https:\/\/www.masella.com\/blog\/es\/estacion-abierta-a-diario\/"]}]},{"@type":"BreadcrumbList","@id":"https:\/\/www.masella.com\/blog\/es\/estacion-abierta-a-diario\/#breadcrumb","itemListElement":[{"@type":"ListItem","position":1,"name":"Portada","item":"https:\/\/www.masella.com\/blog\/ca\/"},{"@type":"ListItem","position":2,"name":"ESTACI\u00d3N ABIERTA A DIARIO"}]},{"@type":"WebSite","@id":"https:\/\/www.masella.com\/blog\/ca\/#website","url":"https:\/\/www.masella.com\/blog\/ca\/","name":"blog oficial de masella","description":"","publisher":{"@id":"https:\/\/www.masella.com\/blog\/ca\/#organization"},"potentialAction":[{"@type":"SearchAction","target":{"@type":"EntryPoint","urlTemplate":"https:\/\/www.masella.com\/blog\/ca\/?s={search_term_string}"},"query-input":"required name=search_term_string"}],"inLanguage":"es"},{"@type":"Organization","@id":"https:\/\/www.masella.com\/blog\/ca\/#organization","name":"blog oficial de masella","url":"https:\/\/www.masella.com\/blog\/ca\/","logo":{"@type":"ImageObject","inLanguage":"es","@id":"https:\/\/www.masella.com\/blog\/ca\/#\/schema\/logo\/image\/","url":"https:\/\/www.masella.com\/blog\/wp-content\/uploads\/2022\/12\/logo-masella-es-1.png","contentUrl":"https:\/\/www.masella.com\/blog\/wp-content\/uploads\/2022\/12\/logo-masella-es-1.png","width":150,"height":88,"caption":"blog oficial de masella"},"image":{"@id":"https:\/\/www.masella.com\/blog\/ca\/#\/schema\/logo\/image\/"}},{"@type":"Person","@id":"https:\/\/www.masella.com\/blog\/ca\/#\/schema\/person\/e32b971f5be20790c591d85b8f1c706b","name":"masella","image":{"@type":"ImageObject","inLanguage":"es","@id":"https:\/\/www.masella.com\/blog\/ca\/#\/schema\/person\/image\/","url":"https:\/\/secure.gravatar.com\/avatar\/57590b1151eaa410a783e55768bbbba2?s=96&d=mm&r=g","contentUrl":"https:\/\/secure.gravatar.com\/avatar\/57590b1151eaa410a783e55768bbbba2?s=96&d=mm&r=g","caption":"masella"},"url":"https:\/\/www.masella.com\/blog\/es\/author\/anna\/"}]}},"_links":{"self":[{"href":"https:\/\/www.masella.com\/blog\/es\/wp-json\/wp\/v2\/posts\/3565"}],"collection":[{"href":"https:\/\/www.masella.com\/blog\/es\/wp-json\/wp\/v2\/posts"}],"about":[{"href":"https:\/\/www.masella.com\/blog\/es\/wp-json\/wp\/v2\/types\/post"}],"author":[{"embeddable":true,"href":"https:\/\/www.masella.com\/blog\/es\/wp-json\/wp\/v2\/users\/4"}],"replies":[{"embeddable":true,"href":"https:\/\/www.masella.com\/blog\/es\/wp-json\/wp\/v2\/comments?post=3565"}],"version-history":[{"count":5,"href":"https:\/\/www.masella.com\/blog\/es\/wp-json\/wp\/v2\/posts\/3565\/revisions"}],"predecessor-version":[{"id":3570,"href":"https:\/\/www.masella.com\/blog\/es\/wp-json\/wp\/v2\/posts\/3565\/revisions\/3570"}],"wp:featuredmedia":[{"embeddable":true,"href":"https:\/\/www.masella.com\/blog\/es\/wp-json\/wp\/v2\/media\/3563"}],"wp:attachment":[{"href":"https:\/\/www.masella.com\/blog\/es\/wp-json\/wp\/v2\/media?parent=3565"}],"wp:term":[{"taxonomy":"category","embeddable":true,"href":"https:\/\/www.masella.com\/blog\/es\/wp-json\/wp\/v2\/categories?post=3565"},{"taxonomy":"post_tag","embeddable":true,"href":"https:\/\/www.masella.com\/blog\/es\/wp-json\/wp\/v2\/tags?post=3565"}],"curies":[{"name":"wp","href":"https:\/\/api.w.org\/{rel}","templated":true}]}}