{"id":3748,"date":"2019-01-04T11:58:17","date_gmt":"2019-01-04T11:58:17","guid":{"rendered":"https:\/\/www.masella.com\/blog\/?p=3748"},"modified":"2022-06-01T06:32:33","modified_gmt":"2022-06-01T06:32:33","slug":"llegan-los-reyes-a-masella-esqui-nocturno","status":"publish","type":"post","link":"https:\/\/www.masella.com\/blog\/es\/llegan-los-reyes-a-masella-esqui-nocturno\/","title":{"rendered":"LLEGAN LOS REYES A MASELLA &#8211; ESQU\u00cd NOCTURNO"},"content":{"rendered":"<p>Este s\u00e1bado, d\u00eda 5 de Enero, no hay Esqu\u00ed Nocturno. Y es que Melchor, Gaspar y Baltasar llegar\u00e1n con m\u00e1quinas pisanieves en el Pla de Masella, acompa\u00f1ados de un s\u00e9quito de pajes y colaboradores que har\u00e1n una bonita bajada de antorchas por las pistas de la estaci\u00f3n. Llegar\u00e1n el Pla de Masella alrededor de las 18h de la tarde y mientras los esper\u00e9is podr\u00e9is merendar \u201ccoca\u201d y chocolate caliente. Una vez en el Pla de Masella, Sus Majestades saludar\u00e1n y escuchar\u00e1n los deseos de peque\u00f1os y grandes. A continuaci\u00f3n, se dirigir\u00e1n al Alp Hotel Masella, donde har\u00e1n una recepci\u00f3n y recoger\u00e1n las cartas de los ni\u00f1os que a\u00fan no hayan entregado las cartas a la Isolada, la paje que estas tardes de diciembre y enero (14 a 16 h) ha recogido las cartas de los ni\u00f1os en las Oficinas de Atenci\u00f3n al Esquiador.<\/p>\n<p><a href=\"https:\/\/www.masella.com\/blog\/wp-content\/uploads\/2019\/01\/2018-12-28-Patge.jpg\"><img loading=\"lazy\" decoding=\"async\" class=\"alignnone size-full wp-image-3745\" src=\"https:\/\/www.masella.com\/blog\/wp-content\/uploads\/2019\/01\/2018-12-28-Patge.jpg\" alt=\"\" width=\"1200\" height=\"900\" srcset=\"https:\/\/www.masella.com\/blog\/wp-content\/uploads\/2019\/01\/2018-12-28-Patge.jpg 1200w, https:\/\/www.masella.com\/blog\/wp-content\/uploads\/2019\/01\/2018-12-28-Patge-300x225.jpg 300w, https:\/\/www.masella.com\/blog\/wp-content\/uploads\/2019\/01\/2018-12-28-Patge-768x576.jpg 768w, https:\/\/www.masella.com\/blog\/wp-content\/uploads\/2019\/01\/2018-12-28-Patge-1024x768.jpg 1024w\" sizes=\"(max-width: 1200px) 100vw, 1200px\" \/><\/a><\/p>\n<p>Las pr\u00f3ximas noches de Esqu\u00ed Nocturno son el jueves, d\u00eda 10 (18 a 20 h) y, tambi\u00e9n, el s\u00e1bado, d\u00eda 12 (18,30 a 21,30 h). A partir de entonces si que abriremos el Esqu\u00ed Nocturno cada Jueves y cada S\u00e1bado, hasta el 9 de Marzo, \u00faltimo d\u00eda del Esqu\u00ed Nocturno de la Temporada.<\/p>\n<p><a href=\"https:\/\/www.masella.com\/blog\/wp-content\/uploads\/2017\/02\/002H.jpg\"><img loading=\"lazy\" decoding=\"async\" class=\"alignnone size-full wp-image-1972\" src=\"https:\/\/www.masella.com\/blog\/wp-content\/uploads\/2017\/02\/002H.jpg\" alt=\"\" width=\"2000\" height=\"640\" srcset=\"https:\/\/www.masella.com\/blog\/wp-content\/uploads\/2017\/02\/002H.jpg 2000w, https:\/\/www.masella.com\/blog\/wp-content\/uploads\/2017\/02\/002H-300x96.jpg 300w, https:\/\/www.masella.com\/blog\/wp-content\/uploads\/2017\/02\/002H-768x246.jpg 768w, https:\/\/www.masella.com\/blog\/wp-content\/uploads\/2017\/02\/002H-1024x328.jpg 1024w\" sizes=\"(max-width: 2000px) 100vw, 2000px\" \/><\/a><\/p>\n","protected":false},"excerpt":{"rendered":"<p>Este s\u00e1bado, d\u00eda 5 de Enero, no hay Esqu\u00ed Nocturno. Y es que Melchor, Gaspar y Baltasar llegar\u00e1n con m\u00e1quinas<\/p>\n","protected":false},"author":4,"featured_media":3743,"comment_status":"closed","ping_status":"open","sticky":false,"template":"","format":"standard","meta":{"footnotes":""},"categories":[20,28,16,27],"tags":[],"yoast_head":"<!-- This site is optimized with the Yoast SEO plugin v21.5 - https:\/\/yoast.com\/wordpress\/plugins\/seo\/ -->\n<title>LLEGAN LOS REYES A MASELLA - ESQU\u00cd NOCTURNO - blog oficial de masella<\/title>\n<meta name=\"robots\" content=\"index, follow, max-snippet:-1, max-image-preview:large, max-video-preview:-1\" \/>\n<link rel=\"canonical\" href=\"https:\/\/www.masella.com\/blog\/es\/llegan-los-reyes-a-masella-esqui-nocturno\/\" \/>\n<meta property=\"og:locale\" content=\"es_ES\" \/>\n<meta property=\"og:type\" content=\"article\" \/>\n<meta property=\"og:title\" content=\"LLEGAN LOS REYES A MASELLA - ESQU\u00cd NOCTURNO - blog oficial de masella\" \/>\n<meta property=\"og:description\" content=\"Este s\u00e1bado, d\u00eda 5 de Enero, no hay Esqu\u00ed Nocturno. Y es que Melchor, Gaspar y Baltasar llegar\u00e1n con m\u00e1quinas\" \/>\n<meta property=\"og:url\" content=\"https:\/\/www.masella.com\/blog\/es\/llegan-los-reyes-a-masella-esqui-nocturno\/\" \/>\n<meta property=\"og:site_name\" content=\"blog oficial de masella\" \/>\n<meta property=\"article:published_time\" content=\"2019-01-04T11:58:17+00:00\" \/>\n<meta property=\"article:modified_time\" content=\"2022-06-01T06:32:33+00:00\" \/>\n<meta property=\"og:image\" content=\"https:\/\/www.masella.com\/blog\/wp-content\/uploads\/2019\/01\/2018-01-05.jpg\" \/>\n\t<meta property=\"og:image:width\" content=\"1200\" \/>\n\t<meta property=\"og:image:height\" content=\"900\" \/>\n\t<meta property=\"og:image:type\" content=\"image\/jpeg\" \/>\n<meta name=\"author\" content=\"masella\" \/>\n<meta name=\"twitter:card\" content=\"summary_large_image\" \/>\n<meta name=\"twitter:label1\" content=\"Escrito por\" \/>\n\t<meta name=\"twitter:data1\" content=\"masella\" \/>\n\t<meta name=\"twitter:label2\" content=\"Tiempo de lectura\" \/>\n\t<meta name=\"twitter:data2\" content=\"1 minuto\" \/>\n<script type=\"application\/ld+json\" class=\"yoast-schema-graph\">{\"@context\":\"https:\/\/schema.org\",\"@graph\":[{\"@type\":\"Article\",\"@id\":\"https:\/\/www.masella.com\/blog\/es\/llegan-los-reyes-a-masella-esqui-nocturno\/#article\",\"isPartOf\":{\"@id\":\"https:\/\/www.masella.com\/blog\/es\/llegan-los-reyes-a-masella-esqui-nocturno\/\"},\"author\":{\"name\":\"masella\",\"@id\":\"https:\/\/www.masella.com\/blog\/ca\/#\/schema\/person\/e32b971f5be20790c591d85b8f1c706b\"},\"headline\":\"LLEGAN LOS REYES A MASELLA &#8211; ESQU\u00cd NOCTURNO\",\"datePublished\":\"2019-01-04T11:58:17+00:00\",\"dateModified\":\"2022-06-01T06:32:33+00:00\",\"mainEntityOfPage\":{\"@id\":\"https:\/\/www.masella.com\/blog\/es\/llegan-los-reyes-a-masella-esqui-nocturno\/\"},\"wordCount\":224,\"publisher\":{\"@id\":\"https:\/\/www.masella.com\/blog\/ca\/#organization\"},\"articleSection\":[\"Actualidad\",\"Actualitat\",\"Eventos\",\"Nocturno\"],\"inLanguage\":\"es\"},{\"@type\":\"WebPage\",\"@id\":\"https:\/\/www.masella.com\/blog\/es\/llegan-los-reyes-a-masella-esqui-nocturno\/\",\"url\":\"https:\/\/www.masella.com\/blog\/es\/llegan-los-reyes-a-masella-esqui-nocturno\/\",\"name\":\"LLEGAN LOS REYES A MASELLA - ESQU\u00cd NOCTURNO - blog oficial de masella\",\"isPartOf\":{\"@id\":\"https:\/\/www.masella.com\/blog\/ca\/#website\"},\"datePublished\":\"2019-01-04T11:58:17+00:00\",\"dateModified\":\"2022-06-01T06:32:33+00:00\",\"breadcrumb\":{\"@id\":\"https:\/\/www.masella.com\/blog\/es\/llegan-los-reyes-a-masella-esqui-nocturno\/#breadcrumb\"},\"inLanguage\":\"es\",\"potentialAction\":[{\"@type\":\"ReadAction\",\"target\":[\"https:\/\/www.masella.com\/blog\/es\/llegan-los-reyes-a-masella-esqui-nocturno\/\"]}]},{\"@type\":\"BreadcrumbList\",\"@id\":\"https:\/\/www.masella.com\/blog\/es\/llegan-los-reyes-a-masella-esqui-nocturno\/#breadcrumb\",\"itemListElement\":[{\"@type\":\"ListItem\",\"position\":1,\"name\":\"Portada\",\"item\":\"https:\/\/www.masella.com\/blog\/ca\/\"},{\"@type\":\"ListItem\",\"position\":2,\"name\":\"LLEGAN LOS REYES A MASELLA &#8211; ESQU\u00cd NOCTURNO\"}]},{\"@type\":\"WebSite\",\"@id\":\"https:\/\/www.masella.com\/blog\/ca\/#website\",\"url\":\"https:\/\/www.masella.com\/blog\/ca\/\",\"name\":\"blog oficial de masella\",\"description\":\"\",\"publisher\":{\"@id\":\"https:\/\/www.masella.com\/blog\/ca\/#organization\"},\"potentialAction\":[{\"@type\":\"SearchAction\",\"target\":{\"@type\":\"EntryPoint\",\"urlTemplate\":\"https:\/\/www.masella.com\/blog\/ca\/?s={search_term_string}\"},\"query-input\":\"required name=search_term_string\"}],\"inLanguage\":\"es\"},{\"@type\":\"Organization\",\"@id\":\"https:\/\/www.masella.com\/blog\/ca\/#organization\",\"name\":\"blog oficial de masella\",\"url\":\"https:\/\/www.masella.com\/blog\/ca\/\",\"logo\":{\"@type\":\"ImageObject\",\"inLanguage\":\"es\",\"@id\":\"https:\/\/www.masella.com\/blog\/ca\/#\/schema\/logo\/image\/\",\"url\":\"https:\/\/www.masella.com\/blog\/wp-content\/uploads\/2022\/12\/logo-masella-es-1.png\",\"contentUrl\":\"https:\/\/www.masella.com\/blog\/wp-content\/uploads\/2022\/12\/logo-masella-es-1.png\",\"width\":150,\"height\":88,\"caption\":\"blog oficial de masella\"},\"image\":{\"@id\":\"https:\/\/www.masella.com\/blog\/ca\/#\/schema\/logo\/image\/\"}},{\"@type\":\"Person\",\"@id\":\"https:\/\/www.masella.com\/blog\/ca\/#\/schema\/person\/e32b971f5be20790c591d85b8f1c706b\",\"name\":\"masella\",\"image\":{\"@type\":\"ImageObject\",\"inLanguage\":\"es\",\"@id\":\"https:\/\/www.masella.com\/blog\/ca\/#\/schema\/person\/image\/\",\"url\":\"https:\/\/secure.gravatar.com\/avatar\/57590b1151eaa410a783e55768bbbba2?s=96&d=mm&r=g\",\"contentUrl\":\"https:\/\/secure.gravatar.com\/avatar\/57590b1151eaa410a783e55768bbbba2?s=96&d=mm&r=g\",\"caption\":\"masella\"},\"url\":\"https:\/\/www.masella.com\/blog\/es\/author\/anna\/\"}]}<\/script>\n<!-- \/ Yoast SEO plugin. -->","yoast_head_json":{"title":"LLEGAN LOS REYES A MASELLA - ESQU\u00cd NOCTURNO - blog oficial de masella","robots":{"index":"index","follow":"follow","max-snippet":"max-snippet:-1","max-image-preview":"max-image-preview:large","max-video-preview":"max-video-preview:-1"},"canonical":"https:\/\/www.masella.com\/blog\/es\/llegan-los-reyes-a-masella-esqui-nocturno\/","og_locale":"es_ES","og_type":"article","og_title":"LLEGAN LOS REYES A MASELLA - ESQU\u00cd NOCTURNO - blog oficial de masella","og_description":"Este s\u00e1bado, d\u00eda 5 de Enero, no hay Esqu\u00ed Nocturno. Y es que Melchor, Gaspar y Baltasar llegar\u00e1n con m\u00e1quinas","og_url":"https:\/\/www.masella.com\/blog\/es\/llegan-los-reyes-a-masella-esqui-nocturno\/","og_site_name":"blog oficial de masella","article_published_time":"2019-01-04T11:58:17+00:00","article_modified_time":"2022-06-01T06:32:33+00:00","og_image":[{"width":1200,"height":900,"url":"https:\/\/www.masella.com\/blog\/wp-content\/uploads\/2019\/01\/2018-01-05.jpg","type":"image\/jpeg"}],"author":"masella","twitter_card":"summary_large_image","twitter_misc":{"Escrito por":"masella","Tiempo de lectura":"1 minuto"},"schema":{"@context":"https:\/\/schema.org","@graph":[{"@type":"Article","@id":"https:\/\/www.masella.com\/blog\/es\/llegan-los-reyes-a-masella-esqui-nocturno\/#article","isPartOf":{"@id":"https:\/\/www.masella.com\/blog\/es\/llegan-los-reyes-a-masella-esqui-nocturno\/"},"author":{"name":"masella","@id":"https:\/\/www.masella.com\/blog\/ca\/#\/schema\/person\/e32b971f5be20790c591d85b8f1c706b"},"headline":"LLEGAN LOS REYES A MASELLA &#8211; ESQU\u00cd NOCTURNO","datePublished":"2019-01-04T11:58:17+00:00","dateModified":"2022-06-01T06:32:33+00:00","mainEntityOfPage":{"@id":"https:\/\/www.masella.com\/blog\/es\/llegan-los-reyes-a-masella-esqui-nocturno\/"},"wordCount":224,"publisher":{"@id":"https:\/\/www.masella.com\/blog\/ca\/#organization"},"articleSection":["Actualidad","Actualitat","Eventos","Nocturno"],"inLanguage":"es"},{"@type":"WebPage","@id":"https:\/\/www.masella.com\/blog\/es\/llegan-los-reyes-a-masella-esqui-nocturno\/","url":"https:\/\/www.masella.com\/blog\/es\/llegan-los-reyes-a-masella-esqui-nocturno\/","name":"LLEGAN LOS REYES A MASELLA - ESQU\u00cd NOCTURNO - blog oficial de masella","isPartOf":{"@id":"https:\/\/www.masella.com\/blog\/ca\/#website"},"datePublished":"2019-01-04T11:58:17+00:00","dateModified":"2022-06-01T06:32:33+00:00","breadcrumb":{"@id":"https:\/\/www.masella.com\/blog\/es\/llegan-los-reyes-a-masella-esqui-nocturno\/#breadcrumb"},"inLanguage":"es","potentialAction":[{"@type":"ReadAction","target":["https:\/\/www.masella.com\/blog\/es\/llegan-los-reyes-a-masella-esqui-nocturno\/"]}]},{"@type":"BreadcrumbList","@id":"https:\/\/www.masella.com\/blog\/es\/llegan-los-reyes-a-masella-esqui-nocturno\/#breadcrumb","itemListElement":[{"@type":"ListItem","position":1,"name":"Portada","item":"https:\/\/www.masella.com\/blog\/ca\/"},{"@type":"ListItem","position":2,"name":"LLEGAN LOS REYES A MASELLA &#8211; ESQU\u00cd NOCTURNO"}]},{"@type":"WebSite","@id":"https:\/\/www.masella.com\/blog\/ca\/#website","url":"https:\/\/www.masella.com\/blog\/ca\/","name":"blog oficial de masella","description":"","publisher":{"@id":"https:\/\/www.masella.com\/blog\/ca\/#organization"},"potentialAction":[{"@type":"SearchAction","target":{"@type":"EntryPoint","urlTemplate":"https:\/\/www.masella.com\/blog\/ca\/?s={search_term_string}"},"query-input":"required name=search_term_string"}],"inLanguage":"es"},{"@type":"Organization","@id":"https:\/\/www.masella.com\/blog\/ca\/#organization","name":"blog oficial de masella","url":"https:\/\/www.masella.com\/blog\/ca\/","logo":{"@type":"ImageObject","inLanguage":"es","@id":"https:\/\/www.masella.com\/blog\/ca\/#\/schema\/logo\/image\/","url":"https:\/\/www.masella.com\/blog\/wp-content\/uploads\/2022\/12\/logo-masella-es-1.png","contentUrl":"https:\/\/www.masella.com\/blog\/wp-content\/uploads\/2022\/12\/logo-masella-es-1.png","width":150,"height":88,"caption":"blog oficial de masella"},"image":{"@id":"https:\/\/www.masella.com\/blog\/ca\/#\/schema\/logo\/image\/"}},{"@type":"Person","@id":"https:\/\/www.masella.com\/blog\/ca\/#\/schema\/person\/e32b971f5be20790c591d85b8f1c706b","name":"masella","image":{"@type":"ImageObject","inLanguage":"es","@id":"https:\/\/www.masella.com\/blog\/ca\/#\/schema\/person\/image\/","url":"https:\/\/secure.gravatar.com\/avatar\/57590b1151eaa410a783e55768bbbba2?s=96&d=mm&r=g","contentUrl":"https:\/\/secure.gravatar.com\/avatar\/57590b1151eaa410a783e55768bbbba2?s=96&d=mm&r=g","caption":"masella"},"url":"https:\/\/www.masella.com\/blog\/es\/author\/anna\/"}]}},"_links":{"self":[{"href":"https:\/\/www.masella.com\/blog\/es\/wp-json\/wp\/v2\/posts\/3748"}],"collection":[{"href":"https:\/\/www.masella.com\/blog\/es\/wp-json\/wp\/v2\/posts"}],"about":[{"href":"https:\/\/www.masella.com\/blog\/es\/wp-json\/wp\/v2\/types\/post"}],"author":[{"embeddable":true,"href":"https:\/\/www.masella.com\/blog\/es\/wp-json\/wp\/v2\/users\/4"}],"replies":[{"embeddable":true,"href":"https:\/\/www.masella.com\/blog\/es\/wp-json\/wp\/v2\/comments?post=3748"}],"version-history":[{"count":3,"href":"https:\/\/www.masella.com\/blog\/es\/wp-json\/wp\/v2\/posts\/3748\/revisions"}],"predecessor-version":[{"id":3751,"href":"https:\/\/www.masella.com\/blog\/es\/wp-json\/wp\/v2\/posts\/3748\/revisions\/3751"}],"wp:featuredmedia":[{"embeddable":true,"href":"https:\/\/www.masella.com\/blog\/es\/wp-json\/wp\/v2\/media\/3743"}],"wp:attachment":[{"href":"https:\/\/www.masella.com\/blog\/es\/wp-json\/wp\/v2\/media?parent=3748"}],"wp:term":[{"taxonomy":"category","embeddable":true,"href":"https:\/\/www.masella.com\/blog\/es\/wp-json\/wp\/v2\/categories?post=3748"},{"taxonomy":"post_tag","embeddable":true,"href":"https:\/\/www.masella.com\/blog\/es\/wp-json\/wp\/v2\/tags?post=3748"}],"curies":[{"name":"wp","href":"https:\/\/api.w.org\/{rel}","templated":true}]}}