{"id":3859,"date":"2019-01-18T15:41:06","date_gmt":"2019-01-18T15:41:06","guid":{"rendered":"https:\/\/www.masella.com\/blog\/?p=3859"},"modified":"2022-06-01T06:32:17","modified_gmt":"2022-06-01T06:32:17","slug":"invitamos-a-los-debutantes-esquiar-de-noche-con-motivo-del-dia-de-la-nieve","status":"publish","type":"post","link":"https:\/\/www.masella.com\/blog\/es\/invitamos-a-los-debutantes-esquiar-de-noche-con-motivo-del-dia-de-la-nieve\/","title":{"rendered":"INVITAMOS A LOS DEBUTANTES ESQUIAR DE NOCHE CON MOTIVO DEL D\u00cdA DE LA NIEVE"},"content":{"rendered":"<p>El pr\u00f3ximo s\u00e1bado, d\u00eda 19 de enero, en Masella celebramos el World Snow Day, es decir la celebraci\u00f3n internacional del d\u00eda de la nieve promovida por la Federaci\u00f3n Internacional de Esqu\u00ed para acercar la nieve a los ni\u00f1os y sus familias.<\/p>\n<p><a href=\"https:\/\/www.masella.com\/blog\/wp-content\/uploads\/2019\/01\/P1760291c.jpg\"><img loading=\"lazy\" decoding=\"async\" class=\"alignnone size-full wp-image-3855\" src=\"https:\/\/www.masella.com\/blog\/wp-content\/uploads\/2019\/01\/P1760291c.jpg\" alt=\"\" width=\"2000\" height=\"1500\" srcset=\"https:\/\/www.masella.com\/blog\/wp-content\/uploads\/2019\/01\/P1760291c.jpg 2000w, https:\/\/www.masella.com\/blog\/wp-content\/uploads\/2019\/01\/P1760291c-300x225.jpg 300w, https:\/\/www.masella.com\/blog\/wp-content\/uploads\/2019\/01\/P1760291c-768x576.jpg 768w, https:\/\/www.masella.com\/blog\/wp-content\/uploads\/2019\/01\/P1760291c-1024x768.jpg 1024w\" sizes=\"(max-width: 2000px) 100vw, 2000px\" \/><\/a><\/p>\n<p>Para conmemorar este d\u00eda los debutantes, ya sean ni\u00f1os como si son adultos, podr\u00e1n esquiar gratuitamente en horario nocturno (18,30 a 21,30 h). As\u00ed que ser\u00e1 una excelente ocasi\u00f3n para que los debutantes hagan una primera cata de la nieve y, adem\u00e1s, podr\u00e1n conocer la experiencia del Esqu\u00ed Nocturno.\u00a0Los debutantes tendr\u00e1n acceso a las pistas verdes del Pla de Masella a trav\u00e9s de las cintas de Pastors y Pastorets. Para recoger los forfaits gratuitos los debutantes deber\u00e1n pasar por las taquillas de la estaci\u00f3n, ubicadas en el Pla de Masella, a partir de las 17,30 h. El forfait no incluir\u00e1 el seguro.<\/p>\n","protected":false},"excerpt":{"rendered":"<p>El pr\u00f3ximo s\u00e1bado, d\u00eda 19 de enero, en Masella celebramos el World Snow Day, es decir la celebraci\u00f3n internacional del<\/p>\n","protected":false},"author":4,"featured_media":3857,"comment_status":"closed","ping_status":"open","sticky":false,"template":"","format":"standard","meta":{"footnotes":""},"categories":[20,28,16,27],"tags":[],"yoast_head":"<!-- This site is optimized with the Yoast SEO plugin v21.5 - https:\/\/yoast.com\/wordpress\/plugins\/seo\/ -->\n<title>INVITAMOS A LOS DEBUTANTES ESQUIAR DE NOCHE CON MOTIVO DEL D\u00cdA DE LA NIEVE - blog oficial de masella<\/title>\n<meta name=\"robots\" content=\"index, follow, max-snippet:-1, max-image-preview:large, max-video-preview:-1\" \/>\n<link rel=\"canonical\" href=\"https:\/\/www.masella.com\/blog\/es\/invitamos-a-los-debutantes-esquiar-de-noche-con-motivo-del-dia-de-la-nieve\/\" \/>\n<meta property=\"og:locale\" content=\"es_ES\" \/>\n<meta property=\"og:type\" content=\"article\" \/>\n<meta property=\"og:title\" content=\"INVITAMOS A LOS DEBUTANTES ESQUIAR DE NOCHE CON MOTIVO DEL D\u00cdA DE LA NIEVE - blog oficial de masella\" \/>\n<meta property=\"og:description\" content=\"El pr\u00f3ximo s\u00e1bado, d\u00eda 19 de enero, en Masella celebramos el World Snow Day, es decir la celebraci\u00f3n internacional del\" \/>\n<meta property=\"og:url\" content=\"https:\/\/www.masella.com\/blog\/es\/invitamos-a-los-debutantes-esquiar-de-noche-con-motivo-del-dia-de-la-nieve\/\" \/>\n<meta property=\"og:site_name\" content=\"blog oficial de masella\" \/>\n<meta property=\"article:published_time\" content=\"2019-01-18T15:41:06+00:00\" \/>\n<meta property=\"article:modified_time\" content=\"2022-06-01T06:32:17+00:00\" \/>\n<meta property=\"og:image\" content=\"https:\/\/www.masella.com\/blog\/wp-content\/uploads\/2019\/01\/P1760300cBLOGID.jpg\" \/>\n\t<meta property=\"og:image:width\" content=\"628\" \/>\n\t<meta property=\"og:image:height\" content=\"349\" \/>\n\t<meta property=\"og:image:type\" content=\"image\/jpeg\" \/>\n<meta name=\"author\" content=\"masella\" \/>\n<meta name=\"twitter:card\" content=\"summary_large_image\" \/>\n<meta name=\"twitter:label1\" content=\"Escrito por\" \/>\n\t<meta name=\"twitter:data1\" content=\"masella\" \/>\n\t<meta name=\"twitter:label2\" content=\"Tiempo de lectura\" \/>\n\t<meta name=\"twitter:data2\" content=\"1 minuto\" \/>\n<script type=\"application\/ld+json\" class=\"yoast-schema-graph\">{\"@context\":\"https:\/\/schema.org\",\"@graph\":[{\"@type\":\"Article\",\"@id\":\"https:\/\/www.masella.com\/blog\/es\/invitamos-a-los-debutantes-esquiar-de-noche-con-motivo-del-dia-de-la-nieve\/#article\",\"isPartOf\":{\"@id\":\"https:\/\/www.masella.com\/blog\/es\/invitamos-a-los-debutantes-esquiar-de-noche-con-motivo-del-dia-de-la-nieve\/\"},\"author\":{\"name\":\"masella\",\"@id\":\"https:\/\/www.masella.com\/blog\/ca\/#\/schema\/person\/e32b971f5be20790c591d85b8f1c706b\"},\"headline\":\"INVITAMOS A LOS DEBUTANTES ESQUIAR DE NOCHE CON MOTIVO DEL D\u00cdA DE LA NIEVE\",\"datePublished\":\"2019-01-18T15:41:06+00:00\",\"dateModified\":\"2022-06-01T06:32:17+00:00\",\"mainEntityOfPage\":{\"@id\":\"https:\/\/www.masella.com\/blog\/es\/invitamos-a-los-debutantes-esquiar-de-noche-con-motivo-del-dia-de-la-nieve\/\"},\"wordCount\":172,\"publisher\":{\"@id\":\"https:\/\/www.masella.com\/blog\/ca\/#organization\"},\"articleSection\":[\"Actualidad\",\"Actualitat\",\"Eventos\",\"Nocturno\"],\"inLanguage\":\"es\"},{\"@type\":\"WebPage\",\"@id\":\"https:\/\/www.masella.com\/blog\/es\/invitamos-a-los-debutantes-esquiar-de-noche-con-motivo-del-dia-de-la-nieve\/\",\"url\":\"https:\/\/www.masella.com\/blog\/es\/invitamos-a-los-debutantes-esquiar-de-noche-con-motivo-del-dia-de-la-nieve\/\",\"name\":\"INVITAMOS A LOS DEBUTANTES ESQUIAR DE NOCHE CON MOTIVO DEL D\u00cdA DE LA NIEVE - blog oficial de masella\",\"isPartOf\":{\"@id\":\"https:\/\/www.masella.com\/blog\/ca\/#website\"},\"datePublished\":\"2019-01-18T15:41:06+00:00\",\"dateModified\":\"2022-06-01T06:32:17+00:00\",\"breadcrumb\":{\"@id\":\"https:\/\/www.masella.com\/blog\/es\/invitamos-a-los-debutantes-esquiar-de-noche-con-motivo-del-dia-de-la-nieve\/#breadcrumb\"},\"inLanguage\":\"es\",\"potentialAction\":[{\"@type\":\"ReadAction\",\"target\":[\"https:\/\/www.masella.com\/blog\/es\/invitamos-a-los-debutantes-esquiar-de-noche-con-motivo-del-dia-de-la-nieve\/\"]}]},{\"@type\":\"BreadcrumbList\",\"@id\":\"https:\/\/www.masella.com\/blog\/es\/invitamos-a-los-debutantes-esquiar-de-noche-con-motivo-del-dia-de-la-nieve\/#breadcrumb\",\"itemListElement\":[{\"@type\":\"ListItem\",\"position\":1,\"name\":\"Portada\",\"item\":\"https:\/\/www.masella.com\/blog\/ca\/\"},{\"@type\":\"ListItem\",\"position\":2,\"name\":\"INVITAMOS A LOS DEBUTANTES ESQUIAR DE NOCHE CON MOTIVO DEL D\u00cdA DE LA NIEVE\"}]},{\"@type\":\"WebSite\",\"@id\":\"https:\/\/www.masella.com\/blog\/ca\/#website\",\"url\":\"https:\/\/www.masella.com\/blog\/ca\/\",\"name\":\"blog oficial de masella\",\"description\":\"\",\"publisher\":{\"@id\":\"https:\/\/www.masella.com\/blog\/ca\/#organization\"},\"potentialAction\":[{\"@type\":\"SearchAction\",\"target\":{\"@type\":\"EntryPoint\",\"urlTemplate\":\"https:\/\/www.masella.com\/blog\/ca\/?s={search_term_string}\"},\"query-input\":\"required name=search_term_string\"}],\"inLanguage\":\"es\"},{\"@type\":\"Organization\",\"@id\":\"https:\/\/www.masella.com\/blog\/ca\/#organization\",\"name\":\"blog oficial de masella\",\"url\":\"https:\/\/www.masella.com\/blog\/ca\/\",\"logo\":{\"@type\":\"ImageObject\",\"inLanguage\":\"es\",\"@id\":\"https:\/\/www.masella.com\/blog\/ca\/#\/schema\/logo\/image\/\",\"url\":\"https:\/\/www.masella.com\/blog\/wp-content\/uploads\/2022\/12\/logo-masella-es-1.png\",\"contentUrl\":\"https:\/\/www.masella.com\/blog\/wp-content\/uploads\/2022\/12\/logo-masella-es-1.png\",\"width\":150,\"height\":88,\"caption\":\"blog oficial de masella\"},\"image\":{\"@id\":\"https:\/\/www.masella.com\/blog\/ca\/#\/schema\/logo\/image\/\"}},{\"@type\":\"Person\",\"@id\":\"https:\/\/www.masella.com\/blog\/ca\/#\/schema\/person\/e32b971f5be20790c591d85b8f1c706b\",\"name\":\"masella\",\"image\":{\"@type\":\"ImageObject\",\"inLanguage\":\"es\",\"@id\":\"https:\/\/www.masella.com\/blog\/ca\/#\/schema\/person\/image\/\",\"url\":\"https:\/\/secure.gravatar.com\/avatar\/57590b1151eaa410a783e55768bbbba2?s=96&d=mm&r=g\",\"contentUrl\":\"https:\/\/secure.gravatar.com\/avatar\/57590b1151eaa410a783e55768bbbba2?s=96&d=mm&r=g\",\"caption\":\"masella\"},\"url\":\"https:\/\/www.masella.com\/blog\/es\/author\/anna\/\"}]}<\/script>\n<!-- \/ Yoast SEO plugin. -->","yoast_head_json":{"title":"INVITAMOS A LOS DEBUTANTES ESQUIAR DE NOCHE CON MOTIVO DEL D\u00cdA DE LA NIEVE - blog oficial de masella","robots":{"index":"index","follow":"follow","max-snippet":"max-snippet:-1","max-image-preview":"max-image-preview:large","max-video-preview":"max-video-preview:-1"},"canonical":"https:\/\/www.masella.com\/blog\/es\/invitamos-a-los-debutantes-esquiar-de-noche-con-motivo-del-dia-de-la-nieve\/","og_locale":"es_ES","og_type":"article","og_title":"INVITAMOS A LOS DEBUTANTES ESQUIAR DE NOCHE CON MOTIVO DEL D\u00cdA DE LA NIEVE - blog oficial de masella","og_description":"El pr\u00f3ximo s\u00e1bado, d\u00eda 19 de enero, en Masella celebramos el World Snow Day, es decir la celebraci\u00f3n internacional del","og_url":"https:\/\/www.masella.com\/blog\/es\/invitamos-a-los-debutantes-esquiar-de-noche-con-motivo-del-dia-de-la-nieve\/","og_site_name":"blog oficial de masella","article_published_time":"2019-01-18T15:41:06+00:00","article_modified_time":"2022-06-01T06:32:17+00:00","og_image":[{"width":628,"height":349,"url":"https:\/\/www.masella.com\/blog\/wp-content\/uploads\/2019\/01\/P1760300cBLOGID.jpg","type":"image\/jpeg"}],"author":"masella","twitter_card":"summary_large_image","twitter_misc":{"Escrito por":"masella","Tiempo de lectura":"1 minuto"},"schema":{"@context":"https:\/\/schema.org","@graph":[{"@type":"Article","@id":"https:\/\/www.masella.com\/blog\/es\/invitamos-a-los-debutantes-esquiar-de-noche-con-motivo-del-dia-de-la-nieve\/#article","isPartOf":{"@id":"https:\/\/www.masella.com\/blog\/es\/invitamos-a-los-debutantes-esquiar-de-noche-con-motivo-del-dia-de-la-nieve\/"},"author":{"name":"masella","@id":"https:\/\/www.masella.com\/blog\/ca\/#\/schema\/person\/e32b971f5be20790c591d85b8f1c706b"},"headline":"INVITAMOS A LOS DEBUTANTES ESQUIAR DE NOCHE CON MOTIVO DEL D\u00cdA DE LA NIEVE","datePublished":"2019-01-18T15:41:06+00:00","dateModified":"2022-06-01T06:32:17+00:00","mainEntityOfPage":{"@id":"https:\/\/www.masella.com\/blog\/es\/invitamos-a-los-debutantes-esquiar-de-noche-con-motivo-del-dia-de-la-nieve\/"},"wordCount":172,"publisher":{"@id":"https:\/\/www.masella.com\/blog\/ca\/#organization"},"articleSection":["Actualidad","Actualitat","Eventos","Nocturno"],"inLanguage":"es"},{"@type":"WebPage","@id":"https:\/\/www.masella.com\/blog\/es\/invitamos-a-los-debutantes-esquiar-de-noche-con-motivo-del-dia-de-la-nieve\/","url":"https:\/\/www.masella.com\/blog\/es\/invitamos-a-los-debutantes-esquiar-de-noche-con-motivo-del-dia-de-la-nieve\/","name":"INVITAMOS A LOS DEBUTANTES ESQUIAR DE NOCHE CON MOTIVO DEL D\u00cdA DE LA NIEVE - blog oficial de masella","isPartOf":{"@id":"https:\/\/www.masella.com\/blog\/ca\/#website"},"datePublished":"2019-01-18T15:41:06+00:00","dateModified":"2022-06-01T06:32:17+00:00","breadcrumb":{"@id":"https:\/\/www.masella.com\/blog\/es\/invitamos-a-los-debutantes-esquiar-de-noche-con-motivo-del-dia-de-la-nieve\/#breadcrumb"},"inLanguage":"es","potentialAction":[{"@type":"ReadAction","target":["https:\/\/www.masella.com\/blog\/es\/invitamos-a-los-debutantes-esquiar-de-noche-con-motivo-del-dia-de-la-nieve\/"]}]},{"@type":"BreadcrumbList","@id":"https:\/\/www.masella.com\/blog\/es\/invitamos-a-los-debutantes-esquiar-de-noche-con-motivo-del-dia-de-la-nieve\/#breadcrumb","itemListElement":[{"@type":"ListItem","position":1,"name":"Portada","item":"https:\/\/www.masella.com\/blog\/ca\/"},{"@type":"ListItem","position":2,"name":"INVITAMOS A LOS DEBUTANTES ESQUIAR DE NOCHE CON MOTIVO DEL D\u00cdA DE LA NIEVE"}]},{"@type":"WebSite","@id":"https:\/\/www.masella.com\/blog\/ca\/#website","url":"https:\/\/www.masella.com\/blog\/ca\/","name":"blog oficial de masella","description":"","publisher":{"@id":"https:\/\/www.masella.com\/blog\/ca\/#organization"},"potentialAction":[{"@type":"SearchAction","target":{"@type":"EntryPoint","urlTemplate":"https:\/\/www.masella.com\/blog\/ca\/?s={search_term_string}"},"query-input":"required name=search_term_string"}],"inLanguage":"es"},{"@type":"Organization","@id":"https:\/\/www.masella.com\/blog\/ca\/#organization","name":"blog oficial de masella","url":"https:\/\/www.masella.com\/blog\/ca\/","logo":{"@type":"ImageObject","inLanguage":"es","@id":"https:\/\/www.masella.com\/blog\/ca\/#\/schema\/logo\/image\/","url":"https:\/\/www.masella.com\/blog\/wp-content\/uploads\/2022\/12\/logo-masella-es-1.png","contentUrl":"https:\/\/www.masella.com\/blog\/wp-content\/uploads\/2022\/12\/logo-masella-es-1.png","width":150,"height":88,"caption":"blog oficial de masella"},"image":{"@id":"https:\/\/www.masella.com\/blog\/ca\/#\/schema\/logo\/image\/"}},{"@type":"Person","@id":"https:\/\/www.masella.com\/blog\/ca\/#\/schema\/person\/e32b971f5be20790c591d85b8f1c706b","name":"masella","image":{"@type":"ImageObject","inLanguage":"es","@id":"https:\/\/www.masella.com\/blog\/ca\/#\/schema\/person\/image\/","url":"https:\/\/secure.gravatar.com\/avatar\/57590b1151eaa410a783e55768bbbba2?s=96&d=mm&r=g","contentUrl":"https:\/\/secure.gravatar.com\/avatar\/57590b1151eaa410a783e55768bbbba2?s=96&d=mm&r=g","caption":"masella"},"url":"https:\/\/www.masella.com\/blog\/es\/author\/anna\/"}]}},"_links":{"self":[{"href":"https:\/\/www.masella.com\/blog\/es\/wp-json\/wp\/v2\/posts\/3859"}],"collection":[{"href":"https:\/\/www.masella.com\/blog\/es\/wp-json\/wp\/v2\/posts"}],"about":[{"href":"https:\/\/www.masella.com\/blog\/es\/wp-json\/wp\/v2\/types\/post"}],"author":[{"embeddable":true,"href":"https:\/\/www.masella.com\/blog\/es\/wp-json\/wp\/v2\/users\/4"}],"replies":[{"embeddable":true,"href":"https:\/\/www.masella.com\/blog\/es\/wp-json\/wp\/v2\/comments?post=3859"}],"version-history":[{"count":1,"href":"https:\/\/www.masella.com\/blog\/es\/wp-json\/wp\/v2\/posts\/3859\/revisions"}],"predecessor-version":[{"id":3860,"href":"https:\/\/www.masella.com\/blog\/es\/wp-json\/wp\/v2\/posts\/3859\/revisions\/3860"}],"wp:featuredmedia":[{"embeddable":true,"href":"https:\/\/www.masella.com\/blog\/es\/wp-json\/wp\/v2\/media\/3857"}],"wp:attachment":[{"href":"https:\/\/www.masella.com\/blog\/es\/wp-json\/wp\/v2\/media?parent=3859"}],"wp:term":[{"taxonomy":"category","embeddable":true,"href":"https:\/\/www.masella.com\/blog\/es\/wp-json\/wp\/v2\/categories?post=3859"},{"taxonomy":"post_tag","embeddable":true,"href":"https:\/\/www.masella.com\/blog\/es\/wp-json\/wp\/v2\/tags?post=3859"}],"curies":[{"name":"wp","href":"https:\/\/api.w.org\/{rel}","templated":true}]}}