{"id":399,"date":"2016-01-10T13:53:57","date_gmt":"2016-01-10T13:53:57","guid":{"rendered":"http:\/\/www.masella.com\/blog\/es\/30-anys-de-temps-de-neu-a-masella\/"},"modified":"2022-06-01T06:39:45","modified_gmt":"2022-06-01T06:39:45","slug":"30-anys-de-temps-de-neu-a-masella","status":"publish","type":"post","link":"https:\/\/www.masella.com\/blog\/es\/30-anys-de-temps-de-neu-a-masella\/","title":{"rendered":"30 A\u00d1OS DE TEMPS DE NEU EN MASELLA"},"content":{"rendered":"<p>La octava jornada de esqu\u00ed nocturno de la temporada en Masella , el s\u00e1bado 9 de enero ,<strong> result\u00f3 un \u00e9xito con gran afluencia de esquiadores, buenas condiciones de nieve que hab\u00edan mejorado respecto a la jornada diurna y la celebraci\u00f3n de la fiesta de cumplea\u00f1os del programa de Televisi\u00f3n de Catalunya \u00bb Temps de neu\u00bb<\/strong>. El veterano espacio televisivo dedicado a los deportes de nieve naci\u00f3 el 9 de enero de 1986 y ayer, exactamente 30 a\u00f1os despu\u00e9s , quisieron conmemorar una fecha tan se\u00f1alada en Masella rodeados de telespectadores , amigos y esquiadores de nuestra estaci\u00f3n.<\/p>\n<p><a href=\"http:\/\/www.masella.com\/blog\/wp-content\/uploads\/2016\/01\/TDN1.jpg\"><img loading=\"lazy\" decoding=\"async\" class=\"size-full wp-image-394\" src=\"http:\/\/www.masella.com\/blog\/wp-content\/uploads\/2016\/01\/TDN1.jpg\" alt=\"OLYMPUS DIGITAL CAMERA\" width=\"800\" height=\"445\" srcset=\"https:\/\/www.masella.com\/blog\/wp-content\/uploads\/2016\/01\/TDN1.jpg 800w, https:\/\/www.masella.com\/blog\/wp-content\/uploads\/2016\/01\/TDN1-300x167.jpg 300w\" sizes=\"(max-width: 800px) 100vw, 800px\" \/><\/a><\/p>\n<p>El resultado televisivo de esta fiesta, en formato de reportaje , se emitir\u00e1 el programa \u00bb Temps de neu \u00bb del pr\u00f3ximo jueves, a las 22.35 , en el canal Esport\u00a03. Desde Masella queremos agradecer la colaboraci\u00f3n de todos los clubes que entrenan habitualmente en la estaci\u00f3n y que hicieron posible este evento y de la Pasteler\u00eda Gil de Ll\u00edvia, art\u00edfice del gran pastel de cumplea\u00f1os.<\/p>\n<p><a href=\"http:\/\/www.masella.com\/blog\/wp-content\/uploads\/2016\/01\/TDN2.jpg\"><img loading=\"lazy\" decoding=\"async\" class=\"size-full wp-image-395\" src=\"http:\/\/www.masella.com\/blog\/wp-content\/uploads\/2016\/01\/TDN2.jpg\" alt=\"OLYMPUS DIGITAL CAMERA\" width=\"800\" height=\"445\" srcset=\"https:\/\/www.masella.com\/blog\/wp-content\/uploads\/2016\/01\/TDN2.jpg 800w, https:\/\/www.masella.com\/blog\/wp-content\/uploads\/2016\/01\/TDN2-300x167.jpg 300w\" sizes=\"(max-width: 800px) 100vw, 800px\" \/><\/a><\/p>\n<p>Despu\u00e9s de soplar las velas todos pudieron disfrutar de la experiencia de esquiar por la noche en Masella , conocida ya como \u00bb la capital del esqu\u00ed nocturno de los Pirineos\u00bb. <strong>Durante este mes de enero Masella abrir\u00e1 noches de todos los jueves, de 18:15 a 20:15 y los s\u00e1bados, de 18.30 a 21.30<\/strong><\/p>\n","protected":false},"excerpt":{"rendered":"<p>La octava jornada de esqu\u00ed nocturno de la temporada en Masella , el s\u00e1bado 9 de enero , result\u00f3 un<\/p>\n","protected":false},"author":4,"featured_media":397,"comment_status":"closed","ping_status":"open","sticky":false,"template":"","format":"standard","meta":{"footnotes":""},"categories":[20,28,16],"tags":[],"yoast_head":"<!-- This site is optimized with the Yoast SEO plugin v21.5 - https:\/\/yoast.com\/wordpress\/plugins\/seo\/ -->\n<title>30 A\u00d1OS DE TEMPS DE NEU EN MASELLA - blog oficial de masella<\/title>\n<meta name=\"robots\" content=\"index, follow, max-snippet:-1, max-image-preview:large, max-video-preview:-1\" \/>\n<link rel=\"canonical\" href=\"https:\/\/www.masella.com\/blog\/es\/30-anys-de-temps-de-neu-a-masella\/\" \/>\n<meta property=\"og:locale\" content=\"es_ES\" \/>\n<meta property=\"og:type\" content=\"article\" \/>\n<meta property=\"og:title\" content=\"30 A\u00d1OS DE TEMPS DE NEU EN MASELLA - blog oficial de masella\" \/>\n<meta property=\"og:description\" content=\"La octava jornada de esqu\u00ed nocturno de la temporada en Masella , el s\u00e1bado 9 de enero , result\u00f3 un\" \/>\n<meta property=\"og:url\" content=\"https:\/\/www.masella.com\/blog\/es\/30-anys-de-temps-de-neu-a-masella\/\" \/>\n<meta property=\"og:site_name\" content=\"blog oficial de masella\" \/>\n<meta property=\"article:published_time\" content=\"2016-01-10T13:53:57+00:00\" \/>\n<meta property=\"article:modified_time\" content=\"2022-06-01T06:39:45+00:00\" \/>\n<meta property=\"og:image\" content=\"https:\/\/www.masella.com\/blog\/wp-content\/uploads\/2016\/01\/TDN4.jpg\" \/>\n\t<meta property=\"og:image:width\" content=\"800\" \/>\n\t<meta property=\"og:image:height\" content=\"445\" \/>\n\t<meta property=\"og:image:type\" content=\"image\/jpeg\" \/>\n<meta name=\"author\" content=\"masella\" \/>\n<meta name=\"twitter:card\" content=\"summary_large_image\" \/>\n<meta name=\"twitter:label1\" content=\"Escrito por\" \/>\n\t<meta name=\"twitter:data1\" content=\"masella\" \/>\n\t<meta name=\"twitter:label2\" content=\"Tiempo de lectura\" \/>\n\t<meta name=\"twitter:data2\" content=\"1 minuto\" \/>\n<script type=\"application\/ld+json\" class=\"yoast-schema-graph\">{\"@context\":\"https:\/\/schema.org\",\"@graph\":[{\"@type\":\"Article\",\"@id\":\"https:\/\/www.masella.com\/blog\/es\/30-anys-de-temps-de-neu-a-masella\/#article\",\"isPartOf\":{\"@id\":\"https:\/\/www.masella.com\/blog\/es\/30-anys-de-temps-de-neu-a-masella\/\"},\"author\":{\"name\":\"masella\",\"@id\":\"https:\/\/www.masella.com\/blog\/ca\/#\/schema\/person\/e32b971f5be20790c591d85b8f1c706b\"},\"headline\":\"30 A\u00d1OS DE TEMPS DE NEU EN MASELLA\",\"datePublished\":\"2016-01-10T13:53:57+00:00\",\"dateModified\":\"2022-06-01T06:39:45+00:00\",\"mainEntityOfPage\":{\"@id\":\"https:\/\/www.masella.com\/blog\/es\/30-anys-de-temps-de-neu-a-masella\/\"},\"wordCount\":224,\"publisher\":{\"@id\":\"https:\/\/www.masella.com\/blog\/ca\/#organization\"},\"articleSection\":[\"Actualidad\",\"Actualitat\",\"Eventos\"],\"inLanguage\":\"es\"},{\"@type\":\"WebPage\",\"@id\":\"https:\/\/www.masella.com\/blog\/es\/30-anys-de-temps-de-neu-a-masella\/\",\"url\":\"https:\/\/www.masella.com\/blog\/es\/30-anys-de-temps-de-neu-a-masella\/\",\"name\":\"30 A\u00d1OS DE TEMPS DE NEU EN MASELLA - blog oficial de masella\",\"isPartOf\":{\"@id\":\"https:\/\/www.masella.com\/blog\/ca\/#website\"},\"datePublished\":\"2016-01-10T13:53:57+00:00\",\"dateModified\":\"2022-06-01T06:39:45+00:00\",\"breadcrumb\":{\"@id\":\"https:\/\/www.masella.com\/blog\/es\/30-anys-de-temps-de-neu-a-masella\/#breadcrumb\"},\"inLanguage\":\"es\",\"potentialAction\":[{\"@type\":\"ReadAction\",\"target\":[\"https:\/\/www.masella.com\/blog\/es\/30-anys-de-temps-de-neu-a-masella\/\"]}]},{\"@type\":\"BreadcrumbList\",\"@id\":\"https:\/\/www.masella.com\/blog\/es\/30-anys-de-temps-de-neu-a-masella\/#breadcrumb\",\"itemListElement\":[{\"@type\":\"ListItem\",\"position\":1,\"name\":\"Portada\",\"item\":\"https:\/\/www.masella.com\/blog\/ca\/\"},{\"@type\":\"ListItem\",\"position\":2,\"name\":\"30 A\u00d1OS DE TEMPS DE NEU EN MASELLA\"}]},{\"@type\":\"WebSite\",\"@id\":\"https:\/\/www.masella.com\/blog\/ca\/#website\",\"url\":\"https:\/\/www.masella.com\/blog\/ca\/\",\"name\":\"blog oficial de masella\",\"description\":\"\",\"publisher\":{\"@id\":\"https:\/\/www.masella.com\/blog\/ca\/#organization\"},\"potentialAction\":[{\"@type\":\"SearchAction\",\"target\":{\"@type\":\"EntryPoint\",\"urlTemplate\":\"https:\/\/www.masella.com\/blog\/ca\/?s={search_term_string}\"},\"query-input\":\"required name=search_term_string\"}],\"inLanguage\":\"es\"},{\"@type\":\"Organization\",\"@id\":\"https:\/\/www.masella.com\/blog\/ca\/#organization\",\"name\":\"blog oficial de masella\",\"url\":\"https:\/\/www.masella.com\/blog\/ca\/\",\"logo\":{\"@type\":\"ImageObject\",\"inLanguage\":\"es\",\"@id\":\"https:\/\/www.masella.com\/blog\/ca\/#\/schema\/logo\/image\/\",\"url\":\"https:\/\/www.masella.com\/blog\/wp-content\/uploads\/2022\/12\/logo-masella-es-1.png\",\"contentUrl\":\"https:\/\/www.masella.com\/blog\/wp-content\/uploads\/2022\/12\/logo-masella-es-1.png\",\"width\":150,\"height\":88,\"caption\":\"blog oficial de masella\"},\"image\":{\"@id\":\"https:\/\/www.masella.com\/blog\/ca\/#\/schema\/logo\/image\/\"}},{\"@type\":\"Person\",\"@id\":\"https:\/\/www.masella.com\/blog\/ca\/#\/schema\/person\/e32b971f5be20790c591d85b8f1c706b\",\"name\":\"masella\",\"image\":{\"@type\":\"ImageObject\",\"inLanguage\":\"es\",\"@id\":\"https:\/\/www.masella.com\/blog\/ca\/#\/schema\/person\/image\/\",\"url\":\"https:\/\/secure.gravatar.com\/avatar\/57590b1151eaa410a783e55768bbbba2?s=96&d=mm&r=g\",\"contentUrl\":\"https:\/\/secure.gravatar.com\/avatar\/57590b1151eaa410a783e55768bbbba2?s=96&d=mm&r=g\",\"caption\":\"masella\"},\"url\":\"https:\/\/www.masella.com\/blog\/es\/author\/anna\/\"}]}<\/script>\n<!-- \/ Yoast SEO plugin. -->","yoast_head_json":{"title":"30 A\u00d1OS DE TEMPS DE NEU EN MASELLA - blog oficial de masella","robots":{"index":"index","follow":"follow","max-snippet":"max-snippet:-1","max-image-preview":"max-image-preview:large","max-video-preview":"max-video-preview:-1"},"canonical":"https:\/\/www.masella.com\/blog\/es\/30-anys-de-temps-de-neu-a-masella\/","og_locale":"es_ES","og_type":"article","og_title":"30 A\u00d1OS DE TEMPS DE NEU EN MASELLA - blog oficial de masella","og_description":"La octava jornada de esqu\u00ed nocturno de la temporada en Masella , el s\u00e1bado 9 de enero , result\u00f3 un","og_url":"https:\/\/www.masella.com\/blog\/es\/30-anys-de-temps-de-neu-a-masella\/","og_site_name":"blog oficial de masella","article_published_time":"2016-01-10T13:53:57+00:00","article_modified_time":"2022-06-01T06:39:45+00:00","og_image":[{"width":800,"height":445,"url":"https:\/\/www.masella.com\/blog\/wp-content\/uploads\/2016\/01\/TDN4.jpg","type":"image\/jpeg"}],"author":"masella","twitter_card":"summary_large_image","twitter_misc":{"Escrito por":"masella","Tiempo de lectura":"1 minuto"},"schema":{"@context":"https:\/\/schema.org","@graph":[{"@type":"Article","@id":"https:\/\/www.masella.com\/blog\/es\/30-anys-de-temps-de-neu-a-masella\/#article","isPartOf":{"@id":"https:\/\/www.masella.com\/blog\/es\/30-anys-de-temps-de-neu-a-masella\/"},"author":{"name":"masella","@id":"https:\/\/www.masella.com\/blog\/ca\/#\/schema\/person\/e32b971f5be20790c591d85b8f1c706b"},"headline":"30 A\u00d1OS DE TEMPS DE NEU EN MASELLA","datePublished":"2016-01-10T13:53:57+00:00","dateModified":"2022-06-01T06:39:45+00:00","mainEntityOfPage":{"@id":"https:\/\/www.masella.com\/blog\/es\/30-anys-de-temps-de-neu-a-masella\/"},"wordCount":224,"publisher":{"@id":"https:\/\/www.masella.com\/blog\/ca\/#organization"},"articleSection":["Actualidad","Actualitat","Eventos"],"inLanguage":"es"},{"@type":"WebPage","@id":"https:\/\/www.masella.com\/blog\/es\/30-anys-de-temps-de-neu-a-masella\/","url":"https:\/\/www.masella.com\/blog\/es\/30-anys-de-temps-de-neu-a-masella\/","name":"30 A\u00d1OS DE TEMPS DE NEU EN MASELLA - blog oficial de masella","isPartOf":{"@id":"https:\/\/www.masella.com\/blog\/ca\/#website"},"datePublished":"2016-01-10T13:53:57+00:00","dateModified":"2022-06-01T06:39:45+00:00","breadcrumb":{"@id":"https:\/\/www.masella.com\/blog\/es\/30-anys-de-temps-de-neu-a-masella\/#breadcrumb"},"inLanguage":"es","potentialAction":[{"@type":"ReadAction","target":["https:\/\/www.masella.com\/blog\/es\/30-anys-de-temps-de-neu-a-masella\/"]}]},{"@type":"BreadcrumbList","@id":"https:\/\/www.masella.com\/blog\/es\/30-anys-de-temps-de-neu-a-masella\/#breadcrumb","itemListElement":[{"@type":"ListItem","position":1,"name":"Portada","item":"https:\/\/www.masella.com\/blog\/ca\/"},{"@type":"ListItem","position":2,"name":"30 A\u00d1OS DE TEMPS DE NEU EN MASELLA"}]},{"@type":"WebSite","@id":"https:\/\/www.masella.com\/blog\/ca\/#website","url":"https:\/\/www.masella.com\/blog\/ca\/","name":"blog oficial de masella","description":"","publisher":{"@id":"https:\/\/www.masella.com\/blog\/ca\/#organization"},"potentialAction":[{"@type":"SearchAction","target":{"@type":"EntryPoint","urlTemplate":"https:\/\/www.masella.com\/blog\/ca\/?s={search_term_string}"},"query-input":"required name=search_term_string"}],"inLanguage":"es"},{"@type":"Organization","@id":"https:\/\/www.masella.com\/blog\/ca\/#organization","name":"blog oficial de masella","url":"https:\/\/www.masella.com\/blog\/ca\/","logo":{"@type":"ImageObject","inLanguage":"es","@id":"https:\/\/www.masella.com\/blog\/ca\/#\/schema\/logo\/image\/","url":"https:\/\/www.masella.com\/blog\/wp-content\/uploads\/2022\/12\/logo-masella-es-1.png","contentUrl":"https:\/\/www.masella.com\/blog\/wp-content\/uploads\/2022\/12\/logo-masella-es-1.png","width":150,"height":88,"caption":"blog oficial de masella"},"image":{"@id":"https:\/\/www.masella.com\/blog\/ca\/#\/schema\/logo\/image\/"}},{"@type":"Person","@id":"https:\/\/www.masella.com\/blog\/ca\/#\/schema\/person\/e32b971f5be20790c591d85b8f1c706b","name":"masella","image":{"@type":"ImageObject","inLanguage":"es","@id":"https:\/\/www.masella.com\/blog\/ca\/#\/schema\/person\/image\/","url":"https:\/\/secure.gravatar.com\/avatar\/57590b1151eaa410a783e55768bbbba2?s=96&d=mm&r=g","contentUrl":"https:\/\/secure.gravatar.com\/avatar\/57590b1151eaa410a783e55768bbbba2?s=96&d=mm&r=g","caption":"masella"},"url":"https:\/\/www.masella.com\/blog\/es\/author\/anna\/"}]}},"_links":{"self":[{"href":"https:\/\/www.masella.com\/blog\/es\/wp-json\/wp\/v2\/posts\/399"}],"collection":[{"href":"https:\/\/www.masella.com\/blog\/es\/wp-json\/wp\/v2\/posts"}],"about":[{"href":"https:\/\/www.masella.com\/blog\/es\/wp-json\/wp\/v2\/types\/post"}],"author":[{"embeddable":true,"href":"https:\/\/www.masella.com\/blog\/es\/wp-json\/wp\/v2\/users\/4"}],"replies":[{"embeddable":true,"href":"https:\/\/www.masella.com\/blog\/es\/wp-json\/wp\/v2\/comments?post=399"}],"version-history":[{"count":3,"href":"https:\/\/www.masella.com\/blog\/es\/wp-json\/wp\/v2\/posts\/399\/revisions"}],"predecessor-version":[{"id":406,"href":"https:\/\/www.masella.com\/blog\/es\/wp-json\/wp\/v2\/posts\/399\/revisions\/406"}],"wp:featuredmedia":[{"embeddable":true,"href":"https:\/\/www.masella.com\/blog\/es\/wp-json\/wp\/v2\/media\/397"}],"wp:attachment":[{"href":"https:\/\/www.masella.com\/blog\/es\/wp-json\/wp\/v2\/media?parent=399"}],"wp:term":[{"taxonomy":"category","embeddable":true,"href":"https:\/\/www.masella.com\/blog\/es\/wp-json\/wp\/v2\/categories?post=399"},{"taxonomy":"post_tag","embeddable":true,"href":"https:\/\/www.masella.com\/blog\/es\/wp-json\/wp\/v2\/tags?post=399"}],"curies":[{"name":"wp","href":"https:\/\/api.w.org\/{rel}","templated":true}]}}