{"id":4112,"date":"2019-05-31T11:11:39","date_gmt":"2019-05-31T11:11:39","guid":{"rendered":"https:\/\/www.masella.com\/blog\/?p=4112"},"modified":"2022-06-01T06:31:45","modified_gmt":"2022-06-01T06:31:45","slug":"disfruta-de-la-cerdanya-con-e-bike","status":"publish","type":"post","link":"https:\/\/www.masella.com\/blog\/es\/disfruta-de-la-cerdanya-con-e-bike\/","title":{"rendered":"DISFRUTA DE LA CERDANYA CON E-BIKE"},"content":{"rendered":"<p>X-TOT, en la tienda de Masella y en el Badiu Cerdanya, alquilan bicicletas el\u00e9ctricas de gama alta con doble suspensi\u00f3n. Son E-bikes nuevas de la marca Scott, modelos Spark e-ride 930 y 920. Tienen suspensi\u00f3n TwinLoc, bloqueo Scott personalizado con ajuste de recorrido y geometr\u00eda, cuadro de aleaci\u00f3n Spark \u00c9ride y bater\u00eda integrada con autonom\u00eda de 100 km.<\/p>\n<p><a href=\"https:\/\/www.masella.com\/blog\/wp-content\/uploads\/2019\/05\/001.jpg\"><img loading=\"lazy\" decoding=\"async\" class=\"size-full wp-image-4106 aligncenter\" src=\"https:\/\/www.masella.com\/blog\/wp-content\/uploads\/2019\/05\/001.jpg\" alt=\"\" width=\"1200\" height=\"900\" srcset=\"https:\/\/www.masella.com\/blog\/wp-content\/uploads\/2019\/05\/001.jpg 1200w, https:\/\/www.masella.com\/blog\/wp-content\/uploads\/2019\/05\/001-300x225.jpg 300w, https:\/\/www.masella.com\/blog\/wp-content\/uploads\/2019\/05\/001-768x576.jpg 768w, https:\/\/www.masella.com\/blog\/wp-content\/uploads\/2019\/05\/001-1024x768.jpg 1024w\" sizes=\"(max-width: 1200px) 100vw, 1200px\" \/><\/a><\/p>\n<p style=\"text-align: center;\">Las E-bikes van equipadas con GPS Garmin con rutas precargadas, con una amplia selecci\u00f3n de tracks seg\u00fan la distancia y dificultad del recorrido.<\/p>\n<p><a href=\"https:\/\/www.masella.com\/blog\/wp-content\/uploads\/2019\/05\/002.jpg\"><img loading=\"lazy\" decoding=\"async\" class=\"size-full wp-image-4108 aligncenter\" src=\"https:\/\/www.masella.com\/blog\/wp-content\/uploads\/2019\/05\/002.jpg\" alt=\"\" width=\"1200\" height=\"900\" srcset=\"https:\/\/www.masella.com\/blog\/wp-content\/uploads\/2019\/05\/002.jpg 1200w, https:\/\/www.masella.com\/blog\/wp-content\/uploads\/2019\/05\/002-300x225.jpg 300w, https:\/\/www.masella.com\/blog\/wp-content\/uploads\/2019\/05\/002-768x576.jpg 768w, https:\/\/www.masella.com\/blog\/wp-content\/uploads\/2019\/05\/002-1024x768.jpg 1024w\" sizes=\"(max-width: 1200px) 100vw, 1200px\" \/><\/a><\/p>\n<p style=\"text-align: center;\">Las E-Bike ya estan disponibles cada fin de semana en el Badiu Cerdanya y a partir del 15 de junio tambi\u00e9n estar\u00e1n disponibles en la tienda de Masella. Para m\u00e1s informaci\u00f3n y hacer prerreserva contactar antes con <a href=\"http:\/\/www.pertot.cat\/cycling\/\" target=\"_blank\" rel=\"noopener\">X-TOT<\/a> v\u00eda correo electr\u00f3nico o tel\u00e9fono (llamada o whatsapp)<\/p>\n<p style=\"text-align: center;\">cycling@pertot.cat<br \/>\nM\u00f3vil 619850037 (Guillem)<\/p>\n","protected":false},"excerpt":{"rendered":"<p>X-TOT, en la tienda de Masella y en el Badiu Cerdanya, alquilan bicicletas el\u00e9ctricas de gama alta con doble suspensi\u00f3n.<\/p>\n","protected":false},"author":4,"featured_media":4113,"comment_status":"closed","ping_status":"open","sticky":false,"template":"","format":"standard","meta":{"footnotes":""},"categories":[20,28],"tags":[],"yoast_head":"<!-- This site is optimized with the Yoast SEO plugin v21.5 - https:\/\/yoast.com\/wordpress\/plugins\/seo\/ -->\n<title>DISFRUTA DE LA CERDANYA CON E-BIKE - blog oficial de masella<\/title>\n<meta name=\"robots\" content=\"index, follow, max-snippet:-1, max-image-preview:large, max-video-preview:-1\" \/>\n<link rel=\"canonical\" href=\"https:\/\/www.masella.com\/blog\/es\/disfruta-de-la-cerdanya-con-e-bike\/\" \/>\n<meta property=\"og:locale\" content=\"es_ES\" \/>\n<meta property=\"og:type\" content=\"article\" \/>\n<meta property=\"og:title\" content=\"DISFRUTA DE LA CERDANYA CON E-BIKE - blog oficial de masella\" \/>\n<meta property=\"og:description\" content=\"X-TOT, en la tienda de Masella y en el Badiu Cerdanya, alquilan bicicletas el\u00e9ctricas de gama alta con doble suspensi\u00f3n.\" \/>\n<meta property=\"og:url\" content=\"https:\/\/www.masella.com\/blog\/es\/disfruta-de-la-cerdanya-con-e-bike\/\" \/>\n<meta property=\"og:site_name\" content=\"blog oficial de masella\" \/>\n<meta property=\"article:published_time\" content=\"2019-05-31T11:11:39+00:00\" \/>\n<meta property=\"article:modified_time\" content=\"2022-06-01T06:31:45+00:00\" \/>\n<meta property=\"og:image\" content=\"https:\/\/www.masella.com\/blog\/wp-content\/uploads\/2019\/05\/000-ID-1.jpg\" \/>\n\t<meta property=\"og:image:width\" content=\"628\" \/>\n\t<meta property=\"og:image:height\" content=\"349\" \/>\n\t<meta property=\"og:image:type\" content=\"image\/jpeg\" \/>\n<meta name=\"author\" content=\"masella\" \/>\n<meta name=\"twitter:card\" content=\"summary_large_image\" \/>\n<meta name=\"twitter:label1\" content=\"Escrito por\" \/>\n\t<meta name=\"twitter:data1\" content=\"masella\" \/>\n\t<meta name=\"twitter:label2\" content=\"Tiempo de lectura\" \/>\n\t<meta name=\"twitter:data2\" content=\"1 minuto\" \/>\n<script type=\"application\/ld+json\" class=\"yoast-schema-graph\">{\"@context\":\"https:\/\/schema.org\",\"@graph\":[{\"@type\":\"Article\",\"@id\":\"https:\/\/www.masella.com\/blog\/es\/disfruta-de-la-cerdanya-con-e-bike\/#article\",\"isPartOf\":{\"@id\":\"https:\/\/www.masella.com\/blog\/es\/disfruta-de-la-cerdanya-con-e-bike\/\"},\"author\":{\"name\":\"masella\",\"@id\":\"https:\/\/www.masella.com\/blog\/ca\/#\/schema\/person\/e32b971f5be20790c591d85b8f1c706b\"},\"headline\":\"DISFRUTA DE LA CERDANYA CON E-BIKE\",\"datePublished\":\"2019-05-31T11:11:39+00:00\",\"dateModified\":\"2022-06-01T06:31:45+00:00\",\"mainEntityOfPage\":{\"@id\":\"https:\/\/www.masella.com\/blog\/es\/disfruta-de-la-cerdanya-con-e-bike\/\"},\"wordCount\":151,\"publisher\":{\"@id\":\"https:\/\/www.masella.com\/blog\/ca\/#organization\"},\"articleSection\":[\"Actualidad\",\"Actualitat\"],\"inLanguage\":\"es\"},{\"@type\":\"WebPage\",\"@id\":\"https:\/\/www.masella.com\/blog\/es\/disfruta-de-la-cerdanya-con-e-bike\/\",\"url\":\"https:\/\/www.masella.com\/blog\/es\/disfruta-de-la-cerdanya-con-e-bike\/\",\"name\":\"DISFRUTA DE LA CERDANYA CON E-BIKE - blog oficial de masella\",\"isPartOf\":{\"@id\":\"https:\/\/www.masella.com\/blog\/ca\/#website\"},\"datePublished\":\"2019-05-31T11:11:39+00:00\",\"dateModified\":\"2022-06-01T06:31:45+00:00\",\"breadcrumb\":{\"@id\":\"https:\/\/www.masella.com\/blog\/es\/disfruta-de-la-cerdanya-con-e-bike\/#breadcrumb\"},\"inLanguage\":\"es\",\"potentialAction\":[{\"@type\":\"ReadAction\",\"target\":[\"https:\/\/www.masella.com\/blog\/es\/disfruta-de-la-cerdanya-con-e-bike\/\"]}]},{\"@type\":\"BreadcrumbList\",\"@id\":\"https:\/\/www.masella.com\/blog\/es\/disfruta-de-la-cerdanya-con-e-bike\/#breadcrumb\",\"itemListElement\":[{\"@type\":\"ListItem\",\"position\":1,\"name\":\"Portada\",\"item\":\"https:\/\/www.masella.com\/blog\/ca\/\"},{\"@type\":\"ListItem\",\"position\":2,\"name\":\"DISFRUTA DE LA CERDANYA CON E-BIKE\"}]},{\"@type\":\"WebSite\",\"@id\":\"https:\/\/www.masella.com\/blog\/ca\/#website\",\"url\":\"https:\/\/www.masella.com\/blog\/ca\/\",\"name\":\"blog oficial de masella\",\"description\":\"\",\"publisher\":{\"@id\":\"https:\/\/www.masella.com\/blog\/ca\/#organization\"},\"potentialAction\":[{\"@type\":\"SearchAction\",\"target\":{\"@type\":\"EntryPoint\",\"urlTemplate\":\"https:\/\/www.masella.com\/blog\/ca\/?s={search_term_string}\"},\"query-input\":\"required name=search_term_string\"}],\"inLanguage\":\"es\"},{\"@type\":\"Organization\",\"@id\":\"https:\/\/www.masella.com\/blog\/ca\/#organization\",\"name\":\"blog oficial de masella\",\"url\":\"https:\/\/www.masella.com\/blog\/ca\/\",\"logo\":{\"@type\":\"ImageObject\",\"inLanguage\":\"es\",\"@id\":\"https:\/\/www.masella.com\/blog\/ca\/#\/schema\/logo\/image\/\",\"url\":\"https:\/\/www.masella.com\/blog\/wp-content\/uploads\/2022\/12\/logo-masella-es-1.png\",\"contentUrl\":\"https:\/\/www.masella.com\/blog\/wp-content\/uploads\/2022\/12\/logo-masella-es-1.png\",\"width\":150,\"height\":88,\"caption\":\"blog oficial de masella\"},\"image\":{\"@id\":\"https:\/\/www.masella.com\/blog\/ca\/#\/schema\/logo\/image\/\"}},{\"@type\":\"Person\",\"@id\":\"https:\/\/www.masella.com\/blog\/ca\/#\/schema\/person\/e32b971f5be20790c591d85b8f1c706b\",\"name\":\"masella\",\"image\":{\"@type\":\"ImageObject\",\"inLanguage\":\"es\",\"@id\":\"https:\/\/www.masella.com\/blog\/ca\/#\/schema\/person\/image\/\",\"url\":\"https:\/\/secure.gravatar.com\/avatar\/57590b1151eaa410a783e55768bbbba2?s=96&d=mm&r=g\",\"contentUrl\":\"https:\/\/secure.gravatar.com\/avatar\/57590b1151eaa410a783e55768bbbba2?s=96&d=mm&r=g\",\"caption\":\"masella\"},\"url\":\"https:\/\/www.masella.com\/blog\/es\/author\/anna\/\"}]}<\/script>\n<!-- \/ Yoast SEO plugin. -->","yoast_head_json":{"title":"DISFRUTA DE LA CERDANYA CON E-BIKE - blog oficial de masella","robots":{"index":"index","follow":"follow","max-snippet":"max-snippet:-1","max-image-preview":"max-image-preview:large","max-video-preview":"max-video-preview:-1"},"canonical":"https:\/\/www.masella.com\/blog\/es\/disfruta-de-la-cerdanya-con-e-bike\/","og_locale":"es_ES","og_type":"article","og_title":"DISFRUTA DE LA CERDANYA CON E-BIKE - blog oficial de masella","og_description":"X-TOT, en la tienda de Masella y en el Badiu Cerdanya, alquilan bicicletas el\u00e9ctricas de gama alta con doble suspensi\u00f3n.","og_url":"https:\/\/www.masella.com\/blog\/es\/disfruta-de-la-cerdanya-con-e-bike\/","og_site_name":"blog oficial de masella","article_published_time":"2019-05-31T11:11:39+00:00","article_modified_time":"2022-06-01T06:31:45+00:00","og_image":[{"width":628,"height":349,"url":"https:\/\/www.masella.com\/blog\/wp-content\/uploads\/2019\/05\/000-ID-1.jpg","type":"image\/jpeg"}],"author":"masella","twitter_card":"summary_large_image","twitter_misc":{"Escrito por":"masella","Tiempo de lectura":"1 minuto"},"schema":{"@context":"https:\/\/schema.org","@graph":[{"@type":"Article","@id":"https:\/\/www.masella.com\/blog\/es\/disfruta-de-la-cerdanya-con-e-bike\/#article","isPartOf":{"@id":"https:\/\/www.masella.com\/blog\/es\/disfruta-de-la-cerdanya-con-e-bike\/"},"author":{"name":"masella","@id":"https:\/\/www.masella.com\/blog\/ca\/#\/schema\/person\/e32b971f5be20790c591d85b8f1c706b"},"headline":"DISFRUTA DE LA CERDANYA CON E-BIKE","datePublished":"2019-05-31T11:11:39+00:00","dateModified":"2022-06-01T06:31:45+00:00","mainEntityOfPage":{"@id":"https:\/\/www.masella.com\/blog\/es\/disfruta-de-la-cerdanya-con-e-bike\/"},"wordCount":151,"publisher":{"@id":"https:\/\/www.masella.com\/blog\/ca\/#organization"},"articleSection":["Actualidad","Actualitat"],"inLanguage":"es"},{"@type":"WebPage","@id":"https:\/\/www.masella.com\/blog\/es\/disfruta-de-la-cerdanya-con-e-bike\/","url":"https:\/\/www.masella.com\/blog\/es\/disfruta-de-la-cerdanya-con-e-bike\/","name":"DISFRUTA DE LA CERDANYA CON E-BIKE - blog oficial de masella","isPartOf":{"@id":"https:\/\/www.masella.com\/blog\/ca\/#website"},"datePublished":"2019-05-31T11:11:39+00:00","dateModified":"2022-06-01T06:31:45+00:00","breadcrumb":{"@id":"https:\/\/www.masella.com\/blog\/es\/disfruta-de-la-cerdanya-con-e-bike\/#breadcrumb"},"inLanguage":"es","potentialAction":[{"@type":"ReadAction","target":["https:\/\/www.masella.com\/blog\/es\/disfruta-de-la-cerdanya-con-e-bike\/"]}]},{"@type":"BreadcrumbList","@id":"https:\/\/www.masella.com\/blog\/es\/disfruta-de-la-cerdanya-con-e-bike\/#breadcrumb","itemListElement":[{"@type":"ListItem","position":1,"name":"Portada","item":"https:\/\/www.masella.com\/blog\/ca\/"},{"@type":"ListItem","position":2,"name":"DISFRUTA DE LA CERDANYA CON E-BIKE"}]},{"@type":"WebSite","@id":"https:\/\/www.masella.com\/blog\/ca\/#website","url":"https:\/\/www.masella.com\/blog\/ca\/","name":"blog oficial de masella","description":"","publisher":{"@id":"https:\/\/www.masella.com\/blog\/ca\/#organization"},"potentialAction":[{"@type":"SearchAction","target":{"@type":"EntryPoint","urlTemplate":"https:\/\/www.masella.com\/blog\/ca\/?s={search_term_string}"},"query-input":"required name=search_term_string"}],"inLanguage":"es"},{"@type":"Organization","@id":"https:\/\/www.masella.com\/blog\/ca\/#organization","name":"blog oficial de masella","url":"https:\/\/www.masella.com\/blog\/ca\/","logo":{"@type":"ImageObject","inLanguage":"es","@id":"https:\/\/www.masella.com\/blog\/ca\/#\/schema\/logo\/image\/","url":"https:\/\/www.masella.com\/blog\/wp-content\/uploads\/2022\/12\/logo-masella-es-1.png","contentUrl":"https:\/\/www.masella.com\/blog\/wp-content\/uploads\/2022\/12\/logo-masella-es-1.png","width":150,"height":88,"caption":"blog oficial de masella"},"image":{"@id":"https:\/\/www.masella.com\/blog\/ca\/#\/schema\/logo\/image\/"}},{"@type":"Person","@id":"https:\/\/www.masella.com\/blog\/ca\/#\/schema\/person\/e32b971f5be20790c591d85b8f1c706b","name":"masella","image":{"@type":"ImageObject","inLanguage":"es","@id":"https:\/\/www.masella.com\/blog\/ca\/#\/schema\/person\/image\/","url":"https:\/\/secure.gravatar.com\/avatar\/57590b1151eaa410a783e55768bbbba2?s=96&d=mm&r=g","contentUrl":"https:\/\/secure.gravatar.com\/avatar\/57590b1151eaa410a783e55768bbbba2?s=96&d=mm&r=g","caption":"masella"},"url":"https:\/\/www.masella.com\/blog\/es\/author\/anna\/"}]}},"_links":{"self":[{"href":"https:\/\/www.masella.com\/blog\/es\/wp-json\/wp\/v2\/posts\/4112"}],"collection":[{"href":"https:\/\/www.masella.com\/blog\/es\/wp-json\/wp\/v2\/posts"}],"about":[{"href":"https:\/\/www.masella.com\/blog\/es\/wp-json\/wp\/v2\/types\/post"}],"author":[{"embeddable":true,"href":"https:\/\/www.masella.com\/blog\/es\/wp-json\/wp\/v2\/users\/4"}],"replies":[{"embeddable":true,"href":"https:\/\/www.masella.com\/blog\/es\/wp-json\/wp\/v2\/comments?post=4112"}],"version-history":[{"count":4,"href":"https:\/\/www.masella.com\/blog\/es\/wp-json\/wp\/v2\/posts\/4112\/revisions"}],"predecessor-version":[{"id":4120,"href":"https:\/\/www.masella.com\/blog\/es\/wp-json\/wp\/v2\/posts\/4112\/revisions\/4120"}],"wp:featuredmedia":[{"embeddable":true,"href":"https:\/\/www.masella.com\/blog\/es\/wp-json\/wp\/v2\/media\/4113"}],"wp:attachment":[{"href":"https:\/\/www.masella.com\/blog\/es\/wp-json\/wp\/v2\/media?parent=4112"}],"wp:term":[{"taxonomy":"category","embeddable":true,"href":"https:\/\/www.masella.com\/blog\/es\/wp-json\/wp\/v2\/categories?post=4112"},{"taxonomy":"post_tag","embeddable":true,"href":"https:\/\/www.masella.com\/blog\/es\/wp-json\/wp\/v2\/tags?post=4112"}],"curies":[{"name":"wp","href":"https:\/\/api.w.org\/{rel}","templated":true}]}}