{"id":4327,"date":"2020-03-14T11:18:04","date_gmt":"2020-03-14T11:18:04","guid":{"rendered":"https:\/\/www.masella.com\/blog\/?p=4327"},"modified":"2022-06-01T06:31:30","modified_gmt":"2022-06-01T06:31:30","slug":"faqs-fin-temporada-covid-19","status":"publish","type":"post","link":"https:\/\/www.masella.com\/blog\/es\/faqs-fin-temporada-covid-19\/","title":{"rendered":"FAQS FIN TEMPORADA COVID-19"},"content":{"rendered":"<p><strong><em>PREGUNTAS Y RESPUESTAS DE MASELLA RELATIVAS AL CORONAVIRUS<\/em><\/strong><\/p>\n<p><strong><em>\u00bfEst\u00e1 abierta la estaci\u00f3n de esqu\u00ed de Masella?<\/em><\/strong><\/p>\n<p>El viernes, d\u00eda 13 de marzo, la estaci\u00f3n ha finalizado la temporada 2019-20 como medida preventiva de la emergencia sanitaria derivada del coronavirus. Esta decisi\u00f3n se ha tomado en base a la resoluci\u00f3n 720\/2020, de 13 de marzo, del Departament de Salut de la Generalitat de Catalunya, en la que obliga, por imperativo legal, el cierre de las estaciones de esqu\u00ed catalanas. Es prioridad de Masella velar por la salud del esquiadores, los trabajadores y los vecinos de la comarca de la Cerdanya.<\/p>\n<p><strong><em>\u00bfQu\u00e9 pasa si tengo un forfait de varios d\u00edas consecutivos?<\/em><\/strong><\/p>\n<p>Si tienes un forfait de varios d\u00edas consecutivos, m\u00e1s all\u00e1 del 13 de marzo de 2020, contacta con el e.mail: masella@masella.com \u00a0y se te har\u00e1 la devoluci\u00f3n correspondiente a los d\u00edas no consumidos del forfait. No se hace la devoluci\u00f3n del seguro del forfait, pero si la totalidad del forfait comprado.<\/p>\n<p><strong><em>\u00bfQu\u00e9 pasa si tengo convalidaciones de forfaits de libre elecci\u00f3n o forfaits comprados por internet en la modalidad \u00abRegala nieve\u00bb?<\/em><\/strong><\/p>\n<p>Si tienes convalidaciones de forfaits de libre elecci\u00f3n comprados esta temporada los podr\u00e1s utilizar la temporada 2020-21 sin coste a\u00f1adido. Del mismo modo, si tienes forfaits comprados en la modalidad de \u00abRegala nieve\u00bb, ser\u00e1n v\u00e1lidos para la temporada pr\u00f3xima.<\/p>\n<p><strong><em>\u00bfQu\u00e9 pasa si tengo invitaciones para esquiar gratuitamente en Masella?<\/em><\/strong><\/p>\n<p>Si eres titular de abono de temporada de otras estaciones, y tienes invitaciones para esquiar gratuitamente en Masella no consumidas, no ser\u00e1n v\u00e1lidas para la pr\u00f3xima temporada.<\/p>\n<p><strong><em>Si he reservado mi esquiada a trav\u00e9s de una agencia, \u00bfcomo lo tengo que reclamar?<\/em><\/strong><\/p>\n<p>Si has reservado tu esquiada a trav\u00e9s de una agencia de viajes contacta con ellos para proceder a la cancelaci\u00f3n.<\/p>\n<p><strong><em>\u00bfPuedo pedir la devoluci\u00f3n o alguna compensaci\u00f3n por el abono de temporada?<\/em><\/strong><\/p>\n<p>Todos los abonos de temporada, en cualquier modalidad, se consideran amortizados, salvo el abono de primavera. Los titulares con abono de primavera de Masella se les guarda el importe abonado a cuenta de cualquier abono para la temporada 2020-21.<\/p>\n<p><strong><em>\u00bfC\u00f3mo puedo recuperar mi material del guardaesqu\u00eds, recoger material del taller de esqu\u00eds o hacer devoluci\u00f3n de material de esqu\u00ed?<\/em><\/strong><\/p>\n<p>El material de los esqu\u00eds y del taller de esqu\u00eds se podr\u00e1 recoger en los guardaesqu\u00edes cualquier d\u00eda a partir de que la situaci\u00f3n se normalice. Cualquier duda relativa a los armarios guardaesqu\u00eds contacte al e.mail: grups@masella.com<\/p>\n<p><strong><em>\u00bfQu\u00e9 hago si tengo otros dudas?<\/em><\/strong><\/p>\n<p>Puede contactar con atenci\u00f3n al p\u00fablico de Masella s\u00f3lo v\u00eda e.mail: masella@masella.com. Las Oficinas de Atenci\u00f3n al Esquiador, el Alquiler, el Taller y los Giardaesqu\u00eds, de manera preventiva, est\u00e1n cerradas al p\u00fablico hasta que la situaci\u00f3n se normalice.<\/p>\n<p>&nbsp;<\/p>\n<p><strong>En Masella, a 15 de marzo de 2020<\/strong><\/p>\n","protected":false},"excerpt":{"rendered":"<p>PREGUNTAS Y RESPUESTAS DE MASELLA RELATIVAS AL CORONAVIRUS \u00bfEst\u00e1 abierta la estaci\u00f3n de esqu\u00ed de Masella? El viernes, d\u00eda 13<\/p>\n","protected":false},"author":4,"featured_media":4328,"comment_status":"closed","ping_status":"open","sticky":false,"template":"","format":"standard","meta":{"footnotes":""},"categories":[20],"tags":[],"yoast_head":"<!-- This site is optimized with the Yoast SEO plugin v21.5 - https:\/\/yoast.com\/wordpress\/plugins\/seo\/ -->\n<title>FAQS FIN TEMPORADA COVID-19 - blog oficial de masella<\/title>\n<meta name=\"robots\" content=\"index, follow, max-snippet:-1, max-image-preview:large, max-video-preview:-1\" \/>\n<link rel=\"canonical\" href=\"https:\/\/www.masella.com\/blog\/es\/faqs-fin-temporada-covid-19\/\" \/>\n<meta property=\"og:locale\" content=\"es_ES\" \/>\n<meta property=\"og:type\" content=\"article\" \/>\n<meta property=\"og:title\" content=\"FAQS FIN TEMPORADA COVID-19 - blog oficial de masella\" \/>\n<meta property=\"og:description\" content=\"PREGUNTAS Y RESPUESTAS DE MASELLA RELATIVAS AL CORONAVIRUS \u00bfEst\u00e1 abierta la estaci\u00f3n de esqu\u00ed de Masella? El viernes, d\u00eda 13\" \/>\n<meta property=\"og:url\" content=\"https:\/\/www.masella.com\/blog\/es\/faqs-fin-temporada-covid-19\/\" \/>\n<meta property=\"og:site_name\" content=\"blog oficial de masella\" \/>\n<meta property=\"article:published_time\" content=\"2020-03-14T11:18:04+00:00\" \/>\n<meta property=\"article:modified_time\" content=\"2022-06-01T06:31:30+00:00\" \/>\n<meta property=\"og:image\" content=\"https:\/\/www.masella.com\/blog\/wp-content\/uploads\/2020\/03\/ID-Covid19.jpg\" \/>\n\t<meta property=\"og:image:width\" content=\"1200\" \/>\n\t<meta property=\"og:image:height\" content=\"679\" \/>\n\t<meta property=\"og:image:type\" content=\"image\/jpeg\" \/>\n<meta name=\"author\" content=\"masella\" \/>\n<meta name=\"twitter:card\" content=\"summary_large_image\" \/>\n<meta name=\"twitter:label1\" content=\"Escrito por\" \/>\n\t<meta name=\"twitter:data1\" content=\"masella\" \/>\n\t<meta name=\"twitter:label2\" content=\"Tiempo de lectura\" \/>\n\t<meta name=\"twitter:data2\" content=\"2 minutos\" \/>\n<script type=\"application\/ld+json\" class=\"yoast-schema-graph\">{\"@context\":\"https:\/\/schema.org\",\"@graph\":[{\"@type\":\"Article\",\"@id\":\"https:\/\/www.masella.com\/blog\/es\/faqs-fin-temporada-covid-19\/#article\",\"isPartOf\":{\"@id\":\"https:\/\/www.masella.com\/blog\/es\/faqs-fin-temporada-covid-19\/\"},\"author\":{\"name\":\"masella\",\"@id\":\"https:\/\/www.masella.com\/blog\/ca\/#\/schema\/person\/e32b971f5be20790c591d85b8f1c706b\"},\"headline\":\"FAQS FIN TEMPORADA COVID-19\",\"datePublished\":\"2020-03-14T11:18:04+00:00\",\"dateModified\":\"2022-06-01T06:31:30+00:00\",\"mainEntityOfPage\":{\"@id\":\"https:\/\/www.masella.com\/blog\/es\/faqs-fin-temporada-covid-19\/\"},\"wordCount\":503,\"publisher\":{\"@id\":\"https:\/\/www.masella.com\/blog\/ca\/#organization\"},\"articleSection\":[\"Actualidad\"],\"inLanguage\":\"es\"},{\"@type\":\"WebPage\",\"@id\":\"https:\/\/www.masella.com\/blog\/es\/faqs-fin-temporada-covid-19\/\",\"url\":\"https:\/\/www.masella.com\/blog\/es\/faqs-fin-temporada-covid-19\/\",\"name\":\"FAQS FIN TEMPORADA COVID-19 - blog oficial de masella\",\"isPartOf\":{\"@id\":\"https:\/\/www.masella.com\/blog\/ca\/#website\"},\"datePublished\":\"2020-03-14T11:18:04+00:00\",\"dateModified\":\"2022-06-01T06:31:30+00:00\",\"breadcrumb\":{\"@id\":\"https:\/\/www.masella.com\/blog\/es\/faqs-fin-temporada-covid-19\/#breadcrumb\"},\"inLanguage\":\"es\",\"potentialAction\":[{\"@type\":\"ReadAction\",\"target\":[\"https:\/\/www.masella.com\/blog\/es\/faqs-fin-temporada-covid-19\/\"]}]},{\"@type\":\"BreadcrumbList\",\"@id\":\"https:\/\/www.masella.com\/blog\/es\/faqs-fin-temporada-covid-19\/#breadcrumb\",\"itemListElement\":[{\"@type\":\"ListItem\",\"position\":1,\"name\":\"Portada\",\"item\":\"https:\/\/www.masella.com\/blog\/ca\/\"},{\"@type\":\"ListItem\",\"position\":2,\"name\":\"FAQS FIN TEMPORADA COVID-19\"}]},{\"@type\":\"WebSite\",\"@id\":\"https:\/\/www.masella.com\/blog\/ca\/#website\",\"url\":\"https:\/\/www.masella.com\/blog\/ca\/\",\"name\":\"blog oficial de masella\",\"description\":\"\",\"publisher\":{\"@id\":\"https:\/\/www.masella.com\/blog\/ca\/#organization\"},\"potentialAction\":[{\"@type\":\"SearchAction\",\"target\":{\"@type\":\"EntryPoint\",\"urlTemplate\":\"https:\/\/www.masella.com\/blog\/ca\/?s={search_term_string}\"},\"query-input\":\"required name=search_term_string\"}],\"inLanguage\":\"es\"},{\"@type\":\"Organization\",\"@id\":\"https:\/\/www.masella.com\/blog\/ca\/#organization\",\"name\":\"blog oficial de masella\",\"url\":\"https:\/\/www.masella.com\/blog\/ca\/\",\"logo\":{\"@type\":\"ImageObject\",\"inLanguage\":\"es\",\"@id\":\"https:\/\/www.masella.com\/blog\/ca\/#\/schema\/logo\/image\/\",\"url\":\"https:\/\/www.masella.com\/blog\/wp-content\/uploads\/2022\/12\/logo-masella-es-1.png\",\"contentUrl\":\"https:\/\/www.masella.com\/blog\/wp-content\/uploads\/2022\/12\/logo-masella-es-1.png\",\"width\":150,\"height\":88,\"caption\":\"blog oficial de masella\"},\"image\":{\"@id\":\"https:\/\/www.masella.com\/blog\/ca\/#\/schema\/logo\/image\/\"}},{\"@type\":\"Person\",\"@id\":\"https:\/\/www.masella.com\/blog\/ca\/#\/schema\/person\/e32b971f5be20790c591d85b8f1c706b\",\"name\":\"masella\",\"image\":{\"@type\":\"ImageObject\",\"inLanguage\":\"es\",\"@id\":\"https:\/\/www.masella.com\/blog\/ca\/#\/schema\/person\/image\/\",\"url\":\"https:\/\/secure.gravatar.com\/avatar\/57590b1151eaa410a783e55768bbbba2?s=96&d=mm&r=g\",\"contentUrl\":\"https:\/\/secure.gravatar.com\/avatar\/57590b1151eaa410a783e55768bbbba2?s=96&d=mm&r=g\",\"caption\":\"masella\"},\"url\":\"https:\/\/www.masella.com\/blog\/es\/author\/anna\/\"}]}<\/script>\n<!-- \/ Yoast SEO plugin. -->","yoast_head_json":{"title":"FAQS FIN TEMPORADA COVID-19 - blog oficial de masella","robots":{"index":"index","follow":"follow","max-snippet":"max-snippet:-1","max-image-preview":"max-image-preview:large","max-video-preview":"max-video-preview:-1"},"canonical":"https:\/\/www.masella.com\/blog\/es\/faqs-fin-temporada-covid-19\/","og_locale":"es_ES","og_type":"article","og_title":"FAQS FIN TEMPORADA COVID-19 - blog oficial de masella","og_description":"PREGUNTAS Y RESPUESTAS DE MASELLA RELATIVAS AL CORONAVIRUS \u00bfEst\u00e1 abierta la estaci\u00f3n de esqu\u00ed de Masella? El viernes, d\u00eda 13","og_url":"https:\/\/www.masella.com\/blog\/es\/faqs-fin-temporada-covid-19\/","og_site_name":"blog oficial de masella","article_published_time":"2020-03-14T11:18:04+00:00","article_modified_time":"2022-06-01T06:31:30+00:00","og_image":[{"width":1200,"height":679,"url":"https:\/\/www.masella.com\/blog\/wp-content\/uploads\/2020\/03\/ID-Covid19.jpg","type":"image\/jpeg"}],"author":"masella","twitter_card":"summary_large_image","twitter_misc":{"Escrito por":"masella","Tiempo de lectura":"2 minutos"},"schema":{"@context":"https:\/\/schema.org","@graph":[{"@type":"Article","@id":"https:\/\/www.masella.com\/blog\/es\/faqs-fin-temporada-covid-19\/#article","isPartOf":{"@id":"https:\/\/www.masella.com\/blog\/es\/faqs-fin-temporada-covid-19\/"},"author":{"name":"masella","@id":"https:\/\/www.masella.com\/blog\/ca\/#\/schema\/person\/e32b971f5be20790c591d85b8f1c706b"},"headline":"FAQS FIN TEMPORADA COVID-19","datePublished":"2020-03-14T11:18:04+00:00","dateModified":"2022-06-01T06:31:30+00:00","mainEntityOfPage":{"@id":"https:\/\/www.masella.com\/blog\/es\/faqs-fin-temporada-covid-19\/"},"wordCount":503,"publisher":{"@id":"https:\/\/www.masella.com\/blog\/ca\/#organization"},"articleSection":["Actualidad"],"inLanguage":"es"},{"@type":"WebPage","@id":"https:\/\/www.masella.com\/blog\/es\/faqs-fin-temporada-covid-19\/","url":"https:\/\/www.masella.com\/blog\/es\/faqs-fin-temporada-covid-19\/","name":"FAQS FIN TEMPORADA COVID-19 - blog oficial de masella","isPartOf":{"@id":"https:\/\/www.masella.com\/blog\/ca\/#website"},"datePublished":"2020-03-14T11:18:04+00:00","dateModified":"2022-06-01T06:31:30+00:00","breadcrumb":{"@id":"https:\/\/www.masella.com\/blog\/es\/faqs-fin-temporada-covid-19\/#breadcrumb"},"inLanguage":"es","potentialAction":[{"@type":"ReadAction","target":["https:\/\/www.masella.com\/blog\/es\/faqs-fin-temporada-covid-19\/"]}]},{"@type":"BreadcrumbList","@id":"https:\/\/www.masella.com\/blog\/es\/faqs-fin-temporada-covid-19\/#breadcrumb","itemListElement":[{"@type":"ListItem","position":1,"name":"Portada","item":"https:\/\/www.masella.com\/blog\/ca\/"},{"@type":"ListItem","position":2,"name":"FAQS FIN TEMPORADA COVID-19"}]},{"@type":"WebSite","@id":"https:\/\/www.masella.com\/blog\/ca\/#website","url":"https:\/\/www.masella.com\/blog\/ca\/","name":"blog oficial de masella","description":"","publisher":{"@id":"https:\/\/www.masella.com\/blog\/ca\/#organization"},"potentialAction":[{"@type":"SearchAction","target":{"@type":"EntryPoint","urlTemplate":"https:\/\/www.masella.com\/blog\/ca\/?s={search_term_string}"},"query-input":"required name=search_term_string"}],"inLanguage":"es"},{"@type":"Organization","@id":"https:\/\/www.masella.com\/blog\/ca\/#organization","name":"blog oficial de masella","url":"https:\/\/www.masella.com\/blog\/ca\/","logo":{"@type":"ImageObject","inLanguage":"es","@id":"https:\/\/www.masella.com\/blog\/ca\/#\/schema\/logo\/image\/","url":"https:\/\/www.masella.com\/blog\/wp-content\/uploads\/2022\/12\/logo-masella-es-1.png","contentUrl":"https:\/\/www.masella.com\/blog\/wp-content\/uploads\/2022\/12\/logo-masella-es-1.png","width":150,"height":88,"caption":"blog oficial de masella"},"image":{"@id":"https:\/\/www.masella.com\/blog\/ca\/#\/schema\/logo\/image\/"}},{"@type":"Person","@id":"https:\/\/www.masella.com\/blog\/ca\/#\/schema\/person\/e32b971f5be20790c591d85b8f1c706b","name":"masella","image":{"@type":"ImageObject","inLanguage":"es","@id":"https:\/\/www.masella.com\/blog\/ca\/#\/schema\/person\/image\/","url":"https:\/\/secure.gravatar.com\/avatar\/57590b1151eaa410a783e55768bbbba2?s=96&d=mm&r=g","contentUrl":"https:\/\/secure.gravatar.com\/avatar\/57590b1151eaa410a783e55768bbbba2?s=96&d=mm&r=g","caption":"masella"},"url":"https:\/\/www.masella.com\/blog\/es\/author\/anna\/"}]}},"_links":{"self":[{"href":"https:\/\/www.masella.com\/blog\/es\/wp-json\/wp\/v2\/posts\/4327"}],"collection":[{"href":"https:\/\/www.masella.com\/blog\/es\/wp-json\/wp\/v2\/posts"}],"about":[{"href":"https:\/\/www.masella.com\/blog\/es\/wp-json\/wp\/v2\/types\/post"}],"author":[{"embeddable":true,"href":"https:\/\/www.masella.com\/blog\/es\/wp-json\/wp\/v2\/users\/4"}],"replies":[{"embeddable":true,"href":"https:\/\/www.masella.com\/blog\/es\/wp-json\/wp\/v2\/comments?post=4327"}],"version-history":[{"count":6,"href":"https:\/\/www.masella.com\/blog\/es\/wp-json\/wp\/v2\/posts\/4327\/revisions"}],"predecessor-version":[{"id":4341,"href":"https:\/\/www.masella.com\/blog\/es\/wp-json\/wp\/v2\/posts\/4327\/revisions\/4341"}],"wp:featuredmedia":[{"embeddable":true,"href":"https:\/\/www.masella.com\/blog\/es\/wp-json\/wp\/v2\/media\/4328"}],"wp:attachment":[{"href":"https:\/\/www.masella.com\/blog\/es\/wp-json\/wp\/v2\/media?parent=4327"}],"wp:term":[{"taxonomy":"category","embeddable":true,"href":"https:\/\/www.masella.com\/blog\/es\/wp-json\/wp\/v2\/categories?post=4327"},{"taxonomy":"post_tag","embeddable":true,"href":"https:\/\/www.masella.com\/blog\/es\/wp-json\/wp\/v2\/tags?post=4327"}],"curies":[{"name":"wp","href":"https:\/\/api.w.org\/{rel}","templated":true}]}}