{"id":4611,"date":"2021-03-08T08:11:57","date_gmt":"2021-03-08T08:11:57","guid":{"rendered":"https:\/\/www.masella.com\/blog\/?p=4611"},"modified":"2022-06-01T06:30:54","modified_gmt":"2022-06-01T06:30:54","slug":"la-elite-femenina-de-los-deportes-de-invierno-en-masella","status":"publish","type":"post","link":"https:\/\/www.masella.com\/blog\/es\/la-elite-femenina-de-los-deportes-de-invierno-en-masella\/","title":{"rendered":"LA \u00c9LITE FEMENINA DE LOS DEPORTES DE INVIERNO EN MASELLA"},"content":{"rendered":"<p>A lo largo de los 53 a\u00f1os de historia de la estaci\u00f3n han sido muchos los deportistas de \u00e9lite que han visitado o se han forjado en Masella. Hoy, d\u00eda 8 de marzo, D\u00eda Internacional de la Mujer, haremos un repaso de las deportistas que han destacado y destacan en esqu\u00ed alpino y snowboard.<\/p>\n<p><strong>LA QUERALT CASTELLET, SURFISTA FORJADA EN MASELLA<\/strong><\/p>\n<p>Desde los inicios en el Club Esportiu Masella Team y de surfear por nuestro dominio esquiable, a la victoria a los X-Games 2020 y el bronce de la Copa del Mundo 2020, han pasado dos d\u00e9cadas marcados por la perseverancia y la pasi\u00f3n de la Queralt que la han llevado a la \u00e9lite mundial del \u00abhalfpipe\u00bb. La sabadellense, forjada como surfista en Masella desde peque\u00f1a, contin\u00faa al frente del snowboard femenino a nivel internacional. Es la snowboarder estatal con m\u00e1s t\u00edtulos de la historia. Con cuatro participaciones en los Juegos Ol\u00edmpicos ahora ya se est\u00e1 entrenando para estar en lo alto del podio para los pr\u00f3ximos Juegos Ol\u00edmpicos de Invierno 2022, que se celebrar\u00e1n en Pek\u00edn.<\/p>\n<p><a href=\"https:\/\/www.masella.com\/blog\/wp-content\/uploads\/2021\/03\/QC.jpg\"><img loading=\"lazy\" decoding=\"async\" class=\"size-full wp-image-4601 aligncenter\" src=\"https:\/\/www.masella.com\/blog\/wp-content\/uploads\/2021\/03\/QC.jpg\" alt=\"\" width=\"600\" height=\"450\" srcset=\"https:\/\/www.masella.com\/blog\/wp-content\/uploads\/2021\/03\/QC.jpg 600w, https:\/\/www.masella.com\/blog\/wp-content\/uploads\/2021\/03\/QC-300x225.jpg 300w\" sizes=\"(max-width: 600px) 100vw, 600px\" \/><\/a><\/p>\n<p>LA N\u00daRIA PAU, LA ESQUIADORA DE LA VALL DE RIBES<\/p>\n<p>Nuria Pau, que en varias ocasiones ha esquiado por las pistas de Masella, este a\u00f1o lucha por estar entre las mejores de la Copa de Europa. El objetivo de la presente temporada era estar en los Campeonatos Mundiales de Esqu\u00ed Alpino, celebrados a Cortina d\u2019Ampezzo y lo consigui\u00f3. Entre sus objetivos deportivo es estar entre las TOP 30 del Mundo y su pr\u00f3ximo reto son los pr\u00f3ximos JJOO de Invierno, el pr\u00f3ximo a\u00f1o.<\/p>\n<p style=\"text-align: center;\"><a href=\"https:\/\/www.masella.com\/blog\/wp-content\/uploads\/2021\/03\/NP.jpg\"><img loading=\"lazy\" decoding=\"async\" class=\"alignnone size-full wp-image-4603\" src=\"https:\/\/www.masella.com\/blog\/wp-content\/uploads\/2021\/03\/NP.jpg\" alt=\"\" width=\"600\" height=\"450\" srcset=\"https:\/\/www.masella.com\/blog\/wp-content\/uploads\/2021\/03\/NP.jpg 600w, https:\/\/www.masella.com\/blog\/wp-content\/uploads\/2021\/03\/NP-300x225.jpg 300w\" sizes=\"(max-width: 600px) 100vw, 600px\" \/><\/a><\/p>\n<p>LA CAROLINA RUIZ, LA ESQUIADORA M\u00c1S R\u00c1PIDA DEL ESQU\u00cd NACIONAL<\/p>\n<p>La esquiadora Carolina Ruiz, especialista en las modalidades de Descenso y Slalom Gigante, visit\u00f3 Masella el pasado mes de febrero. Tiene a destacar de su palmar\u00e9s deportivo 1 victoria en la Copa del Mundo en la disciplina de Descenso, en el a\u00f1o 2013 en Meribel, adem\u00e1s de 4 participaciones en Juegos Ol\u00edmpicos, en 9 Mundiales y en 17 Copas del Mundo. Actualmente retirada del esqu\u00ed de competici\u00f3n Carolina contin\u00faa vinculada a los deportes de invierno a trav\u00e9s de la Ruiz Ski Academy.<\/p>\n<p><a href=\"https:\/\/www.masella.com\/blog\/wp-content\/uploads\/2021\/03\/CR.jpg\"><img loading=\"lazy\" decoding=\"async\" class=\"size-full wp-image-4605 aligncenter\" src=\"https:\/\/www.masella.com\/blog\/wp-content\/uploads\/2021\/03\/CR.jpg\" alt=\"\" width=\"600\" height=\"450\" srcset=\"https:\/\/www.masella.com\/blog\/wp-content\/uploads\/2021\/03\/CR.jpg 600w, https:\/\/www.masella.com\/blog\/wp-content\/uploads\/2021\/03\/CR-300x225.jpg 300w\" sizes=\"(max-width: 600px) 100vw, 600px\" \/><\/a><\/p>\n<p><strong>LAS HERMANAS PUIG BARATA, DEL CANM-C A LAS COMPETICIONES INTERNACIONALES<\/strong><\/p>\n<p>Conxita, Montserrat y N\u00faria Puig Barata son tres hermanas con muchas horas de entrenamiento en Masella que en la d\u00e9cada de los setenta destacaron en el esqu\u00ed alpino nacional e internacional. Las hermanas, que entrenaban con el CANM-Cerdanya (Club Alp\u00ed N\u00faria Masella-Cerdanya), formaron parte de la selecci\u00f3n nacional de esqu\u00ed. De las tres Conxita fue la que m\u00e1s destac\u00f3 deportivamente con una participaci\u00f3n en los Juegos Ol\u00edmpicos de Sapporo, en 1972, y su mejor resultado deportivo fue el bronce en el Slalom de Schruns, en 1973, y as\u00ed fue la primera esquiadora espa\u00f1ola de la historia en conseguir un podio en la Copa del Mundo.<\/p>\n<p><a href=\"https:\/\/www.masella.com\/blog\/wp-content\/uploads\/2021\/03\/Conxita-Puig.jpg\"><img loading=\"lazy\" decoding=\"async\" class=\"size-full wp-image-4607 aligncenter\" src=\"https:\/\/www.masella.com\/blog\/wp-content\/uploads\/2021\/03\/Conxita-Puig.jpg\" alt=\"\" width=\"426\" height=\"572\" srcset=\"https:\/\/www.masella.com\/blog\/wp-content\/uploads\/2021\/03\/Conxita-Puig.jpg 426w, https:\/\/www.masella.com\/blog\/wp-content\/uploads\/2021\/03\/Conxita-Puig-223x300.jpg 223w\" sizes=\"(max-width: 426px) 100vw, 426px\" \/><\/a><\/p>\n<p>Estas esquiadores y surfistas deben ser un referente para las j\u00f3venes deportistas que, fin de semana tras fin de semana, entrenan y compiten con los clubes de Masella para estar en los escalones m\u00e1s altos del podio.<\/p>\n","protected":false},"excerpt":{"rendered":"<p>A lo largo de los 53 a\u00f1os de historia de la estaci\u00f3n han sido muchos los deportistas de \u00e9lite que<\/p>\n","protected":false},"author":4,"featured_media":4599,"comment_status":"closed","ping_status":"open","sticky":false,"template":"","format":"standard","meta":{"footnotes":""},"categories":[20,28,51,54],"tags":[],"yoast_head":"<!-- This site is optimized with the Yoast SEO plugin v21.5 - https:\/\/yoast.com\/wordpress\/plugins\/seo\/ -->\n<title>LA \u00c9LITE FEMENINA DE LOS DEPORTES DE INVIERNO EN MASELLA - blog oficial de masella<\/title>\n<meta name=\"robots\" content=\"index, follow, max-snippet:-1, max-image-preview:large, max-video-preview:-1\" \/>\n<link rel=\"canonical\" href=\"https:\/\/www.masella.com\/blog\/es\/la-elite-femenina-de-los-deportes-de-invierno-en-masella\/\" \/>\n<meta property=\"og:locale\" content=\"es_ES\" \/>\n<meta property=\"og:type\" content=\"article\" \/>\n<meta property=\"og:title\" content=\"LA \u00c9LITE FEMENINA DE LOS DEPORTES DE INVIERNO EN MASELLA - blog oficial de masella\" \/>\n<meta property=\"og:description\" content=\"A lo largo de los 53 a\u00f1os de historia de la estaci\u00f3n han sido muchos los deportistas de \u00e9lite que\" \/>\n<meta property=\"og:url\" content=\"https:\/\/www.masella.com\/blog\/es\/la-elite-femenina-de-los-deportes-de-invierno-en-masella\/\" \/>\n<meta property=\"og:site_name\" content=\"blog oficial de masella\" \/>\n<meta property=\"article:published_time\" content=\"2021-03-08T08:11:57+00:00\" \/>\n<meta property=\"article:modified_time\" content=\"2022-06-01T06:30:54+00:00\" \/>\n<meta property=\"og:image\" content=\"https:\/\/www.masella.com\/blog\/wp-content\/uploads\/2021\/03\/QC-Portada.jpg\" \/>\n\t<meta property=\"og:image:width\" content=\"800\" \/>\n\t<meta property=\"og:image:height\" content=\"445\" \/>\n\t<meta property=\"og:image:type\" content=\"image\/jpeg\" \/>\n<meta name=\"author\" content=\"masella\" \/>\n<meta name=\"twitter:card\" content=\"summary_large_image\" \/>\n<meta name=\"twitter:label1\" content=\"Escrito por\" \/>\n\t<meta name=\"twitter:data1\" content=\"masella\" \/>\n\t<meta name=\"twitter:label2\" content=\"Tiempo de lectura\" \/>\n\t<meta name=\"twitter:data2\" content=\"3 minutos\" \/>\n<script type=\"application\/ld+json\" class=\"yoast-schema-graph\">{\"@context\":\"https:\/\/schema.org\",\"@graph\":[{\"@type\":\"Article\",\"@id\":\"https:\/\/www.masella.com\/blog\/es\/la-elite-femenina-de-los-deportes-de-invierno-en-masella\/#article\",\"isPartOf\":{\"@id\":\"https:\/\/www.masella.com\/blog\/es\/la-elite-femenina-de-los-deportes-de-invierno-en-masella\/\"},\"author\":{\"name\":\"masella\",\"@id\":\"https:\/\/www.masella.com\/blog\/ca\/#\/schema\/person\/e32b971f5be20790c591d85b8f1c706b\"},\"headline\":\"LA \u00c9LITE FEMENINA DE LOS DEPORTES DE INVIERNO EN MASELLA\",\"datePublished\":\"2021-03-08T08:11:57+00:00\",\"dateModified\":\"2022-06-01T06:30:54+00:00\",\"mainEntityOfPage\":{\"@id\":\"https:\/\/www.masella.com\/blog\/es\/la-elite-femenina-de-los-deportes-de-invierno-en-masella\/\"},\"wordCount\":542,\"publisher\":{\"@id\":\"https:\/\/www.masella.com\/blog\/ca\/#organization\"},\"articleSection\":[\"Actualidad\",\"Actualitat\",\"Competici\u00f3\",\"Competici\u00f3n\"],\"inLanguage\":\"es\"},{\"@type\":\"WebPage\",\"@id\":\"https:\/\/www.masella.com\/blog\/es\/la-elite-femenina-de-los-deportes-de-invierno-en-masella\/\",\"url\":\"https:\/\/www.masella.com\/blog\/es\/la-elite-femenina-de-los-deportes-de-invierno-en-masella\/\",\"name\":\"LA \u00c9LITE FEMENINA DE LOS DEPORTES DE INVIERNO EN MASELLA - blog oficial de masella\",\"isPartOf\":{\"@id\":\"https:\/\/www.masella.com\/blog\/ca\/#website\"},\"datePublished\":\"2021-03-08T08:11:57+00:00\",\"dateModified\":\"2022-06-01T06:30:54+00:00\",\"breadcrumb\":{\"@id\":\"https:\/\/www.masella.com\/blog\/es\/la-elite-femenina-de-los-deportes-de-invierno-en-masella\/#breadcrumb\"},\"inLanguage\":\"es\",\"potentialAction\":[{\"@type\":\"ReadAction\",\"target\":[\"https:\/\/www.masella.com\/blog\/es\/la-elite-femenina-de-los-deportes-de-invierno-en-masella\/\"]}]},{\"@type\":\"BreadcrumbList\",\"@id\":\"https:\/\/www.masella.com\/blog\/es\/la-elite-femenina-de-los-deportes-de-invierno-en-masella\/#breadcrumb\",\"itemListElement\":[{\"@type\":\"ListItem\",\"position\":1,\"name\":\"Portada\",\"item\":\"https:\/\/www.masella.com\/blog\/ca\/\"},{\"@type\":\"ListItem\",\"position\":2,\"name\":\"LA \u00c9LITE FEMENINA DE LOS DEPORTES DE INVIERNO EN MASELLA\"}]},{\"@type\":\"WebSite\",\"@id\":\"https:\/\/www.masella.com\/blog\/ca\/#website\",\"url\":\"https:\/\/www.masella.com\/blog\/ca\/\",\"name\":\"blog oficial de masella\",\"description\":\"\",\"publisher\":{\"@id\":\"https:\/\/www.masella.com\/blog\/ca\/#organization\"},\"potentialAction\":[{\"@type\":\"SearchAction\",\"target\":{\"@type\":\"EntryPoint\",\"urlTemplate\":\"https:\/\/www.masella.com\/blog\/ca\/?s={search_term_string}\"},\"query-input\":\"required name=search_term_string\"}],\"inLanguage\":\"es\"},{\"@type\":\"Organization\",\"@id\":\"https:\/\/www.masella.com\/blog\/ca\/#organization\",\"name\":\"blog oficial de masella\",\"url\":\"https:\/\/www.masella.com\/blog\/ca\/\",\"logo\":{\"@type\":\"ImageObject\",\"inLanguage\":\"es\",\"@id\":\"https:\/\/www.masella.com\/blog\/ca\/#\/schema\/logo\/image\/\",\"url\":\"https:\/\/www.masella.com\/blog\/wp-content\/uploads\/2022\/12\/logo-masella-es-1.png\",\"contentUrl\":\"https:\/\/www.masella.com\/blog\/wp-content\/uploads\/2022\/12\/logo-masella-es-1.png\",\"width\":150,\"height\":88,\"caption\":\"blog oficial de masella\"},\"image\":{\"@id\":\"https:\/\/www.masella.com\/blog\/ca\/#\/schema\/logo\/image\/\"}},{\"@type\":\"Person\",\"@id\":\"https:\/\/www.masella.com\/blog\/ca\/#\/schema\/person\/e32b971f5be20790c591d85b8f1c706b\",\"name\":\"masella\",\"image\":{\"@type\":\"ImageObject\",\"inLanguage\":\"es\",\"@id\":\"https:\/\/www.masella.com\/blog\/ca\/#\/schema\/person\/image\/\",\"url\":\"https:\/\/secure.gravatar.com\/avatar\/57590b1151eaa410a783e55768bbbba2?s=96&d=mm&r=g\",\"contentUrl\":\"https:\/\/secure.gravatar.com\/avatar\/57590b1151eaa410a783e55768bbbba2?s=96&d=mm&r=g\",\"caption\":\"masella\"},\"url\":\"https:\/\/www.masella.com\/blog\/es\/author\/anna\/\"}]}<\/script>\n<!-- \/ Yoast SEO plugin. -->","yoast_head_json":{"title":"LA \u00c9LITE FEMENINA DE LOS DEPORTES DE INVIERNO EN MASELLA - blog oficial de masella","robots":{"index":"index","follow":"follow","max-snippet":"max-snippet:-1","max-image-preview":"max-image-preview:large","max-video-preview":"max-video-preview:-1"},"canonical":"https:\/\/www.masella.com\/blog\/es\/la-elite-femenina-de-los-deportes-de-invierno-en-masella\/","og_locale":"es_ES","og_type":"article","og_title":"LA \u00c9LITE FEMENINA DE LOS DEPORTES DE INVIERNO EN MASELLA - blog oficial de masella","og_description":"A lo largo de los 53 a\u00f1os de historia de la estaci\u00f3n han sido muchos los deportistas de \u00e9lite que","og_url":"https:\/\/www.masella.com\/blog\/es\/la-elite-femenina-de-los-deportes-de-invierno-en-masella\/","og_site_name":"blog oficial de masella","article_published_time":"2021-03-08T08:11:57+00:00","article_modified_time":"2022-06-01T06:30:54+00:00","og_image":[{"width":800,"height":445,"url":"https:\/\/www.masella.com\/blog\/wp-content\/uploads\/2021\/03\/QC-Portada.jpg","type":"image\/jpeg"}],"author":"masella","twitter_card":"summary_large_image","twitter_misc":{"Escrito por":"masella","Tiempo de lectura":"3 minutos"},"schema":{"@context":"https:\/\/schema.org","@graph":[{"@type":"Article","@id":"https:\/\/www.masella.com\/blog\/es\/la-elite-femenina-de-los-deportes-de-invierno-en-masella\/#article","isPartOf":{"@id":"https:\/\/www.masella.com\/blog\/es\/la-elite-femenina-de-los-deportes-de-invierno-en-masella\/"},"author":{"name":"masella","@id":"https:\/\/www.masella.com\/blog\/ca\/#\/schema\/person\/e32b971f5be20790c591d85b8f1c706b"},"headline":"LA \u00c9LITE FEMENINA DE LOS DEPORTES DE INVIERNO EN MASELLA","datePublished":"2021-03-08T08:11:57+00:00","dateModified":"2022-06-01T06:30:54+00:00","mainEntityOfPage":{"@id":"https:\/\/www.masella.com\/blog\/es\/la-elite-femenina-de-los-deportes-de-invierno-en-masella\/"},"wordCount":542,"publisher":{"@id":"https:\/\/www.masella.com\/blog\/ca\/#organization"},"articleSection":["Actualidad","Actualitat","Competici\u00f3","Competici\u00f3n"],"inLanguage":"es"},{"@type":"WebPage","@id":"https:\/\/www.masella.com\/blog\/es\/la-elite-femenina-de-los-deportes-de-invierno-en-masella\/","url":"https:\/\/www.masella.com\/blog\/es\/la-elite-femenina-de-los-deportes-de-invierno-en-masella\/","name":"LA \u00c9LITE FEMENINA DE LOS DEPORTES DE INVIERNO EN MASELLA - blog oficial de masella","isPartOf":{"@id":"https:\/\/www.masella.com\/blog\/ca\/#website"},"datePublished":"2021-03-08T08:11:57+00:00","dateModified":"2022-06-01T06:30:54+00:00","breadcrumb":{"@id":"https:\/\/www.masella.com\/blog\/es\/la-elite-femenina-de-los-deportes-de-invierno-en-masella\/#breadcrumb"},"inLanguage":"es","potentialAction":[{"@type":"ReadAction","target":["https:\/\/www.masella.com\/blog\/es\/la-elite-femenina-de-los-deportes-de-invierno-en-masella\/"]}]},{"@type":"BreadcrumbList","@id":"https:\/\/www.masella.com\/blog\/es\/la-elite-femenina-de-los-deportes-de-invierno-en-masella\/#breadcrumb","itemListElement":[{"@type":"ListItem","position":1,"name":"Portada","item":"https:\/\/www.masella.com\/blog\/ca\/"},{"@type":"ListItem","position":2,"name":"LA \u00c9LITE FEMENINA DE LOS DEPORTES DE INVIERNO EN MASELLA"}]},{"@type":"WebSite","@id":"https:\/\/www.masella.com\/blog\/ca\/#website","url":"https:\/\/www.masella.com\/blog\/ca\/","name":"blog oficial de masella","description":"","publisher":{"@id":"https:\/\/www.masella.com\/blog\/ca\/#organization"},"potentialAction":[{"@type":"SearchAction","target":{"@type":"EntryPoint","urlTemplate":"https:\/\/www.masella.com\/blog\/ca\/?s={search_term_string}"},"query-input":"required name=search_term_string"}],"inLanguage":"es"},{"@type":"Organization","@id":"https:\/\/www.masella.com\/blog\/ca\/#organization","name":"blog oficial de masella","url":"https:\/\/www.masella.com\/blog\/ca\/","logo":{"@type":"ImageObject","inLanguage":"es","@id":"https:\/\/www.masella.com\/blog\/ca\/#\/schema\/logo\/image\/","url":"https:\/\/www.masella.com\/blog\/wp-content\/uploads\/2022\/12\/logo-masella-es-1.png","contentUrl":"https:\/\/www.masella.com\/blog\/wp-content\/uploads\/2022\/12\/logo-masella-es-1.png","width":150,"height":88,"caption":"blog oficial de masella"},"image":{"@id":"https:\/\/www.masella.com\/blog\/ca\/#\/schema\/logo\/image\/"}},{"@type":"Person","@id":"https:\/\/www.masella.com\/blog\/ca\/#\/schema\/person\/e32b971f5be20790c591d85b8f1c706b","name":"masella","image":{"@type":"ImageObject","inLanguage":"es","@id":"https:\/\/www.masella.com\/blog\/ca\/#\/schema\/person\/image\/","url":"https:\/\/secure.gravatar.com\/avatar\/57590b1151eaa410a783e55768bbbba2?s=96&d=mm&r=g","contentUrl":"https:\/\/secure.gravatar.com\/avatar\/57590b1151eaa410a783e55768bbbba2?s=96&d=mm&r=g","caption":"masella"},"url":"https:\/\/www.masella.com\/blog\/es\/author\/anna\/"}]}},"_links":{"self":[{"href":"https:\/\/www.masella.com\/blog\/es\/wp-json\/wp\/v2\/posts\/4611"}],"collection":[{"href":"https:\/\/www.masella.com\/blog\/es\/wp-json\/wp\/v2\/posts"}],"about":[{"href":"https:\/\/www.masella.com\/blog\/es\/wp-json\/wp\/v2\/types\/post"}],"author":[{"embeddable":true,"href":"https:\/\/www.masella.com\/blog\/es\/wp-json\/wp\/v2\/users\/4"}],"replies":[{"embeddable":true,"href":"https:\/\/www.masella.com\/blog\/es\/wp-json\/wp\/v2\/comments?post=4611"}],"version-history":[{"count":2,"href":"https:\/\/www.masella.com\/blog\/es\/wp-json\/wp\/v2\/posts\/4611\/revisions"}],"predecessor-version":[{"id":4613,"href":"https:\/\/www.masella.com\/blog\/es\/wp-json\/wp\/v2\/posts\/4611\/revisions\/4613"}],"wp:featuredmedia":[{"embeddable":true,"href":"https:\/\/www.masella.com\/blog\/es\/wp-json\/wp\/v2\/media\/4599"}],"wp:attachment":[{"href":"https:\/\/www.masella.com\/blog\/es\/wp-json\/wp\/v2\/media?parent=4611"}],"wp:term":[{"taxonomy":"category","embeddable":true,"href":"https:\/\/www.masella.com\/blog\/es\/wp-json\/wp\/v2\/categories?post=4611"},{"taxonomy":"post_tag","embeddable":true,"href":"https:\/\/www.masella.com\/blog\/es\/wp-json\/wp\/v2\/tags?post=4611"}],"curies":[{"name":"wp","href":"https:\/\/api.w.org\/{rel}","templated":true}]}}