{"id":4792,"date":"2021-11-26T16:11:05","date_gmt":"2021-11-26T16:11:05","guid":{"rendered":"https:\/\/www.masella.com\/blog\/?p=4792"},"modified":"2022-06-01T06:30:52","modified_gmt":"2022-06-01T06:30:52","slug":"26-de-noviembre-inauguracion-de-la-temporada","status":"publish","type":"post","link":"https:\/\/www.masella.com\/blog\/es\/26-de-noviembre-inauguracion-de-la-temporada\/","title":{"rendered":"26 DE NOVIEMBRE, INAUGURACI\u00d3N DE LA TEMPORADA"},"content":{"rendered":"<p>Hoy, 26 de noviembre, ha sido el primer d\u00eda de la temporada 2021-22 en Masella. El temporal de levante de los d\u00edas 23 y 24 de noviembre ha dejado la monta\u00f1a de la Tosa en magn\u00edficas condiciones para la pr\u00e1ctica del esqu\u00ed. Los grosores de nieve en cotas altas son considerables, alcanzando los 50 cm.<\/p>\n<p><a href=\"https:\/\/www.masella.com\/blog\/wp-content\/uploads\/2021\/11\/001.jpg\"><img loading=\"lazy\" decoding=\"async\" class=\"size-full wp-image-4782\" src=\"https:\/\/www.masella.com\/blog\/wp-content\/uploads\/2021\/11\/001.jpg\" alt=\"\" width=\"600\" height=\"450\" srcset=\"https:\/\/www.masella.com\/blog\/wp-content\/uploads\/2021\/11\/001.jpg 600w, https:\/\/www.masella.com\/blog\/wp-content\/uploads\/2021\/11\/001-300x225.jpg 300w\" sizes=\"(max-width: 600px) 100vw, 600px\" \/><\/a><\/p>\n<p>&nbsp;<\/p>\n<p>Los bosques de la falda de la monta\u00f1a todav\u00eda conservan la nieve en las copas de los pinos, dejando un paisaje de postal navide\u00f1a id\u00edlica, pero a finales de noviembre. Un regalo para nuestra vista y nuestros sentidos, pareciendo que las horas pasen deprisa. \u00bfA vosotros no os sucede?<\/p>\n<p>Estos \u00faltimos d\u00edas desde el departamento de monta\u00f1a de la estaci\u00f3n se ha estado trabajando intensamente en los preparativos de las pistas. Esto significa que la producci\u00f3n de nieve y el pisado de pistas han sido continuos, de d\u00eda y noche, para dejar todo el desnivel del dominio esquiable de Masella abierto.<\/p>\n<p><a href=\"https:\/\/www.masella.com\/blog\/wp-content\/uploads\/2021\/11\/002.jpg\"><img loading=\"lazy\" decoding=\"async\" class=\"size-full wp-image-4784 aligncenter\" src=\"https:\/\/www.masella.com\/blog\/wp-content\/uploads\/2021\/11\/002.jpg\" alt=\"\" width=\"600\" height=\"450\" srcset=\"https:\/\/www.masella.com\/blog\/wp-content\/uploads\/2021\/11\/002.jpg 600w, https:\/\/www.masella.com\/blog\/wp-content\/uploads\/2021\/11\/002-300x225.jpg 300w\" sizes=\"(max-width: 600px) 100vw, 600px\" \/><\/a><\/p>\n<p>Por eso los esquiadores hemos podido deslizarse desde la cabeza sobre la estaci\u00f3n, a 2.535 m, hasta el pie de pistas en el Pla de Masella, a 1.600 m. A la pr\u00e1ctica, significa que lo que se conoce como eje central de la estaci\u00f3n est\u00e1 abierto de forma integral. El eje central lo forman las pistas Tosa Roja, tramo alto de Coma Pregona, Les Fustes, la Central, la Cova, Enamorats i l\u2019Aparador. Tambi\u00e9n est\u00e1 abierto el sector de Coma Oriola, con la pista y telesilla del mismo nombre. Las condiciones de la nieve en estas pistas es de nieve polvo o nieve polvo pisada, si bien en Coma Oriola la nieve es de ca\u00f1\u00f3n y, por lo tanto, es m\u00e1s densa y dura. Con este parta de nieve era de prever que hoy la afluencia de visitantes ser\u00eda alta. Y as\u00ed ha sido. Se calcula que han pasado por la estaci\u00f3n 1.100 esquiadores y practicantes de snowboard. Y han disfrutado de una jornada de temperaturas bajas que han ayudado a mantener la nieve en condiciones excelentes. Y si bien por la ma\u00f1ana las nubes cubr\u00edan el cielo, finalmente el cielo azul ha ido ganando terreno y la jornada se ha desarrollado con buenas condiciones de luz. Recordemos que nos encontramos a finales de noviembre y que el sol ya va muy bajo en el horizonte.<\/p>\n<p><a href=\"https:\/\/www.masella.com\/blog\/wp-content\/uploads\/2021\/11\/003.jpg\"><img loading=\"lazy\" decoding=\"async\" class=\"size-full wp-image-4786\" src=\"https:\/\/www.masella.com\/blog\/wp-content\/uploads\/2021\/11\/003.jpg\" alt=\"\" width=\"600\" height=\"450\" srcset=\"https:\/\/www.masella.com\/blog\/wp-content\/uploads\/2021\/11\/003.jpg 600w, https:\/\/www.masella.com\/blog\/wp-content\/uploads\/2021\/11\/003-300x225.jpg 300w\" sizes=\"(max-width: 600px) 100vw, 600px\" \/><\/a><\/p>\n<p>Y el d\u00eda nos deja otra buena noticia. A lo largo de toda la ma\u00f1ana y tarde se ha estado produciendo nieve en el sector de Coma Pregona, lo que hace prever que ser\u00e1 una de las pistas que pronto podr\u00e1 incorporarse al listado de trazados abiertos. Los remontes en servicio han sido: las cintas de Pastors y Pastorets, el telesilla cuatro plazas Masella Jet, el telesilla 4 plazas Coma Oriola y el telesqu\u00ed de La Tosa.<\/p>\n<p><strong>Protocolos Covid-19 en Masella<\/strong><\/p>\n<p>Y por \u00faltimo, en cuanto a los protocolos Covid, desde Masella recordamos que el uso de la mascarilla es obligatorio para acceder a cualquier remonte o edificio de servicios. Nos la podremos sacarlo para esquiar. Enlace con m\u00e1s informaci\u00f3n pinchando <a href=\"https:\/\/www.masella.com\/es\/paginas\/protocol-covid-es\" target=\"_blank\" rel=\"noopener\">AQU\u00cd.<\/a><\/p>\n","protected":false},"excerpt":{"rendered":"<p>Hoy, 26 de noviembre, ha sido el primer d\u00eda de la temporada 2021-22 en Masella. El temporal de levante de<\/p>\n","protected":false},"author":4,"featured_media":4779,"comment_status":"closed","ping_status":"open","sticky":false,"template":"","format":"standard","meta":{"footnotes":""},"categories":[20,28],"tags":[],"yoast_head":"<!-- This site is optimized with the Yoast SEO plugin v21.5 - https:\/\/yoast.com\/wordpress\/plugins\/seo\/ -->\n<title>26 DE NOVIEMBRE, INAUGURACI\u00d3N DE LA TEMPORADA - blog oficial de masella<\/title>\n<meta name=\"robots\" content=\"index, follow, max-snippet:-1, max-image-preview:large, max-video-preview:-1\" \/>\n<link rel=\"canonical\" href=\"https:\/\/www.masella.com\/blog\/es\/26-de-noviembre-inauguracion-de-la-temporada\/\" \/>\n<meta property=\"og:locale\" content=\"es_ES\" \/>\n<meta property=\"og:type\" content=\"article\" \/>\n<meta property=\"og:title\" content=\"26 DE NOVIEMBRE, INAUGURACI\u00d3N DE LA TEMPORADA - blog oficial de masella\" \/>\n<meta property=\"og:description\" content=\"Hoy, 26 de noviembre, ha sido el primer d\u00eda de la temporada 2021-22 en Masella. El temporal de levante de\" \/>\n<meta property=\"og:url\" content=\"https:\/\/www.masella.com\/blog\/es\/26-de-noviembre-inauguracion-de-la-temporada\/\" \/>\n<meta property=\"og:site_name\" content=\"blog oficial de masella\" \/>\n<meta property=\"article:published_time\" content=\"2021-11-26T16:11:05+00:00\" \/>\n<meta property=\"article:modified_time\" content=\"2022-06-01T06:30:52+00:00\" \/>\n<meta property=\"og:image\" content=\"https:\/\/www.masella.com\/blog\/wp-content\/uploads\/2021\/11\/IDina.jpg\" \/>\n\t<meta property=\"og:image:width\" content=\"800\" \/>\n\t<meta property=\"og:image:height\" content=\"445\" \/>\n\t<meta property=\"og:image:type\" content=\"image\/jpeg\" \/>\n<meta name=\"author\" content=\"masella\" \/>\n<meta name=\"twitter:card\" content=\"summary_large_image\" \/>\n<meta name=\"twitter:label1\" content=\"Escrito por\" \/>\n\t<meta name=\"twitter:data1\" content=\"masella\" \/>\n\t<meta name=\"twitter:label2\" content=\"Tiempo de lectura\" \/>\n\t<meta name=\"twitter:data2\" content=\"3 minutos\" \/>\n<script type=\"application\/ld+json\" class=\"yoast-schema-graph\">{\"@context\":\"https:\/\/schema.org\",\"@graph\":[{\"@type\":\"Article\",\"@id\":\"https:\/\/www.masella.com\/blog\/es\/26-de-noviembre-inauguracion-de-la-temporada\/#article\",\"isPartOf\":{\"@id\":\"https:\/\/www.masella.com\/blog\/es\/26-de-noviembre-inauguracion-de-la-temporada\/\"},\"author\":{\"name\":\"masella\",\"@id\":\"https:\/\/www.masella.com\/blog\/ca\/#\/schema\/person\/e32b971f5be20790c591d85b8f1c706b\"},\"headline\":\"26 DE NOVIEMBRE, INAUGURACI\u00d3N DE LA TEMPORADA\",\"datePublished\":\"2021-11-26T16:11:05+00:00\",\"dateModified\":\"2022-06-01T06:30:52+00:00\",\"mainEntityOfPage\":{\"@id\":\"https:\/\/www.masella.com\/blog\/es\/26-de-noviembre-inauguracion-de-la-temporada\/\"},\"wordCount\":532,\"publisher\":{\"@id\":\"https:\/\/www.masella.com\/blog\/ca\/#organization\"},\"articleSection\":[\"Actualidad\",\"Actualitat\"],\"inLanguage\":\"es\"},{\"@type\":\"WebPage\",\"@id\":\"https:\/\/www.masella.com\/blog\/es\/26-de-noviembre-inauguracion-de-la-temporada\/\",\"url\":\"https:\/\/www.masella.com\/blog\/es\/26-de-noviembre-inauguracion-de-la-temporada\/\",\"name\":\"26 DE NOVIEMBRE, INAUGURACI\u00d3N DE LA TEMPORADA - blog oficial de masella\",\"isPartOf\":{\"@id\":\"https:\/\/www.masella.com\/blog\/ca\/#website\"},\"datePublished\":\"2021-11-26T16:11:05+00:00\",\"dateModified\":\"2022-06-01T06:30:52+00:00\",\"breadcrumb\":{\"@id\":\"https:\/\/www.masella.com\/blog\/es\/26-de-noviembre-inauguracion-de-la-temporada\/#breadcrumb\"},\"inLanguage\":\"es\",\"potentialAction\":[{\"@type\":\"ReadAction\",\"target\":[\"https:\/\/www.masella.com\/blog\/es\/26-de-noviembre-inauguracion-de-la-temporada\/\"]}]},{\"@type\":\"BreadcrumbList\",\"@id\":\"https:\/\/www.masella.com\/blog\/es\/26-de-noviembre-inauguracion-de-la-temporada\/#breadcrumb\",\"itemListElement\":[{\"@type\":\"ListItem\",\"position\":1,\"name\":\"Portada\",\"item\":\"https:\/\/www.masella.com\/blog\/ca\/\"},{\"@type\":\"ListItem\",\"position\":2,\"name\":\"26 DE NOVIEMBRE, INAUGURACI\u00d3N DE LA TEMPORADA\"}]},{\"@type\":\"WebSite\",\"@id\":\"https:\/\/www.masella.com\/blog\/ca\/#website\",\"url\":\"https:\/\/www.masella.com\/blog\/ca\/\",\"name\":\"blog oficial de masella\",\"description\":\"\",\"publisher\":{\"@id\":\"https:\/\/www.masella.com\/blog\/ca\/#organization\"},\"potentialAction\":[{\"@type\":\"SearchAction\",\"target\":{\"@type\":\"EntryPoint\",\"urlTemplate\":\"https:\/\/www.masella.com\/blog\/ca\/?s={search_term_string}\"},\"query-input\":\"required name=search_term_string\"}],\"inLanguage\":\"es\"},{\"@type\":\"Organization\",\"@id\":\"https:\/\/www.masella.com\/blog\/ca\/#organization\",\"name\":\"blog oficial de masella\",\"url\":\"https:\/\/www.masella.com\/blog\/ca\/\",\"logo\":{\"@type\":\"ImageObject\",\"inLanguage\":\"es\",\"@id\":\"https:\/\/www.masella.com\/blog\/ca\/#\/schema\/logo\/image\/\",\"url\":\"https:\/\/www.masella.com\/blog\/wp-content\/uploads\/2022\/12\/logo-masella-es-1.png\",\"contentUrl\":\"https:\/\/www.masella.com\/blog\/wp-content\/uploads\/2022\/12\/logo-masella-es-1.png\",\"width\":150,\"height\":88,\"caption\":\"blog oficial de masella\"},\"image\":{\"@id\":\"https:\/\/www.masella.com\/blog\/ca\/#\/schema\/logo\/image\/\"}},{\"@type\":\"Person\",\"@id\":\"https:\/\/www.masella.com\/blog\/ca\/#\/schema\/person\/e32b971f5be20790c591d85b8f1c706b\",\"name\":\"masella\",\"image\":{\"@type\":\"ImageObject\",\"inLanguage\":\"es\",\"@id\":\"https:\/\/www.masella.com\/blog\/ca\/#\/schema\/person\/image\/\",\"url\":\"https:\/\/secure.gravatar.com\/avatar\/57590b1151eaa410a783e55768bbbba2?s=96&d=mm&r=g\",\"contentUrl\":\"https:\/\/secure.gravatar.com\/avatar\/57590b1151eaa410a783e55768bbbba2?s=96&d=mm&r=g\",\"caption\":\"masella\"},\"url\":\"https:\/\/www.masella.com\/blog\/es\/author\/anna\/\"}]}<\/script>\n<!-- \/ Yoast SEO plugin. -->","yoast_head_json":{"title":"26 DE NOVIEMBRE, INAUGURACI\u00d3N DE LA TEMPORADA - blog oficial de masella","robots":{"index":"index","follow":"follow","max-snippet":"max-snippet:-1","max-image-preview":"max-image-preview:large","max-video-preview":"max-video-preview:-1"},"canonical":"https:\/\/www.masella.com\/blog\/es\/26-de-noviembre-inauguracion-de-la-temporada\/","og_locale":"es_ES","og_type":"article","og_title":"26 DE NOVIEMBRE, INAUGURACI\u00d3N DE LA TEMPORADA - blog oficial de masella","og_description":"Hoy, 26 de noviembre, ha sido el primer d\u00eda de la temporada 2021-22 en Masella. El temporal de levante de","og_url":"https:\/\/www.masella.com\/blog\/es\/26-de-noviembre-inauguracion-de-la-temporada\/","og_site_name":"blog oficial de masella","article_published_time":"2021-11-26T16:11:05+00:00","article_modified_time":"2022-06-01T06:30:52+00:00","og_image":[{"width":800,"height":445,"url":"https:\/\/www.masella.com\/blog\/wp-content\/uploads\/2021\/11\/IDina.jpg","type":"image\/jpeg"}],"author":"masella","twitter_card":"summary_large_image","twitter_misc":{"Escrito por":"masella","Tiempo de lectura":"3 minutos"},"schema":{"@context":"https:\/\/schema.org","@graph":[{"@type":"Article","@id":"https:\/\/www.masella.com\/blog\/es\/26-de-noviembre-inauguracion-de-la-temporada\/#article","isPartOf":{"@id":"https:\/\/www.masella.com\/blog\/es\/26-de-noviembre-inauguracion-de-la-temporada\/"},"author":{"name":"masella","@id":"https:\/\/www.masella.com\/blog\/ca\/#\/schema\/person\/e32b971f5be20790c591d85b8f1c706b"},"headline":"26 DE NOVIEMBRE, INAUGURACI\u00d3N DE LA TEMPORADA","datePublished":"2021-11-26T16:11:05+00:00","dateModified":"2022-06-01T06:30:52+00:00","mainEntityOfPage":{"@id":"https:\/\/www.masella.com\/blog\/es\/26-de-noviembre-inauguracion-de-la-temporada\/"},"wordCount":532,"publisher":{"@id":"https:\/\/www.masella.com\/blog\/ca\/#organization"},"articleSection":["Actualidad","Actualitat"],"inLanguage":"es"},{"@type":"WebPage","@id":"https:\/\/www.masella.com\/blog\/es\/26-de-noviembre-inauguracion-de-la-temporada\/","url":"https:\/\/www.masella.com\/blog\/es\/26-de-noviembre-inauguracion-de-la-temporada\/","name":"26 DE NOVIEMBRE, INAUGURACI\u00d3N DE LA TEMPORADA - blog oficial de masella","isPartOf":{"@id":"https:\/\/www.masella.com\/blog\/ca\/#website"},"datePublished":"2021-11-26T16:11:05+00:00","dateModified":"2022-06-01T06:30:52+00:00","breadcrumb":{"@id":"https:\/\/www.masella.com\/blog\/es\/26-de-noviembre-inauguracion-de-la-temporada\/#breadcrumb"},"inLanguage":"es","potentialAction":[{"@type":"ReadAction","target":["https:\/\/www.masella.com\/blog\/es\/26-de-noviembre-inauguracion-de-la-temporada\/"]}]},{"@type":"BreadcrumbList","@id":"https:\/\/www.masella.com\/blog\/es\/26-de-noviembre-inauguracion-de-la-temporada\/#breadcrumb","itemListElement":[{"@type":"ListItem","position":1,"name":"Portada","item":"https:\/\/www.masella.com\/blog\/ca\/"},{"@type":"ListItem","position":2,"name":"26 DE NOVIEMBRE, INAUGURACI\u00d3N DE LA TEMPORADA"}]},{"@type":"WebSite","@id":"https:\/\/www.masella.com\/blog\/ca\/#website","url":"https:\/\/www.masella.com\/blog\/ca\/","name":"blog oficial de masella","description":"","publisher":{"@id":"https:\/\/www.masella.com\/blog\/ca\/#organization"},"potentialAction":[{"@type":"SearchAction","target":{"@type":"EntryPoint","urlTemplate":"https:\/\/www.masella.com\/blog\/ca\/?s={search_term_string}"},"query-input":"required name=search_term_string"}],"inLanguage":"es"},{"@type":"Organization","@id":"https:\/\/www.masella.com\/blog\/ca\/#organization","name":"blog oficial de masella","url":"https:\/\/www.masella.com\/blog\/ca\/","logo":{"@type":"ImageObject","inLanguage":"es","@id":"https:\/\/www.masella.com\/blog\/ca\/#\/schema\/logo\/image\/","url":"https:\/\/www.masella.com\/blog\/wp-content\/uploads\/2022\/12\/logo-masella-es-1.png","contentUrl":"https:\/\/www.masella.com\/blog\/wp-content\/uploads\/2022\/12\/logo-masella-es-1.png","width":150,"height":88,"caption":"blog oficial de masella"},"image":{"@id":"https:\/\/www.masella.com\/blog\/ca\/#\/schema\/logo\/image\/"}},{"@type":"Person","@id":"https:\/\/www.masella.com\/blog\/ca\/#\/schema\/person\/e32b971f5be20790c591d85b8f1c706b","name":"masella","image":{"@type":"ImageObject","inLanguage":"es","@id":"https:\/\/www.masella.com\/blog\/ca\/#\/schema\/person\/image\/","url":"https:\/\/secure.gravatar.com\/avatar\/57590b1151eaa410a783e55768bbbba2?s=96&d=mm&r=g","contentUrl":"https:\/\/secure.gravatar.com\/avatar\/57590b1151eaa410a783e55768bbbba2?s=96&d=mm&r=g","caption":"masella"},"url":"https:\/\/www.masella.com\/blog\/es\/author\/anna\/"}]}},"_links":{"self":[{"href":"https:\/\/www.masella.com\/blog\/es\/wp-json\/wp\/v2\/posts\/4792"}],"collection":[{"href":"https:\/\/www.masella.com\/blog\/es\/wp-json\/wp\/v2\/posts"}],"about":[{"href":"https:\/\/www.masella.com\/blog\/es\/wp-json\/wp\/v2\/types\/post"}],"author":[{"embeddable":true,"href":"https:\/\/www.masella.com\/blog\/es\/wp-json\/wp\/v2\/users\/4"}],"replies":[{"embeddable":true,"href":"https:\/\/www.masella.com\/blog\/es\/wp-json\/wp\/v2\/comments?post=4792"}],"version-history":[{"count":1,"href":"https:\/\/www.masella.com\/blog\/es\/wp-json\/wp\/v2\/posts\/4792\/revisions"}],"predecessor-version":[{"id":4793,"href":"https:\/\/www.masella.com\/blog\/es\/wp-json\/wp\/v2\/posts\/4792\/revisions\/4793"}],"wp:featuredmedia":[{"embeddable":true,"href":"https:\/\/www.masella.com\/blog\/es\/wp-json\/wp\/v2\/media\/4779"}],"wp:attachment":[{"href":"https:\/\/www.masella.com\/blog\/es\/wp-json\/wp\/v2\/media?parent=4792"}],"wp:term":[{"taxonomy":"category","embeddable":true,"href":"https:\/\/www.masella.com\/blog\/es\/wp-json\/wp\/v2\/categories?post=4792"},{"taxonomy":"post_tag","embeddable":true,"href":"https:\/\/www.masella.com\/blog\/es\/wp-json\/wp\/v2\/tags?post=4792"}],"curies":[{"name":"wp","href":"https:\/\/api.w.org\/{rel}","templated":true}]}}