{"id":4953,"date":"2022-03-06T07:28:54","date_gmt":"2022-03-06T07:28:54","guid":{"rendered":"https:\/\/www.masella.com\/blog\/?p=4953"},"modified":"2022-06-01T06:30:20","modified_gmt":"2022-06-01T06:30:20","slug":"gracias-por-compartir-con-nosotros-las-23-noches-de-esqui-nocturno","status":"publish","type":"post","link":"https:\/\/www.masella.com\/blog\/es\/gracias-por-compartir-con-nosotros-las-23-noches-de-esqui-nocturno\/","title":{"rendered":"GRACIAS POR COMPARTIR CON NOSOTROS LAS 23 NOCHES DE ESQU\u00cd NOCTURNO"},"content":{"rendered":"<p><strong><u>Este s\u00e1bado, d\u00eda 5 de marzo, se da por finalizada la temporada de Esqu\u00ed Nocturno<\/u><\/strong> de Masella. <strong><u>Esta es la 9\u00aa temporada de apertura del Esqu\u00ed Nocturno y se han abierto un total de 23 noches<\/u><\/strong> entre jueves, s\u00e1bados y festivos del Puente de la Pur\u00edsima y las Navidades.<\/p>\n<p><strong><u>Durante esta temporada se ha abierto la totalidad del dominio esquiable de noche<\/u><\/strong> que consta de:<\/p>\n<p><strong><u>-10 Km esquiables<\/u><\/strong><\/p>\n<p><strong><u>-6 remontes abiertos<\/u><\/strong><\/p>\n<p><strong><u>-13 pistas abiertas<\/u><\/strong><\/p>\n<p><strong><u>-Abierto todos los jueves, s\u00e1bados y algunos festivos<\/u><\/strong><\/p>\n<p><strong><u>-Desnivel: 420 m que recorren por dentro del bosque<\/u><\/strong><\/p>\n<figure id=\"attachment_4948\" aria-describedby=\"caption-attachment-4948\" style=\"width: 2000px\" class=\"wp-caption alignnone\"><a href=\"https:\/\/www.masella.com\/blog\/wp-content\/uploads\/2022\/03\/003.jpg\"><img loading=\"lazy\" decoding=\"async\" class=\"size-full wp-image-4948\" src=\"https:\/\/www.masella.com\/blog\/wp-content\/uploads\/2022\/03\/003.jpg\" alt=\"\" width=\"2000\" height=\"1500\" srcset=\"https:\/\/www.masella.com\/blog\/wp-content\/uploads\/2022\/03\/003.jpg 2000w, https:\/\/www.masella.com\/blog\/wp-content\/uploads\/2022\/03\/003-300x225.jpg 300w, https:\/\/www.masella.com\/blog\/wp-content\/uploads\/2022\/03\/003-1024x768.jpg 1024w, https:\/\/www.masella.com\/blog\/wp-content\/uploads\/2022\/03\/003-768x576.jpg 768w, https:\/\/www.masella.com\/blog\/wp-content\/uploads\/2022\/03\/003-1536x1152.jpg 1536w\" sizes=\"(max-width: 2000px) 100vw, 2000px\" \/><\/a><figcaption id=\"caption-attachment-4948\" class=\"wp-caption-text\"><span style=\"font-size: 16px;\">Ahora, tal y como estaba previsto en el calendario, <\/span><strong style=\"font-size: 16px;\"><u>finalizamos la temporada de nocturno debido a que el d\u00eda avanza inexorablemente y en breve se realizar\u00e1 el cambio de hora<\/u><\/strong><span style=\"font-size: 16px;\">.<\/span><\/figcaption><\/figure>\n<p><a href=\"https:\/\/www.masella.com\/blog\/wp-content\/uploads\/2022\/03\/005.jpg\"><img loading=\"lazy\" decoding=\"async\" class=\"size-full wp-image-4950\" src=\"https:\/\/www.masella.com\/blog\/wp-content\/uploads\/2022\/03\/005.jpg\" alt=\"\" width=\"2000\" height=\"1500\" srcset=\"https:\/\/www.masella.com\/blog\/wp-content\/uploads\/2022\/03\/005.jpg 2000w, https:\/\/www.masella.com\/blog\/wp-content\/uploads\/2022\/03\/005-300x225.jpg 300w, https:\/\/www.masella.com\/blog\/wp-content\/uploads\/2022\/03\/005-1024x768.jpg 1024w, https:\/\/www.masella.com\/blog\/wp-content\/uploads\/2022\/03\/005-768x576.jpg 768w, https:\/\/www.masella.com\/blog\/wp-content\/uploads\/2022\/03\/005-1536x1152.jpg 1536w\" sizes=\"(max-width: 2000px) 100vw, 2000px\" \/><\/a><\/p>\n<p><strong><u>El Esqu\u00ed Nocturno de Masella se ha visto complementado con la oferta gastron\u00f3mica t\u00edpica de monta\u00f1a<\/u><\/strong> (fundiciones, raclettes, etc.) en el Restaurante del Pla de Masella durante todos los s\u00e1bados y festivos. Y, tambi\u00e9n, con <strong><u>el Apr\u00e8s-ski en el M\u00f6od Masella \u2013 Stern Motor \u2013 Taittinger, en la zona del Pla de Masella, en la que hoy se ha celebrado la \u00faltima sesi\u00f3n de m\u00fasica de tarde-noche<\/u><\/strong>.<\/p>\n","protected":false},"excerpt":{"rendered":"<p>Este s\u00e1bado, d\u00eda 5 de marzo, se da por finalizada la temporada de Esqu\u00ed Nocturno de Masella. Esta es la<\/p>\n","protected":false},"author":4,"featured_media":4946,"comment_status":"closed","ping_status":"open","sticky":false,"template":"","format":"standard","meta":{"footnotes":""},"categories":[20,28],"tags":[],"yoast_head":"<!-- This site is optimized with the Yoast SEO plugin v21.5 - https:\/\/yoast.com\/wordpress\/plugins\/seo\/ -->\n<title>GRACIAS POR COMPARTIR CON NOSOTROS LAS 23 NOCHES DE ESQU\u00cd NOCTURNO - blog oficial de masella<\/title>\n<meta name=\"robots\" content=\"index, follow, max-snippet:-1, max-image-preview:large, max-video-preview:-1\" \/>\n<link rel=\"canonical\" href=\"https:\/\/www.masella.com\/blog\/es\/gracias-por-compartir-con-nosotros-las-23-noches-de-esqui-nocturno\/\" \/>\n<meta property=\"og:locale\" content=\"es_ES\" \/>\n<meta property=\"og:type\" content=\"article\" \/>\n<meta property=\"og:title\" content=\"GRACIAS POR COMPARTIR CON NOSOTROS LAS 23 NOCHES DE ESQU\u00cd NOCTURNO - blog oficial de masella\" \/>\n<meta property=\"og:description\" content=\"Este s\u00e1bado, d\u00eda 5 de marzo, se da por finalizada la temporada de Esqu\u00ed Nocturno de Masella. Esta es la\" \/>\n<meta property=\"og:url\" content=\"https:\/\/www.masella.com\/blog\/es\/gracias-por-compartir-con-nosotros-las-23-noches-de-esqui-nocturno\/\" \/>\n<meta property=\"og:site_name\" content=\"blog oficial de masella\" \/>\n<meta property=\"article:published_time\" content=\"2022-03-06T07:28:54+00:00\" \/>\n<meta property=\"article:modified_time\" content=\"2022-06-01T06:30:20+00:00\" \/>\n<meta property=\"og:image\" content=\"https:\/\/www.masella.com\/blog\/wp-content\/uploads\/2022\/03\/id.jpg\" \/>\n\t<meta property=\"og:image:width\" content=\"800\" \/>\n\t<meta property=\"og:image:height\" content=\"450\" \/>\n\t<meta property=\"og:image:type\" content=\"image\/jpeg\" \/>\n<meta name=\"author\" content=\"masella\" \/>\n<meta name=\"twitter:card\" content=\"summary_large_image\" \/>\n<meta name=\"twitter:label1\" content=\"Escrito por\" \/>\n\t<meta name=\"twitter:data1\" content=\"masella\" \/>\n\t<meta name=\"twitter:label2\" content=\"Tiempo de lectura\" \/>\n\t<meta name=\"twitter:data2\" content=\"1 minuto\" \/>\n<script type=\"application\/ld+json\" class=\"yoast-schema-graph\">{\"@context\":\"https:\/\/schema.org\",\"@graph\":[{\"@type\":\"Article\",\"@id\":\"https:\/\/www.masella.com\/blog\/es\/gracias-por-compartir-con-nosotros-las-23-noches-de-esqui-nocturno\/#article\",\"isPartOf\":{\"@id\":\"https:\/\/www.masella.com\/blog\/es\/gracias-por-compartir-con-nosotros-las-23-noches-de-esqui-nocturno\/\"},\"author\":{\"name\":\"masella\",\"@id\":\"https:\/\/www.masella.com\/blog\/ca\/#\/schema\/person\/e32b971f5be20790c591d85b8f1c706b\"},\"headline\":\"GRACIAS POR COMPARTIR CON NOSOTROS LAS 23 NOCHES DE ESQU\u00cd NOCTURNO\",\"datePublished\":\"2022-03-06T07:28:54+00:00\",\"dateModified\":\"2022-06-01T06:30:20+00:00\",\"mainEntityOfPage\":{\"@id\":\"https:\/\/www.masella.com\/blog\/es\/gracias-por-compartir-con-nosotros-las-23-noches-de-esqui-nocturno\/\"},\"wordCount\":214,\"publisher\":{\"@id\":\"https:\/\/www.masella.com\/blog\/ca\/#organization\"},\"articleSection\":[\"Actualidad\",\"Actualitat\"],\"inLanguage\":\"es\"},{\"@type\":\"WebPage\",\"@id\":\"https:\/\/www.masella.com\/blog\/es\/gracias-por-compartir-con-nosotros-las-23-noches-de-esqui-nocturno\/\",\"url\":\"https:\/\/www.masella.com\/blog\/es\/gracias-por-compartir-con-nosotros-las-23-noches-de-esqui-nocturno\/\",\"name\":\"GRACIAS POR COMPARTIR CON NOSOTROS LAS 23 NOCHES DE ESQU\u00cd NOCTURNO - blog oficial de masella\",\"isPartOf\":{\"@id\":\"https:\/\/www.masella.com\/blog\/ca\/#website\"},\"datePublished\":\"2022-03-06T07:28:54+00:00\",\"dateModified\":\"2022-06-01T06:30:20+00:00\",\"breadcrumb\":{\"@id\":\"https:\/\/www.masella.com\/blog\/es\/gracias-por-compartir-con-nosotros-las-23-noches-de-esqui-nocturno\/#breadcrumb\"},\"inLanguage\":\"es\",\"potentialAction\":[{\"@type\":\"ReadAction\",\"target\":[\"https:\/\/www.masella.com\/blog\/es\/gracias-por-compartir-con-nosotros-las-23-noches-de-esqui-nocturno\/\"]}]},{\"@type\":\"BreadcrumbList\",\"@id\":\"https:\/\/www.masella.com\/blog\/es\/gracias-por-compartir-con-nosotros-las-23-noches-de-esqui-nocturno\/#breadcrumb\",\"itemListElement\":[{\"@type\":\"ListItem\",\"position\":1,\"name\":\"Portada\",\"item\":\"https:\/\/www.masella.com\/blog\/ca\/\"},{\"@type\":\"ListItem\",\"position\":2,\"name\":\"GRACIAS POR COMPARTIR CON NOSOTROS LAS 23 NOCHES DE ESQU\u00cd NOCTURNO\"}]},{\"@type\":\"WebSite\",\"@id\":\"https:\/\/www.masella.com\/blog\/ca\/#website\",\"url\":\"https:\/\/www.masella.com\/blog\/ca\/\",\"name\":\"blog oficial de masella\",\"description\":\"\",\"publisher\":{\"@id\":\"https:\/\/www.masella.com\/blog\/ca\/#organization\"},\"potentialAction\":[{\"@type\":\"SearchAction\",\"target\":{\"@type\":\"EntryPoint\",\"urlTemplate\":\"https:\/\/www.masella.com\/blog\/ca\/?s={search_term_string}\"},\"query-input\":\"required name=search_term_string\"}],\"inLanguage\":\"es\"},{\"@type\":\"Organization\",\"@id\":\"https:\/\/www.masella.com\/blog\/ca\/#organization\",\"name\":\"blog oficial de masella\",\"url\":\"https:\/\/www.masella.com\/blog\/ca\/\",\"logo\":{\"@type\":\"ImageObject\",\"inLanguage\":\"es\",\"@id\":\"https:\/\/www.masella.com\/blog\/ca\/#\/schema\/logo\/image\/\",\"url\":\"https:\/\/www.masella.com\/blog\/wp-content\/uploads\/2022\/12\/logo-masella-es-1.png\",\"contentUrl\":\"https:\/\/www.masella.com\/blog\/wp-content\/uploads\/2022\/12\/logo-masella-es-1.png\",\"width\":150,\"height\":88,\"caption\":\"blog oficial de masella\"},\"image\":{\"@id\":\"https:\/\/www.masella.com\/blog\/ca\/#\/schema\/logo\/image\/\"}},{\"@type\":\"Person\",\"@id\":\"https:\/\/www.masella.com\/blog\/ca\/#\/schema\/person\/e32b971f5be20790c591d85b8f1c706b\",\"name\":\"masella\",\"image\":{\"@type\":\"ImageObject\",\"inLanguage\":\"es\",\"@id\":\"https:\/\/www.masella.com\/blog\/ca\/#\/schema\/person\/image\/\",\"url\":\"https:\/\/secure.gravatar.com\/avatar\/57590b1151eaa410a783e55768bbbba2?s=96&d=mm&r=g\",\"contentUrl\":\"https:\/\/secure.gravatar.com\/avatar\/57590b1151eaa410a783e55768bbbba2?s=96&d=mm&r=g\",\"caption\":\"masella\"},\"url\":\"https:\/\/www.masella.com\/blog\/es\/author\/anna\/\"}]}<\/script>\n<!-- \/ Yoast SEO plugin. -->","yoast_head_json":{"title":"GRACIAS POR COMPARTIR CON NOSOTROS LAS 23 NOCHES DE ESQU\u00cd NOCTURNO - blog oficial de masella","robots":{"index":"index","follow":"follow","max-snippet":"max-snippet:-1","max-image-preview":"max-image-preview:large","max-video-preview":"max-video-preview:-1"},"canonical":"https:\/\/www.masella.com\/blog\/es\/gracias-por-compartir-con-nosotros-las-23-noches-de-esqui-nocturno\/","og_locale":"es_ES","og_type":"article","og_title":"GRACIAS POR COMPARTIR CON NOSOTROS LAS 23 NOCHES DE ESQU\u00cd NOCTURNO - blog oficial de masella","og_description":"Este s\u00e1bado, d\u00eda 5 de marzo, se da por finalizada la temporada de Esqu\u00ed Nocturno de Masella. Esta es la","og_url":"https:\/\/www.masella.com\/blog\/es\/gracias-por-compartir-con-nosotros-las-23-noches-de-esqui-nocturno\/","og_site_name":"blog oficial de masella","article_published_time":"2022-03-06T07:28:54+00:00","article_modified_time":"2022-06-01T06:30:20+00:00","og_image":[{"width":800,"height":450,"url":"https:\/\/www.masella.com\/blog\/wp-content\/uploads\/2022\/03\/id.jpg","type":"image\/jpeg"}],"author":"masella","twitter_card":"summary_large_image","twitter_misc":{"Escrito por":"masella","Tiempo de lectura":"1 minuto"},"schema":{"@context":"https:\/\/schema.org","@graph":[{"@type":"Article","@id":"https:\/\/www.masella.com\/blog\/es\/gracias-por-compartir-con-nosotros-las-23-noches-de-esqui-nocturno\/#article","isPartOf":{"@id":"https:\/\/www.masella.com\/blog\/es\/gracias-por-compartir-con-nosotros-las-23-noches-de-esqui-nocturno\/"},"author":{"name":"masella","@id":"https:\/\/www.masella.com\/blog\/ca\/#\/schema\/person\/e32b971f5be20790c591d85b8f1c706b"},"headline":"GRACIAS POR COMPARTIR CON NOSOTROS LAS 23 NOCHES DE ESQU\u00cd NOCTURNO","datePublished":"2022-03-06T07:28:54+00:00","dateModified":"2022-06-01T06:30:20+00:00","mainEntityOfPage":{"@id":"https:\/\/www.masella.com\/blog\/es\/gracias-por-compartir-con-nosotros-las-23-noches-de-esqui-nocturno\/"},"wordCount":214,"publisher":{"@id":"https:\/\/www.masella.com\/blog\/ca\/#organization"},"articleSection":["Actualidad","Actualitat"],"inLanguage":"es"},{"@type":"WebPage","@id":"https:\/\/www.masella.com\/blog\/es\/gracias-por-compartir-con-nosotros-las-23-noches-de-esqui-nocturno\/","url":"https:\/\/www.masella.com\/blog\/es\/gracias-por-compartir-con-nosotros-las-23-noches-de-esqui-nocturno\/","name":"GRACIAS POR COMPARTIR CON NOSOTROS LAS 23 NOCHES DE ESQU\u00cd NOCTURNO - blog oficial de masella","isPartOf":{"@id":"https:\/\/www.masella.com\/blog\/ca\/#website"},"datePublished":"2022-03-06T07:28:54+00:00","dateModified":"2022-06-01T06:30:20+00:00","breadcrumb":{"@id":"https:\/\/www.masella.com\/blog\/es\/gracias-por-compartir-con-nosotros-las-23-noches-de-esqui-nocturno\/#breadcrumb"},"inLanguage":"es","potentialAction":[{"@type":"ReadAction","target":["https:\/\/www.masella.com\/blog\/es\/gracias-por-compartir-con-nosotros-las-23-noches-de-esqui-nocturno\/"]}]},{"@type":"BreadcrumbList","@id":"https:\/\/www.masella.com\/blog\/es\/gracias-por-compartir-con-nosotros-las-23-noches-de-esqui-nocturno\/#breadcrumb","itemListElement":[{"@type":"ListItem","position":1,"name":"Portada","item":"https:\/\/www.masella.com\/blog\/ca\/"},{"@type":"ListItem","position":2,"name":"GRACIAS POR COMPARTIR CON NOSOTROS LAS 23 NOCHES DE ESQU\u00cd NOCTURNO"}]},{"@type":"WebSite","@id":"https:\/\/www.masella.com\/blog\/ca\/#website","url":"https:\/\/www.masella.com\/blog\/ca\/","name":"blog oficial de masella","description":"","publisher":{"@id":"https:\/\/www.masella.com\/blog\/ca\/#organization"},"potentialAction":[{"@type":"SearchAction","target":{"@type":"EntryPoint","urlTemplate":"https:\/\/www.masella.com\/blog\/ca\/?s={search_term_string}"},"query-input":"required name=search_term_string"}],"inLanguage":"es"},{"@type":"Organization","@id":"https:\/\/www.masella.com\/blog\/ca\/#organization","name":"blog oficial de masella","url":"https:\/\/www.masella.com\/blog\/ca\/","logo":{"@type":"ImageObject","inLanguage":"es","@id":"https:\/\/www.masella.com\/blog\/ca\/#\/schema\/logo\/image\/","url":"https:\/\/www.masella.com\/blog\/wp-content\/uploads\/2022\/12\/logo-masella-es-1.png","contentUrl":"https:\/\/www.masella.com\/blog\/wp-content\/uploads\/2022\/12\/logo-masella-es-1.png","width":150,"height":88,"caption":"blog oficial de masella"},"image":{"@id":"https:\/\/www.masella.com\/blog\/ca\/#\/schema\/logo\/image\/"}},{"@type":"Person","@id":"https:\/\/www.masella.com\/blog\/ca\/#\/schema\/person\/e32b971f5be20790c591d85b8f1c706b","name":"masella","image":{"@type":"ImageObject","inLanguage":"es","@id":"https:\/\/www.masella.com\/blog\/ca\/#\/schema\/person\/image\/","url":"https:\/\/secure.gravatar.com\/avatar\/57590b1151eaa410a783e55768bbbba2?s=96&d=mm&r=g","contentUrl":"https:\/\/secure.gravatar.com\/avatar\/57590b1151eaa410a783e55768bbbba2?s=96&d=mm&r=g","caption":"masella"},"url":"https:\/\/www.masella.com\/blog\/es\/author\/anna\/"}]}},"_links":{"self":[{"href":"https:\/\/www.masella.com\/blog\/es\/wp-json\/wp\/v2\/posts\/4953"}],"collection":[{"href":"https:\/\/www.masella.com\/blog\/es\/wp-json\/wp\/v2\/posts"}],"about":[{"href":"https:\/\/www.masella.com\/blog\/es\/wp-json\/wp\/v2\/types\/post"}],"author":[{"embeddable":true,"href":"https:\/\/www.masella.com\/blog\/es\/wp-json\/wp\/v2\/users\/4"}],"replies":[{"embeddable":true,"href":"https:\/\/www.masella.com\/blog\/es\/wp-json\/wp\/v2\/comments?post=4953"}],"version-history":[{"count":2,"href":"https:\/\/www.masella.com\/blog\/es\/wp-json\/wp\/v2\/posts\/4953\/revisions"}],"predecessor-version":[{"id":4955,"href":"https:\/\/www.masella.com\/blog\/es\/wp-json\/wp\/v2\/posts\/4953\/revisions\/4955"}],"wp:featuredmedia":[{"embeddable":true,"href":"https:\/\/www.masella.com\/blog\/es\/wp-json\/wp\/v2\/media\/4946"}],"wp:attachment":[{"href":"https:\/\/www.masella.com\/blog\/es\/wp-json\/wp\/v2\/media?parent=4953"}],"wp:term":[{"taxonomy":"category","embeddable":true,"href":"https:\/\/www.masella.com\/blog\/es\/wp-json\/wp\/v2\/categories?post=4953"},{"taxonomy":"post_tag","embeddable":true,"href":"https:\/\/www.masella.com\/blog\/es\/wp-json\/wp\/v2\/tags?post=4953"}],"curies":[{"name":"wp","href":"https:\/\/api.w.org\/{rel}","templated":true}]}}