{"id":5100,"date":"2022-04-15T08:28:06","date_gmt":"2022-04-15T08:28:06","guid":{"rendered":"https:\/\/www.masella.com\/blog\/?p=5100"},"modified":"2022-06-01T06:30:19","modified_gmt":"2022-06-01T06:30:19","slug":"condiciones-i-consejos-semana-santa-2022","status":"publish","type":"post","link":"https:\/\/www.masella.com\/blog\/es\/condiciones-i-consejos-semana-santa-2022\/","title":{"rendered":"CONDICIONES Y CONSEJOS &#8211; SEMANA SANTA 2022"},"content":{"rendered":"<p><strong>CONDICIONES DE LA SEMANA SANTA<\/strong><\/p>\n<p>Estos d\u00edas de Semana Santa tenemos previsto abrir, con las siguientes condiciones:<\/p>\n<p><strong>6 remontes<\/strong><\/p>\n<p><strong>100% del desnivel esquiable abierto<\/strong><\/p>\n<p><strong>Espesores de 20 a 75 cm de nieve primavera<\/strong><\/p>\n<p><strong>23 pistas<\/strong><\/p>\n<p><strong>29 km esquiables abiertos<\/strong><\/p>\n<p><strong>CONSEJOS PARA ESTA SEMANA SANTA<\/strong><\/p>\n<p>Lleg\u00f3 la Semana Santa y con ella el buen tiempo. Las temperaturas son agradables y las horas con luz van ganando minutos a las horas nocturnas. La nieve se resiente y para algunos aficionados subir a esquiar ya no es tan atractivo como al inicio de la temporada. Aqu\u00ed os damos 5 consejos y 5 buenas razones para continuar disfrutando de la nieve y el entorno natural de Masella durante esta Semana Santa.<\/p>\n<p>Cinco consejos para seguir disfrutando de la nieve.<\/p>\n<p><strong>1 <\/strong><strong>\u2022 <\/strong><strong>Empezar temprano y por las pistas bajas.<\/strong><\/p>\n<p>Lo recomendable es empezar a esquiar temprano y hacerlo por el eje principal de Enamorats, Les Fustes y Central.<\/p>\n<p><strong>2 \u2022 <\/strong><strong>Esquiar por pistas altas a partir del mediod<\/strong><strong>\u00eda<\/strong><\/p>\n<p>A medida que avance el d\u00eda, ser\u00e1 aconsejable deslizarse por pistas situadas en cotas altas, especialmente a partir de las 11 o las 12 del mediod\u00eda. Ser\u00e1 el momento de visitar Dues Estacions y La Corda o pistas como Coma Pregona y Tosa Vermella. A partir de la una de la tarde hay que deslizarse por las pistas que hayan sido menos frecuentadas y de orientaci\u00f3n noroeste. Si sois de los que os gusta amortizar el forfait y no dese\u00e1is dejar de esquiar hasta las 3 de la tarde, procurad deslizaros por pistas de cotas altas y evitar el centro de la pista. Isards y Coma Oriola se mantendr\u00e1n en condiciones \u00f3ptimas hasta la hora del cierre de instalaciones.<\/p>\n<p><a href=\"https:\/\/www.masella.com\/blog\/wp-content\/uploads\/2022\/04\/masella-telemark.jpg\"><img loading=\"lazy\" decoding=\"async\" class=\"size-full wp-image-5092 aligncenter\" src=\"https:\/\/www.masella.com\/blog\/wp-content\/uploads\/2022\/04\/masella-telemark.jpg\" alt=\"\" width=\"1200\" height=\"800\" srcset=\"https:\/\/www.masella.com\/blog\/wp-content\/uploads\/2022\/04\/masella-telemark.jpg 1200w, https:\/\/www.masella.com\/blog\/wp-content\/uploads\/2022\/04\/masella-telemark-300x200.jpg 300w, https:\/\/www.masella.com\/blog\/wp-content\/uploads\/2022\/04\/masella-telemark-1024x683.jpg 1024w, https:\/\/www.masella.com\/blog\/wp-content\/uploads\/2022\/04\/masella-telemark-768x512.jpg 768w\" sizes=\"(max-width: 1200px) 100vw, 1200px\" \/><\/a><\/p>\n<p><strong>3 \u2022 <\/strong><strong>Bronceado con protecci\u00f3<\/strong><strong>n.<\/strong><\/p>\n<p>En esta \u00e9poca del a\u00f1o, cuando estamos en pistas nos conviene protegernos con mucho m\u00e1s cuidado que en diciembre o enero. Imprescindible untarse la piel crema protectora para hacer frente a los rayos solares.<\/p>\n<p><a href=\"https:\/\/www.masella.com\/blog\/wp-content\/uploads\/2022\/04\/masella-crema-solar-alta-proteccio.jpg\"><img loading=\"lazy\" decoding=\"async\" class=\"size-full wp-image-5094 aligncenter\" src=\"https:\/\/www.masella.com\/blog\/wp-content\/uploads\/2022\/04\/masella-crema-solar-alta-proteccio.jpg\" alt=\"\" width=\"1200\" height=\"900\" srcset=\"https:\/\/www.masella.com\/blog\/wp-content\/uploads\/2022\/04\/masella-crema-solar-alta-proteccio.jpg 1200w, https:\/\/www.masella.com\/blog\/wp-content\/uploads\/2022\/04\/masella-crema-solar-alta-proteccio-300x225.jpg 300w, https:\/\/www.masella.com\/blog\/wp-content\/uploads\/2022\/04\/masella-crema-solar-alta-proteccio-1024x768.jpg 1024w, https:\/\/www.masella.com\/blog\/wp-content\/uploads\/2022\/04\/masella-crema-solar-alta-proteccio-768x576.jpg 768w\" sizes=\"(max-width: 1200px) 100vw, 1200px\" \/><\/a><\/p>\n<p><strong>4 \u2022 <\/strong><strong>Proteger nuestros ojos.<\/strong><\/p>\n<p>El sol en primavera es ahora m\u00e1s peligroso para nuestros ojos. Primero, porque su incidencia de rayos UV es ahora m\u00e1s perpendicular que en diciembre o enero, y, en segundo lugar, porque el d\u00eda gana horas de sol y nuestros ojos est\u00e1n m\u00e1s expuestos. Se hace muy necesario proteger los ojos con gafas de protecci\u00f3n nivel n\u00famero 4 o ante la duda consultad qu\u00e9 tipo de protecci\u00f3n con vuestro especialista de confianza.<\/p>\n<p><strong>5 \u2022 <\/strong><strong>Moderar la velocidad sobre la nieve transformada.<\/strong><\/p>\n<p>En primavera es inevitable que llegue un momento de la tarde en el que la nieve se ha transformado por completo. Hay quien le llama nieve granizada y es en esta situaci\u00f3n cuando deberemos evitar deslizarnos a alta velocidad. Existe el riesgo de quedar frenados de golpe y sufrir una lesi\u00f3n.<\/p>\n<p>Y por \u00faltimo, cinco buenas razones para seguir disfrutando de la nieve de Masella en primavera.<\/p>\n<p><strong>\u00a0<\/strong><strong>1 <\/strong><strong>\u2022 E<\/strong><strong>ventos.<\/strong><\/p>\n<p>Si tienes abono de temporada, en cualquier modalidad, inscr\u00edbete en la XVIII Carrera de Abonos de Temporada del s\u00e1bado, d\u00eda16 de abril. Para inscripciones clicar <a href=\"https:\/\/www.masella.com\/blog\/es\/inscripciones-carrera-abonos-temporada-abiertas\/\" target=\"_blank\" rel=\"noopener\">AQU\u00cd<\/a>. Y el mismo s\u00e1bado, de 12 a 17 h, tenemos fiesta apr\u00e8s-ski, con DJ, en el M\u00f6od Masella, en la zona del Pla de Masella.<\/p>\n<p><a href=\"https:\/\/www.masella.com\/blog\/wp-content\/uploads\/2022\/04\/Cursa-AT.jpg\"><img loading=\"lazy\" decoding=\"async\" class=\"size-full wp-image-5081 aligncenter\" src=\"https:\/\/www.masella.com\/blog\/wp-content\/uploads\/2022\/04\/Cursa-AT.jpg\" alt=\"\" width=\"1200\" height=\"900\" srcset=\"https:\/\/www.masella.com\/blog\/wp-content\/uploads\/2022\/04\/Cursa-AT.jpg 1200w, https:\/\/www.masella.com\/blog\/wp-content\/uploads\/2022\/04\/Cursa-AT-300x225.jpg 300w, https:\/\/www.masella.com\/blog\/wp-content\/uploads\/2022\/04\/Cursa-AT-1024x768.jpg 1024w, https:\/\/www.masella.com\/blog\/wp-content\/uploads\/2022\/04\/Cursa-AT-768x576.jpg 768w\" sizes=\"(max-width: 1200px) 100vw, 1200px\" \/><\/a><\/p>\n<p><strong>\u00a0<\/strong><strong>2 \u2022 D\u00ed<\/strong><strong>as alegres que invitan a todo.<\/strong><\/p>\n<p>Esquiar en esta \u00e9poca es hacerlo en unas condiciones de especial luminosidad que lo hace muy agradable. Todos nos sentimos m\u00e1s alegres y predispuestos, as\u00ed que quiz\u00e1 sea el momento propicio para iniciarnos en aquella modalidad que tenemos pendiente. \u00bfCu\u00e1l no hab\u00e9is probado nunca? \u00bfTelemark, snowboard o el alpino? Ha llegado el momento de contactar con la escuela de esqu\u00ed de Masella y reservar para ponernos en marcha en una nueva experiencia.<\/p>\n<p><strong>3 \u2022 <\/strong><strong>Esqu<\/strong><strong>\u00ed m\u00e1<\/strong><strong>s c<\/strong><strong>\u00f3<\/strong><strong>modo.<\/strong><\/p>\n<p>Como las temperaturas han subido, esquiamos con menos ropa y esto nos permite un esqu\u00ed m\u00e1s c\u00f3modo, m\u00e1s liberado de peso y movimientos. A los esquiadores m\u00e1s peque\u00f1os de la casa esta posibilidad, la de ir m\u00e1s ligeros de ropa, les gusta especialmente.<\/p>\n<p><strong>4 \u2022 <\/strong><strong>Momento para disfrutar de la gastronom<\/strong><strong>\u00eda<\/strong><strong>.<\/strong><\/p>\n<p>Con la llegada de la primavera parece que tambi\u00e9n llegue el momento de pasar m\u00e1s ratos en las terrazas de los distintos puntos gastron\u00f3micos que ofrece Masella. \u00bfQu\u00e9 os parece desayunar en Cap de Bosc, hacer el verm\u00fa en Coma Oriola y finalmente acabar comiendo en el Pla de Masella? \u00bfOrden invertido? No hay problema, todas las opciones son posibles en cada uno de los establecimientos mencionados.<\/p>\n<p><a href=\"https:\/\/www.masella.com\/blog\/wp-content\/uploads\/2022\/04\/masella-coma-oriola-terrassa-restaurant.jpg\"><img loading=\"lazy\" decoding=\"async\" class=\"size-full wp-image-5096 aligncenter\" src=\"https:\/\/www.masella.com\/blog\/wp-content\/uploads\/2022\/04\/masella-coma-oriola-terrassa-restaurant.jpg\" alt=\"\" width=\"1200\" height=\"900\" srcset=\"https:\/\/www.masella.com\/blog\/wp-content\/uploads\/2022\/04\/masella-coma-oriola-terrassa-restaurant.jpg 1200w, https:\/\/www.masella.com\/blog\/wp-content\/uploads\/2022\/04\/masella-coma-oriola-terrassa-restaurant-300x225.jpg 300w, https:\/\/www.masella.com\/blog\/wp-content\/uploads\/2022\/04\/masella-coma-oriola-terrassa-restaurant-1024x768.jpg 1024w, https:\/\/www.masella.com\/blog\/wp-content\/uploads\/2022\/04\/masella-coma-oriola-terrassa-restaurant-768x576.jpg 768w\" sizes=\"(max-width: 1200px) 100vw, 1200px\" \/><\/a><\/p>\n<p><strong>5 \u2022 <\/strong><strong>Contribuimos a mantener unos puestos de trabajo.<\/strong><\/p>\n<p>Con nuestra presencia en pistas ayudamos a mantener abiertas unas instalaciones que necesitan de unos trabajadores y todo un entorno de establecimientos que viven de la nieve. Esquiar a Masella en primavera tambi\u00e9n es una forma de contribuir al buen funcionamiento de la econom\u00eda de la Cerdanya.<\/p>\n","protected":false},"excerpt":{"rendered":"<p>CONDICIONES DE LA SEMANA SANTA Estos d\u00edas de Semana Santa tenemos previsto abrir, con las siguientes condiciones: 6 remontes 100%<\/p>\n","protected":false},"author":4,"featured_media":4862,"comment_status":"closed","ping_status":"open","sticky":false,"template":"","format":"standard","meta":{"footnotes":""},"categories":[20,28],"tags":[],"yoast_head":"<!-- This site is optimized with the Yoast SEO plugin v21.5 - https:\/\/yoast.com\/wordpress\/plugins\/seo\/ -->\n<title>CONDICIONES Y CONSEJOS - SEMANA SANTA 2022 - blog oficial de masella<\/title>\n<meta name=\"robots\" content=\"index, follow, max-snippet:-1, max-image-preview:large, max-video-preview:-1\" \/>\n<link rel=\"canonical\" href=\"https:\/\/www.masella.com\/blog\/es\/condiciones-i-consejos-semana-santa-2022\/\" \/>\n<meta property=\"og:locale\" content=\"es_ES\" \/>\n<meta property=\"og:type\" content=\"article\" \/>\n<meta property=\"og:title\" content=\"CONDICIONES Y CONSEJOS - SEMANA SANTA 2022 - blog oficial de masella\" \/>\n<meta property=\"og:description\" content=\"CONDICIONES DE LA SEMANA SANTA Estos d\u00edas de Semana Santa tenemos previsto abrir, con las siguientes condiciones: 6 remontes 100%\" \/>\n<meta property=\"og:url\" content=\"https:\/\/www.masella.com\/blog\/es\/condiciones-i-consejos-semana-santa-2022\/\" \/>\n<meta property=\"og:site_name\" content=\"blog oficial de masella\" \/>\n<meta property=\"article:published_time\" content=\"2022-04-15T08:28:06+00:00\" \/>\n<meta property=\"article:modified_time\" content=\"2022-06-01T06:30:19+00:00\" \/>\n<meta property=\"og:image\" content=\"https:\/\/www.masella.com\/blog\/wp-content\/uploads\/2022\/01\/Isards.jpg\" \/>\n\t<meta property=\"og:image:width\" content=\"1200\" \/>\n\t<meta property=\"og:image:height\" content=\"900\" \/>\n\t<meta property=\"og:image:type\" content=\"image\/jpeg\" \/>\n<meta name=\"author\" content=\"masella\" \/>\n<meta name=\"twitter:card\" content=\"summary_large_image\" \/>\n<meta name=\"twitter:label1\" content=\"Escrito por\" \/>\n\t<meta name=\"twitter:data1\" content=\"masella\" \/>\n\t<meta name=\"twitter:label2\" content=\"Tiempo de lectura\" \/>\n\t<meta name=\"twitter:data2\" content=\"4 minutos\" \/>\n<script type=\"application\/ld+json\" class=\"yoast-schema-graph\">{\"@context\":\"https:\/\/schema.org\",\"@graph\":[{\"@type\":\"Article\",\"@id\":\"https:\/\/www.masella.com\/blog\/es\/condiciones-i-consejos-semana-santa-2022\/#article\",\"isPartOf\":{\"@id\":\"https:\/\/www.masella.com\/blog\/es\/condiciones-i-consejos-semana-santa-2022\/\"},\"author\":{\"name\":\"masella\",\"@id\":\"https:\/\/www.masella.com\/blog\/ca\/#\/schema\/person\/e32b971f5be20790c591d85b8f1c706b\"},\"headline\":\"CONDICIONES Y CONSEJOS &#8211; SEMANA SANTA 2022\",\"datePublished\":\"2022-04-15T08:28:06+00:00\",\"dateModified\":\"2022-06-01T06:30:19+00:00\",\"mainEntityOfPage\":{\"@id\":\"https:\/\/www.masella.com\/blog\/es\/condiciones-i-consejos-semana-santa-2022\/\"},\"wordCount\":804,\"publisher\":{\"@id\":\"https:\/\/www.masella.com\/blog\/ca\/#organization\"},\"articleSection\":[\"Actualidad\",\"Actualitat\"],\"inLanguage\":\"es\"},{\"@type\":\"WebPage\",\"@id\":\"https:\/\/www.masella.com\/blog\/es\/condiciones-i-consejos-semana-santa-2022\/\",\"url\":\"https:\/\/www.masella.com\/blog\/es\/condiciones-i-consejos-semana-santa-2022\/\",\"name\":\"CONDICIONES Y CONSEJOS - SEMANA SANTA 2022 - blog oficial de masella\",\"isPartOf\":{\"@id\":\"https:\/\/www.masella.com\/blog\/ca\/#website\"},\"datePublished\":\"2022-04-15T08:28:06+00:00\",\"dateModified\":\"2022-06-01T06:30:19+00:00\",\"breadcrumb\":{\"@id\":\"https:\/\/www.masella.com\/blog\/es\/condiciones-i-consejos-semana-santa-2022\/#breadcrumb\"},\"inLanguage\":\"es\",\"potentialAction\":[{\"@type\":\"ReadAction\",\"target\":[\"https:\/\/www.masella.com\/blog\/es\/condiciones-i-consejos-semana-santa-2022\/\"]}]},{\"@type\":\"BreadcrumbList\",\"@id\":\"https:\/\/www.masella.com\/blog\/es\/condiciones-i-consejos-semana-santa-2022\/#breadcrumb\",\"itemListElement\":[{\"@type\":\"ListItem\",\"position\":1,\"name\":\"Portada\",\"item\":\"https:\/\/www.masella.com\/blog\/ca\/\"},{\"@type\":\"ListItem\",\"position\":2,\"name\":\"CONDICIONES Y CONSEJOS &#8211; SEMANA SANTA 2022\"}]},{\"@type\":\"WebSite\",\"@id\":\"https:\/\/www.masella.com\/blog\/ca\/#website\",\"url\":\"https:\/\/www.masella.com\/blog\/ca\/\",\"name\":\"blog oficial de masella\",\"description\":\"\",\"publisher\":{\"@id\":\"https:\/\/www.masella.com\/blog\/ca\/#organization\"},\"potentialAction\":[{\"@type\":\"SearchAction\",\"target\":{\"@type\":\"EntryPoint\",\"urlTemplate\":\"https:\/\/www.masella.com\/blog\/ca\/?s={search_term_string}\"},\"query-input\":\"required name=search_term_string\"}],\"inLanguage\":\"es\"},{\"@type\":\"Organization\",\"@id\":\"https:\/\/www.masella.com\/blog\/ca\/#organization\",\"name\":\"blog oficial de masella\",\"url\":\"https:\/\/www.masella.com\/blog\/ca\/\",\"logo\":{\"@type\":\"ImageObject\",\"inLanguage\":\"es\",\"@id\":\"https:\/\/www.masella.com\/blog\/ca\/#\/schema\/logo\/image\/\",\"url\":\"https:\/\/www.masella.com\/blog\/wp-content\/uploads\/2022\/12\/logo-masella-es-1.png\",\"contentUrl\":\"https:\/\/www.masella.com\/blog\/wp-content\/uploads\/2022\/12\/logo-masella-es-1.png\",\"width\":150,\"height\":88,\"caption\":\"blog oficial de masella\"},\"image\":{\"@id\":\"https:\/\/www.masella.com\/blog\/ca\/#\/schema\/logo\/image\/\"}},{\"@type\":\"Person\",\"@id\":\"https:\/\/www.masella.com\/blog\/ca\/#\/schema\/person\/e32b971f5be20790c591d85b8f1c706b\",\"name\":\"masella\",\"image\":{\"@type\":\"ImageObject\",\"inLanguage\":\"es\",\"@id\":\"https:\/\/www.masella.com\/blog\/ca\/#\/schema\/person\/image\/\",\"url\":\"https:\/\/secure.gravatar.com\/avatar\/57590b1151eaa410a783e55768bbbba2?s=96&d=mm&r=g\",\"contentUrl\":\"https:\/\/secure.gravatar.com\/avatar\/57590b1151eaa410a783e55768bbbba2?s=96&d=mm&r=g\",\"caption\":\"masella\"},\"url\":\"https:\/\/www.masella.com\/blog\/es\/author\/anna\/\"}]}<\/script>\n<!-- \/ Yoast SEO plugin. -->","yoast_head_json":{"title":"CONDICIONES Y CONSEJOS - SEMANA SANTA 2022 - blog oficial de masella","robots":{"index":"index","follow":"follow","max-snippet":"max-snippet:-1","max-image-preview":"max-image-preview:large","max-video-preview":"max-video-preview:-1"},"canonical":"https:\/\/www.masella.com\/blog\/es\/condiciones-i-consejos-semana-santa-2022\/","og_locale":"es_ES","og_type":"article","og_title":"CONDICIONES Y CONSEJOS - SEMANA SANTA 2022 - blog oficial de masella","og_description":"CONDICIONES DE LA SEMANA SANTA Estos d\u00edas de Semana Santa tenemos previsto abrir, con las siguientes condiciones: 6 remontes 100%","og_url":"https:\/\/www.masella.com\/blog\/es\/condiciones-i-consejos-semana-santa-2022\/","og_site_name":"blog oficial de masella","article_published_time":"2022-04-15T08:28:06+00:00","article_modified_time":"2022-06-01T06:30:19+00:00","og_image":[{"width":1200,"height":900,"url":"https:\/\/www.masella.com\/blog\/wp-content\/uploads\/2022\/01\/Isards.jpg","type":"image\/jpeg"}],"author":"masella","twitter_card":"summary_large_image","twitter_misc":{"Escrito por":"masella","Tiempo de lectura":"4 minutos"},"schema":{"@context":"https:\/\/schema.org","@graph":[{"@type":"Article","@id":"https:\/\/www.masella.com\/blog\/es\/condiciones-i-consejos-semana-santa-2022\/#article","isPartOf":{"@id":"https:\/\/www.masella.com\/blog\/es\/condiciones-i-consejos-semana-santa-2022\/"},"author":{"name":"masella","@id":"https:\/\/www.masella.com\/blog\/ca\/#\/schema\/person\/e32b971f5be20790c591d85b8f1c706b"},"headline":"CONDICIONES Y CONSEJOS &#8211; SEMANA SANTA 2022","datePublished":"2022-04-15T08:28:06+00:00","dateModified":"2022-06-01T06:30:19+00:00","mainEntityOfPage":{"@id":"https:\/\/www.masella.com\/blog\/es\/condiciones-i-consejos-semana-santa-2022\/"},"wordCount":804,"publisher":{"@id":"https:\/\/www.masella.com\/blog\/ca\/#organization"},"articleSection":["Actualidad","Actualitat"],"inLanguage":"es"},{"@type":"WebPage","@id":"https:\/\/www.masella.com\/blog\/es\/condiciones-i-consejos-semana-santa-2022\/","url":"https:\/\/www.masella.com\/blog\/es\/condiciones-i-consejos-semana-santa-2022\/","name":"CONDICIONES Y CONSEJOS - SEMANA SANTA 2022 - blog oficial de masella","isPartOf":{"@id":"https:\/\/www.masella.com\/blog\/ca\/#website"},"datePublished":"2022-04-15T08:28:06+00:00","dateModified":"2022-06-01T06:30:19+00:00","breadcrumb":{"@id":"https:\/\/www.masella.com\/blog\/es\/condiciones-i-consejos-semana-santa-2022\/#breadcrumb"},"inLanguage":"es","potentialAction":[{"@type":"ReadAction","target":["https:\/\/www.masella.com\/blog\/es\/condiciones-i-consejos-semana-santa-2022\/"]}]},{"@type":"BreadcrumbList","@id":"https:\/\/www.masella.com\/blog\/es\/condiciones-i-consejos-semana-santa-2022\/#breadcrumb","itemListElement":[{"@type":"ListItem","position":1,"name":"Portada","item":"https:\/\/www.masella.com\/blog\/ca\/"},{"@type":"ListItem","position":2,"name":"CONDICIONES Y CONSEJOS &#8211; SEMANA SANTA 2022"}]},{"@type":"WebSite","@id":"https:\/\/www.masella.com\/blog\/ca\/#website","url":"https:\/\/www.masella.com\/blog\/ca\/","name":"blog oficial de masella","description":"","publisher":{"@id":"https:\/\/www.masella.com\/blog\/ca\/#organization"},"potentialAction":[{"@type":"SearchAction","target":{"@type":"EntryPoint","urlTemplate":"https:\/\/www.masella.com\/blog\/ca\/?s={search_term_string}"},"query-input":"required name=search_term_string"}],"inLanguage":"es"},{"@type":"Organization","@id":"https:\/\/www.masella.com\/blog\/ca\/#organization","name":"blog oficial de masella","url":"https:\/\/www.masella.com\/blog\/ca\/","logo":{"@type":"ImageObject","inLanguage":"es","@id":"https:\/\/www.masella.com\/blog\/ca\/#\/schema\/logo\/image\/","url":"https:\/\/www.masella.com\/blog\/wp-content\/uploads\/2022\/12\/logo-masella-es-1.png","contentUrl":"https:\/\/www.masella.com\/blog\/wp-content\/uploads\/2022\/12\/logo-masella-es-1.png","width":150,"height":88,"caption":"blog oficial de masella"},"image":{"@id":"https:\/\/www.masella.com\/blog\/ca\/#\/schema\/logo\/image\/"}},{"@type":"Person","@id":"https:\/\/www.masella.com\/blog\/ca\/#\/schema\/person\/e32b971f5be20790c591d85b8f1c706b","name":"masella","image":{"@type":"ImageObject","inLanguage":"es","@id":"https:\/\/www.masella.com\/blog\/ca\/#\/schema\/person\/image\/","url":"https:\/\/secure.gravatar.com\/avatar\/57590b1151eaa410a783e55768bbbba2?s=96&d=mm&r=g","contentUrl":"https:\/\/secure.gravatar.com\/avatar\/57590b1151eaa410a783e55768bbbba2?s=96&d=mm&r=g","caption":"masella"},"url":"https:\/\/www.masella.com\/blog\/es\/author\/anna\/"}]}},"_links":{"self":[{"href":"https:\/\/www.masella.com\/blog\/es\/wp-json\/wp\/v2\/posts\/5100"}],"collection":[{"href":"https:\/\/www.masella.com\/blog\/es\/wp-json\/wp\/v2\/posts"}],"about":[{"href":"https:\/\/www.masella.com\/blog\/es\/wp-json\/wp\/v2\/types\/post"}],"author":[{"embeddable":true,"href":"https:\/\/www.masella.com\/blog\/es\/wp-json\/wp\/v2\/users\/4"}],"replies":[{"embeddable":true,"href":"https:\/\/www.masella.com\/blog\/es\/wp-json\/wp\/v2\/comments?post=5100"}],"version-history":[{"count":2,"href":"https:\/\/www.masella.com\/blog\/es\/wp-json\/wp\/v2\/posts\/5100\/revisions"}],"predecessor-version":[{"id":5102,"href":"https:\/\/www.masella.com\/blog\/es\/wp-json\/wp\/v2\/posts\/5100\/revisions\/5102"}],"wp:featuredmedia":[{"embeddable":true,"href":"https:\/\/www.masella.com\/blog\/es\/wp-json\/wp\/v2\/media\/4862"}],"wp:attachment":[{"href":"https:\/\/www.masella.com\/blog\/es\/wp-json\/wp\/v2\/media?parent=5100"}],"wp:term":[{"taxonomy":"category","embeddable":true,"href":"https:\/\/www.masella.com\/blog\/es\/wp-json\/wp\/v2\/categories?post=5100"},{"taxonomy":"post_tag","embeddable":true,"href":"https:\/\/www.masella.com\/blog\/es\/wp-json\/wp\/v2\/tags?post=5100"}],"curies":[{"name":"wp","href":"https:\/\/api.w.org\/{rel}","templated":true}]}}