{"id":622,"date":"2016-03-16T11:51:53","date_gmt":"2016-03-16T11:51:53","guid":{"rendered":"http:\/\/www.masella.com\/blog\/es\/neu-a-la-vista\/"},"modified":"2022-06-01T06:39:28","modified_gmt":"2022-06-01T06:39:28","slug":"neu-a-la-vista","status":"publish","type":"post","link":"https:\/\/www.masella.com\/blog\/es\/neu-a-la-vista\/","title":{"rendered":"NEU A LA VISTA"},"content":{"rendered":"<p style=\"text-align: justify;\">Els bons esquiadors sabeu b\u00e9 que a l&#8217;entorn del 19\u00a0de mar\u00e7 acostuma a fer una de les nevades m\u00e9s significatives de la temporada, la famosa nevada de Sant Josep. Enguany, si la previsi\u00f3 meteorol\u00f2gica no falla, la nevada de Sant Josep ja \u00e9s a punt d&#8217;arribar. De fet, ja fa dies que neva feblement i ara, segons pronostica el <strong><a href=\"http:\/\/www.meteocat.com\/prediccio\/esqui\/masella\" target=\"_blank\" rel=\"noopener\">Servei Meteorol\u00f2gic de Catalunya<\/a><\/strong>, arribar\u00e0 una nevada generalitzada a tot el Pirineu Catal\u00e0, per\u00f2 que afectar\u00e0 sobretot a la zona m\u00e9s oriental, sector en el qual hi ha l&#8217;estaci\u00f3 d&#8217;esqu\u00ed de Masella.<\/p>\n<p><a href=\"http:\/\/www.masella.com\/blog\/wp-content\/uploads\/2016\/03\/2016_03_15-PladeMasella.jpg\"><img loading=\"lazy\" decoding=\"async\" class=\"wp-image-613 aligncenter\" src=\"http:\/\/www.masella.com\/blog\/wp-content\/uploads\/2016\/03\/2016_03_15-PladeMasella.jpg\" alt=\"2016_03_15-PladeMasella\" width=\"800\" height=\"600\" srcset=\"https:\/\/www.masella.com\/blog\/wp-content\/uploads\/2016\/03\/2016_03_15-PladeMasella.jpg 1200w, https:\/\/www.masella.com\/blog\/wp-content\/uploads\/2016\/03\/2016_03_15-PladeMasella-300x225.jpg 300w, https:\/\/www.masella.com\/blog\/wp-content\/uploads\/2016\/03\/2016_03_15-PladeMasella-1024x768.jpg 1024w\" sizes=\"(max-width: 800px) 100vw, 800px\" \/><\/a><\/p>\n<p style=\"text-align: center;\">Nevada del dimarts, 15 de mar\u00e7, al Pla de Masella-1600 m<\/p>\n<p>&nbsp;<\/p>\n<p style=\"text-align: justify;\">La previsi\u00f3 anuncia que la nevada ser\u00e0 significativa a partir d&#8217;avui dimecres, a la tarda-vespre, i ser\u00e0 especialment persistent durant la nit i la matinada seg\u00fcent. La cota de neu es situar\u00e0 en un primer moment als 1000 m d&#8217;altitud, per\u00f2 a la matinada baixar\u00e0 fins als 600 m; \u00e9s a dir que la nevada podr\u00e0 cobrir els pobles m\u00e9s baixos de la comarca de la Cerdanya. Amb tot, si es compleixen \u00a0els pron\u00f2stics, tindrem una darrera setmana hivernal a les portes de la primavera i es que aquesta segona quinzena de mar\u00e7\u00a0ja\u00a0canviem d&#8217;estaci\u00f3 de l&#8217;any.<\/p>\n<p style=\"text-align: justify;\"><a href=\"http:\/\/www.masella.com\/blog\/wp-content\/uploads\/2016\/03\/Previsio.jpg\"><img loading=\"lazy\" decoding=\"async\" class=\"wp-image-615 aligncenter\" src=\"http:\/\/www.masella.com\/blog\/wp-content\/uploads\/2016\/03\/Previsio.jpg\" alt=\"Previsio\" width=\"1000\" height=\"549\" srcset=\"https:\/\/www.masella.com\/blog\/wp-content\/uploads\/2016\/03\/Previsio.jpg 1162w, https:\/\/www.masella.com\/blog\/wp-content\/uploads\/2016\/03\/Previsio-300x165.jpg 300w, https:\/\/www.masella.com\/blog\/wp-content\/uploads\/2016\/03\/Previsio-1024x562.jpg 1024w\" sizes=\"(max-width: 1000px) 100vw, 1000px\" \/><\/a><\/p>\n<p style=\"text-align: center;\">Font: <strong><a href=\"http:\/\/www.meteocat.com\/prediccio\/esqui\/masella\" target=\"_blank\" rel=\"noopener\">SMC<\/a><\/strong> &#8211; Previsi\u00f3 meteorol\u00f2gica pels dies 16 i 17 de mar\u00e7 a Masella<\/p>\n<p style=\"text-align: justify;\">Amb aquestes previsions tindrem un dels millors caps de setmana amb m\u00e9s bona neu de la temporada, ja que despr\u00e9s del pas d&#8217;aquest despressi\u00f3 que deixar\u00e0 nevades al Pirineu es preveu bon temps per dissabte i diumenge, cap de setmana a les portes de la Setmana Santa.<\/p>\n<p>&nbsp;<\/p>\n","protected":false},"excerpt":{"rendered":"<p>Els bons esquiadors sabeu b\u00e9 que a l&#8217;entorn del 19\u00a0de mar\u00e7 acostuma a fer una de les nevades m\u00e9s significatives<\/p>\n","protected":false},"author":4,"featured_media":5745,"comment_status":"closed","ping_status":"open","sticky":false,"template":"","format":"standard","meta":{"footnotes":""},"categories":[28,15],"tags":[],"yoast_head":"<!-- This site is optimized with the Yoast SEO plugin v21.5 - https:\/\/yoast.com\/wordpress\/plugins\/seo\/ -->\n<title>NEU A LA VISTA - blog oficial de masella<\/title>\n<meta name=\"robots\" content=\"index, follow, max-snippet:-1, max-image-preview:large, max-video-preview:-1\" \/>\n<link rel=\"canonical\" href=\"https:\/\/www.masella.com\/blog\/es\/neu-a-la-vista\/\" \/>\n<meta property=\"og:locale\" content=\"es_ES\" \/>\n<meta property=\"og:type\" content=\"article\" \/>\n<meta property=\"og:title\" content=\"NEU A LA VISTA - blog oficial de masella\" \/>\n<meta property=\"og:description\" content=\"Els bons esquiadors sabeu b\u00e9 que a l&#8217;entorn del 19\u00a0de mar\u00e7 acostuma a fer una de les nevades m\u00e9s significatives\" \/>\n<meta property=\"og:url\" content=\"https:\/\/www.masella.com\/blog\/es\/neu-a-la-vista\/\" \/>\n<meta property=\"og:site_name\" content=\"blog oficial de masella\" \/>\n<meta property=\"article:published_time\" content=\"2016-03-16T11:51:53+00:00\" \/>\n<meta property=\"article:modified_time\" content=\"2022-06-01T06:39:28+00:00\" \/>\n<meta property=\"og:image\" content=\"https:\/\/www.masella.com\/blog\/wp-content\/uploads\/2016\/03\/2016-02-27-PLana-e1458130976849.jpg\" \/>\n\t<meta property=\"og:image:width\" content=\"800\" \/>\n\t<meta property=\"og:image:height\" content=\"600\" \/>\n\t<meta property=\"og:image:type\" content=\"image\/jpeg\" \/>\n<meta name=\"author\" content=\"masella\" \/>\n<meta name=\"twitter:card\" content=\"summary_large_image\" \/>\n<meta name=\"twitter:label1\" content=\"Escrito por\" \/>\n\t<meta name=\"twitter:data1\" content=\"masella\" \/>\n\t<meta name=\"twitter:label2\" content=\"Tiempo de lectura\" \/>\n\t<meta name=\"twitter:data2\" content=\"1 minuto\" \/>\n<script type=\"application\/ld+json\" class=\"yoast-schema-graph\">{\"@context\":\"https:\/\/schema.org\",\"@graph\":[{\"@type\":\"Article\",\"@id\":\"https:\/\/www.masella.com\/blog\/es\/neu-a-la-vista\/#article\",\"isPartOf\":{\"@id\":\"https:\/\/www.masella.com\/blog\/es\/neu-a-la-vista\/\"},\"author\":{\"name\":\"masella\",\"@id\":\"https:\/\/www.masella.com\/blog\/ca\/#\/schema\/person\/e32b971f5be20790c591d85b8f1c706b\"},\"headline\":\"NEU A LA VISTA\",\"datePublished\":\"2016-03-16T11:51:53+00:00\",\"dateModified\":\"2022-06-01T06:39:28+00:00\",\"mainEntityOfPage\":{\"@id\":\"https:\/\/www.masella.com\/blog\/es\/neu-a-la-vista\/\"},\"wordCount\":281,\"publisher\":{\"@id\":\"https:\/\/www.masella.com\/blog\/ca\/#organization\"},\"articleSection\":[\"Actualitat\",\"Meteo\"],\"inLanguage\":\"es\"},{\"@type\":\"WebPage\",\"@id\":\"https:\/\/www.masella.com\/blog\/es\/neu-a-la-vista\/\",\"url\":\"https:\/\/www.masella.com\/blog\/es\/neu-a-la-vista\/\",\"name\":\"NEU A LA VISTA - blog oficial de masella\",\"isPartOf\":{\"@id\":\"https:\/\/www.masella.com\/blog\/ca\/#website\"},\"datePublished\":\"2016-03-16T11:51:53+00:00\",\"dateModified\":\"2022-06-01T06:39:28+00:00\",\"breadcrumb\":{\"@id\":\"https:\/\/www.masella.com\/blog\/es\/neu-a-la-vista\/#breadcrumb\"},\"inLanguage\":\"es\",\"potentialAction\":[{\"@type\":\"ReadAction\",\"target\":[\"https:\/\/www.masella.com\/blog\/es\/neu-a-la-vista\/\"]}]},{\"@type\":\"BreadcrumbList\",\"@id\":\"https:\/\/www.masella.com\/blog\/es\/neu-a-la-vista\/#breadcrumb\",\"itemListElement\":[{\"@type\":\"ListItem\",\"position\":1,\"name\":\"Portada\",\"item\":\"https:\/\/www.masella.com\/blog\/ca\/\"},{\"@type\":\"ListItem\",\"position\":2,\"name\":\"NEU A LA VISTA\"}]},{\"@type\":\"WebSite\",\"@id\":\"https:\/\/www.masella.com\/blog\/ca\/#website\",\"url\":\"https:\/\/www.masella.com\/blog\/ca\/\",\"name\":\"blog oficial de masella\",\"description\":\"\",\"publisher\":{\"@id\":\"https:\/\/www.masella.com\/blog\/ca\/#organization\"},\"potentialAction\":[{\"@type\":\"SearchAction\",\"target\":{\"@type\":\"EntryPoint\",\"urlTemplate\":\"https:\/\/www.masella.com\/blog\/ca\/?s={search_term_string}\"},\"query-input\":\"required name=search_term_string\"}],\"inLanguage\":\"es\"},{\"@type\":\"Organization\",\"@id\":\"https:\/\/www.masella.com\/blog\/ca\/#organization\",\"name\":\"blog oficial de masella\",\"url\":\"https:\/\/www.masella.com\/blog\/ca\/\",\"logo\":{\"@type\":\"ImageObject\",\"inLanguage\":\"es\",\"@id\":\"https:\/\/www.masella.com\/blog\/ca\/#\/schema\/logo\/image\/\",\"url\":\"https:\/\/www.masella.com\/blog\/wp-content\/uploads\/2022\/12\/logo-masella-es-1.png\",\"contentUrl\":\"https:\/\/www.masella.com\/blog\/wp-content\/uploads\/2022\/12\/logo-masella-es-1.png\",\"width\":150,\"height\":88,\"caption\":\"blog oficial de masella\"},\"image\":{\"@id\":\"https:\/\/www.masella.com\/blog\/ca\/#\/schema\/logo\/image\/\"}},{\"@type\":\"Person\",\"@id\":\"https:\/\/www.masella.com\/blog\/ca\/#\/schema\/person\/e32b971f5be20790c591d85b8f1c706b\",\"name\":\"masella\",\"image\":{\"@type\":\"ImageObject\",\"inLanguage\":\"es\",\"@id\":\"https:\/\/www.masella.com\/blog\/ca\/#\/schema\/person\/image\/\",\"url\":\"https:\/\/secure.gravatar.com\/avatar\/57590b1151eaa410a783e55768bbbba2?s=96&d=mm&r=g\",\"contentUrl\":\"https:\/\/secure.gravatar.com\/avatar\/57590b1151eaa410a783e55768bbbba2?s=96&d=mm&r=g\",\"caption\":\"masella\"},\"url\":\"https:\/\/www.masella.com\/blog\/es\/author\/anna\/\"}]}<\/script>\n<!-- \/ Yoast SEO plugin. -->","yoast_head_json":{"title":"NEU A LA VISTA - blog oficial de masella","robots":{"index":"index","follow":"follow","max-snippet":"max-snippet:-1","max-image-preview":"max-image-preview:large","max-video-preview":"max-video-preview:-1"},"canonical":"https:\/\/www.masella.com\/blog\/es\/neu-a-la-vista\/","og_locale":"es_ES","og_type":"article","og_title":"NEU A LA VISTA - blog oficial de masella","og_description":"Els bons esquiadors sabeu b\u00e9 que a l&#8217;entorn del 19\u00a0de mar\u00e7 acostuma a fer una de les nevades m\u00e9s significatives","og_url":"https:\/\/www.masella.com\/blog\/es\/neu-a-la-vista\/","og_site_name":"blog oficial de masella","article_published_time":"2016-03-16T11:51:53+00:00","article_modified_time":"2022-06-01T06:39:28+00:00","og_image":[{"width":800,"height":600,"url":"https:\/\/www.masella.com\/blog\/wp-content\/uploads\/2016\/03\/2016-02-27-PLana-e1458130976849.jpg","type":"image\/jpeg"}],"author":"masella","twitter_card":"summary_large_image","twitter_misc":{"Escrito por":"masella","Tiempo de lectura":"1 minuto"},"schema":{"@context":"https:\/\/schema.org","@graph":[{"@type":"Article","@id":"https:\/\/www.masella.com\/blog\/es\/neu-a-la-vista\/#article","isPartOf":{"@id":"https:\/\/www.masella.com\/blog\/es\/neu-a-la-vista\/"},"author":{"name":"masella","@id":"https:\/\/www.masella.com\/blog\/ca\/#\/schema\/person\/e32b971f5be20790c591d85b8f1c706b"},"headline":"NEU A LA VISTA","datePublished":"2016-03-16T11:51:53+00:00","dateModified":"2022-06-01T06:39:28+00:00","mainEntityOfPage":{"@id":"https:\/\/www.masella.com\/blog\/es\/neu-a-la-vista\/"},"wordCount":281,"publisher":{"@id":"https:\/\/www.masella.com\/blog\/ca\/#organization"},"articleSection":["Actualitat","Meteo"],"inLanguage":"es"},{"@type":"WebPage","@id":"https:\/\/www.masella.com\/blog\/es\/neu-a-la-vista\/","url":"https:\/\/www.masella.com\/blog\/es\/neu-a-la-vista\/","name":"NEU A LA VISTA - blog oficial de masella","isPartOf":{"@id":"https:\/\/www.masella.com\/blog\/ca\/#website"},"datePublished":"2016-03-16T11:51:53+00:00","dateModified":"2022-06-01T06:39:28+00:00","breadcrumb":{"@id":"https:\/\/www.masella.com\/blog\/es\/neu-a-la-vista\/#breadcrumb"},"inLanguage":"es","potentialAction":[{"@type":"ReadAction","target":["https:\/\/www.masella.com\/blog\/es\/neu-a-la-vista\/"]}]},{"@type":"BreadcrumbList","@id":"https:\/\/www.masella.com\/blog\/es\/neu-a-la-vista\/#breadcrumb","itemListElement":[{"@type":"ListItem","position":1,"name":"Portada","item":"https:\/\/www.masella.com\/blog\/ca\/"},{"@type":"ListItem","position":2,"name":"NEU A LA VISTA"}]},{"@type":"WebSite","@id":"https:\/\/www.masella.com\/blog\/ca\/#website","url":"https:\/\/www.masella.com\/blog\/ca\/","name":"blog oficial de masella","description":"","publisher":{"@id":"https:\/\/www.masella.com\/blog\/ca\/#organization"},"potentialAction":[{"@type":"SearchAction","target":{"@type":"EntryPoint","urlTemplate":"https:\/\/www.masella.com\/blog\/ca\/?s={search_term_string}"},"query-input":"required name=search_term_string"}],"inLanguage":"es"},{"@type":"Organization","@id":"https:\/\/www.masella.com\/blog\/ca\/#organization","name":"blog oficial de masella","url":"https:\/\/www.masella.com\/blog\/ca\/","logo":{"@type":"ImageObject","inLanguage":"es","@id":"https:\/\/www.masella.com\/blog\/ca\/#\/schema\/logo\/image\/","url":"https:\/\/www.masella.com\/blog\/wp-content\/uploads\/2022\/12\/logo-masella-es-1.png","contentUrl":"https:\/\/www.masella.com\/blog\/wp-content\/uploads\/2022\/12\/logo-masella-es-1.png","width":150,"height":88,"caption":"blog oficial de masella"},"image":{"@id":"https:\/\/www.masella.com\/blog\/ca\/#\/schema\/logo\/image\/"}},{"@type":"Person","@id":"https:\/\/www.masella.com\/blog\/ca\/#\/schema\/person\/e32b971f5be20790c591d85b8f1c706b","name":"masella","image":{"@type":"ImageObject","inLanguage":"es","@id":"https:\/\/www.masella.com\/blog\/ca\/#\/schema\/person\/image\/","url":"https:\/\/secure.gravatar.com\/avatar\/57590b1151eaa410a783e55768bbbba2?s=96&d=mm&r=g","contentUrl":"https:\/\/secure.gravatar.com\/avatar\/57590b1151eaa410a783e55768bbbba2?s=96&d=mm&r=g","caption":"masella"},"url":"https:\/\/www.masella.com\/blog\/es\/author\/anna\/"}]}},"_links":{"self":[{"href":"https:\/\/www.masella.com\/blog\/es\/wp-json\/wp\/v2\/posts\/622"}],"collection":[{"href":"https:\/\/www.masella.com\/blog\/es\/wp-json\/wp\/v2\/posts"}],"about":[{"href":"https:\/\/www.masella.com\/blog\/es\/wp-json\/wp\/v2\/types\/post"}],"author":[{"embeddable":true,"href":"https:\/\/www.masella.com\/blog\/es\/wp-json\/wp\/v2\/users\/4"}],"replies":[{"embeddable":true,"href":"https:\/\/www.masella.com\/blog\/es\/wp-json\/wp\/v2\/comments?post=622"}],"version-history":[{"count":5,"href":"https:\/\/www.masella.com\/blog\/es\/wp-json\/wp\/v2\/posts\/622\/revisions"}],"predecessor-version":[{"id":5747,"href":"https:\/\/www.masella.com\/blog\/es\/wp-json\/wp\/v2\/posts\/622\/revisions\/5747"}],"wp:featuredmedia":[{"embeddable":true,"href":"https:\/\/www.masella.com\/blog\/es\/wp-json\/wp\/v2\/media\/5745"}],"wp:attachment":[{"href":"https:\/\/www.masella.com\/blog\/es\/wp-json\/wp\/v2\/media?parent=622"}],"wp:term":[{"taxonomy":"category","embeddable":true,"href":"https:\/\/www.masella.com\/blog\/es\/wp-json\/wp\/v2\/categories?post=622"},{"taxonomy":"post_tag","embeddable":true,"href":"https:\/\/www.masella.com\/blog\/es\/wp-json\/wp\/v2\/tags?post=622"}],"curies":[{"name":"wp","href":"https:\/\/api.w.org\/{rel}","templated":true}]}}