{"id":692,"date":"2016-03-20T13:13:43","date_gmt":"2016-03-20T13:13:43","guid":{"rendered":"http:\/\/www.masella.com\/blog\/es\/cursa-social-festa-del-masella-team\/"},"modified":"2022-06-01T06:39:12","modified_gmt":"2022-06-01T06:39:12","slug":"cursa-social-festa-del-masella-team","status":"publish","type":"post","link":"https:\/\/www.masella.com\/blog\/es\/cursa-social-festa-del-masella-team\/","title":{"rendered":"CARRERA SOCIAL Y FIESTA DEL MASELLA TEAM"},"content":{"rendered":"<p>El <strong>Masella Team<\/strong> ha celebrado este fin de semana la gran fiesta de final de temporada, con la celebraci\u00f3n de la Carrera Social del club y la Comida de Clausura.<\/p>\n<p><strong>Casi 200 socios de los diferentes grupos del club han participado en la carrera<\/strong>, que se ha disputado en la modalidad de slalom gigante en la pista de Esl\u00e0lom La Pleta. El s\u00e1bado tomaron parte en la carrera los grupos de competici\u00f3n y tecnificaci\u00f3n, el grupo de \u00abS\u00e1bados\u00bb y todos los padres y madres que, por un d\u00eda, quisieron competir entre ellos y con sus hijos en esta gran fiesta del club. Domingo ha sido el turno de los ni\u00f1os y ni\u00f1as del grupo de \u00abDomingos\u00bb y sus padres y madres.<\/p>\n<p><a href=\"http:\/\/www.masella.com\/blog\/wp-content\/uploads\/2016\/03\/P2590033.jpg\"><img loading=\"lazy\" decoding=\"async\" class=\"alignnone size-full wp-image-689\" src=\"http:\/\/www.masella.com\/blog\/wp-content\/uploads\/2016\/03\/P2590033.jpg\" alt=\"P2590033\" width=\"800\" height=\"621\" srcset=\"https:\/\/www.masella.com\/blog\/wp-content\/uploads\/2016\/03\/P2590033.jpg 800w, https:\/\/www.masella.com\/blog\/wp-content\/uploads\/2016\/03\/P2590033-300x233.jpg 300w\" sizes=\"(max-width: 800px) 100vw, 800px\" \/><\/a><\/p>\n<p><strong>Los corredores m\u00e1s r\u00e1pidos de la carrera del s\u00e1bado fueron los Infantiles II Patxi Terrades, Pol Verd\u00fa y Mariona Gibert<\/strong>, que encabezan la clasificaci\u00f3n general. En este <strong><a href=\"http:\/\/www.masella.com\/blog\/wp-content\/uploads\/2016\/03\/Resultats-Dissabte.pdf\" target=\"_blank\" rel=\"noopener\">enlace<\/a><\/strong> podr\u00e9is encontrar las clasificaciones general y por categor\u00edas de la carrera del s\u00e1bado. <strong>El domingo, los m\u00e1s r\u00e1pidos han sido los Infantiles Ferran Mu\u00f1oz, Martina Gracia y Marc Isern, que han quedado en 1\u00ba, 2\u00ba y 3\u00ba lugar,<\/strong> respectivamente. Para ver todos los resultados del domingo puede pulsar en este <strong><a href=\"http:\/\/www.masella.com\/blog\/wp-content\/uploads\/2016\/03\/Resultats-Diumenge.pdf\" target=\"_blank\" rel=\"noopener\">enlace<\/a><\/strong>.<\/p>\n<p>I\u00a0en la<strong><a href=\"http:\/\/www.masella.com\/ca\/fotos\" target=\"_blank\" rel=\"noopener\"> galeria del Masella Team<\/a><\/strong> de nuestra web\u00a0encontrar\u00e9is todas las fotos de la carrera y de los podios.<\/p>\n<p>El s\u00e1bado, despu\u00e9s de la carrera y de la entrega de premios, se <strong>celebr\u00f3 la comida de clausura de temporada en la que asistieron m\u00e1s de 100 socios<\/strong>. Y aparte de los buenos recuerdos de la carrera y de la gran fiesta social, todos los socios y socias se llevaron tambi\u00e9n un bonito y pr\u00e1ctico obsequio del Masella Team: una cinta\u00a0<strong><a href=\"http:\/\/www.ledrapo.com\/\" target=\"_blank\" rel=\"noopener\">Ledrapo<\/a><\/strong> para protegerse del fr\u00edo.<\/p>\n<p><a href=\"http:\/\/www.masella.com\/blog\/wp-content\/uploads\/2016\/03\/bP2590468.jpg\"><img loading=\"lazy\" decoding=\"async\" class=\"alignnone wp-image-687\" src=\"http:\/\/www.masella.com\/blog\/wp-content\/uploads\/2016\/03\/bP2590468.jpg\" alt=\"bP2590468\" width=\"800\" height=\"600\" srcset=\"https:\/\/www.masella.com\/blog\/wp-content\/uploads\/2016\/03\/bP2590468.jpg 1200w, https:\/\/www.masella.com\/blog\/wp-content\/uploads\/2016\/03\/bP2590468-300x225.jpg 300w, https:\/\/www.masella.com\/blog\/wp-content\/uploads\/2016\/03\/bP2590468-1024x768.jpg 1024w\" sizes=\"(max-width: 800px) 100vw, 800px\" \/><\/a><\/p>\n<p>La carrera y la comida han sido la despedida de temporada para los esquiadores de los grupos de s\u00e1bados y domingos, mientras que los equipos de competici\u00f3n y tecnificaci\u00f3n continuar\u00e1n con los entrenamientos hasta el d\u00eda 3 de abril<\/p>\n","protected":false},"excerpt":{"rendered":"<p>El Masella Team ha celebrado este fin de semana la gran fiesta de final de temporada, con la celebraci\u00f3n de<\/p>\n","protected":false},"author":4,"featured_media":5718,"comment_status":"closed","ping_status":"open","sticky":false,"template":"","format":"standard","meta":{"footnotes":""},"categories":[28,32,16],"tags":[],"yoast_head":"<!-- This site is optimized with the Yoast SEO plugin v21.5 - https:\/\/yoast.com\/wordpress\/plugins\/seo\/ -->\n<title>CARRERA SOCIAL Y FIESTA DEL MASELLA TEAM - blog oficial de masella<\/title>\n<meta name=\"robots\" content=\"index, follow, max-snippet:-1, max-image-preview:large, max-video-preview:-1\" \/>\n<link rel=\"canonical\" href=\"https:\/\/www.masella.com\/blog\/es\/cursa-social-festa-del-masella-team\/\" \/>\n<meta property=\"og:locale\" content=\"es_ES\" \/>\n<meta property=\"og:type\" content=\"article\" \/>\n<meta property=\"og:title\" content=\"CARRERA SOCIAL Y FIESTA DEL MASELLA TEAM - blog oficial de masella\" \/>\n<meta property=\"og:description\" content=\"El Masella Team ha celebrado este fin de semana la gran fiesta de final de temporada, con la celebraci\u00f3n de\" \/>\n<meta property=\"og:url\" content=\"https:\/\/www.masella.com\/blog\/es\/cursa-social-festa-del-masella-team\/\" \/>\n<meta property=\"og:site_name\" content=\"blog oficial de masella\" \/>\n<meta property=\"article:published_time\" content=\"2016-03-20T13:13:43+00:00\" \/>\n<meta property=\"article:modified_time\" content=\"2022-06-01T06:39:12+00:00\" \/>\n<meta property=\"og:image\" content=\"https:\/\/www.masella.com\/blog\/wp-content\/uploads\/2016\/03\/P25900531.jpg\" \/>\n\t<meta property=\"og:image:width\" content=\"800\" \/>\n\t<meta property=\"og:image:height\" content=\"450\" \/>\n\t<meta property=\"og:image:type\" content=\"image\/jpeg\" \/>\n<meta name=\"author\" content=\"masella\" \/>\n<meta name=\"twitter:card\" content=\"summary_large_image\" \/>\n<meta name=\"twitter:label1\" content=\"Escrito por\" \/>\n\t<meta name=\"twitter:data1\" content=\"masella\" \/>\n\t<meta name=\"twitter:label2\" content=\"Tiempo de lectura\" \/>\n\t<meta name=\"twitter:data2\" content=\"2 minutos\" \/>\n<script type=\"application\/ld+json\" class=\"yoast-schema-graph\">{\"@context\":\"https:\/\/schema.org\",\"@graph\":[{\"@type\":\"Article\",\"@id\":\"https:\/\/www.masella.com\/blog\/es\/cursa-social-festa-del-masella-team\/#article\",\"isPartOf\":{\"@id\":\"https:\/\/www.masella.com\/blog\/es\/cursa-social-festa-del-masella-team\/\"},\"author\":{\"name\":\"masella\",\"@id\":\"https:\/\/www.masella.com\/blog\/ca\/#\/schema\/person\/e32b971f5be20790c591d85b8f1c706b\"},\"headline\":\"CARRERA SOCIAL Y FIESTA DEL MASELLA TEAM\",\"datePublished\":\"2016-03-20T13:13:43+00:00\",\"dateModified\":\"2022-06-01T06:39:12+00:00\",\"mainEntityOfPage\":{\"@id\":\"https:\/\/www.masella.com\/blog\/es\/cursa-social-festa-del-masella-team\/\"},\"wordCount\":358,\"publisher\":{\"@id\":\"https:\/\/www.masella.com\/blog\/ca\/#organization\"},\"articleSection\":[\"Actualitat\",\"Curses\",\"Eventos\"],\"inLanguage\":\"es\"},{\"@type\":\"WebPage\",\"@id\":\"https:\/\/www.masella.com\/blog\/es\/cursa-social-festa-del-masella-team\/\",\"url\":\"https:\/\/www.masella.com\/blog\/es\/cursa-social-festa-del-masella-team\/\",\"name\":\"CARRERA SOCIAL Y FIESTA DEL MASELLA TEAM - blog oficial de masella\",\"isPartOf\":{\"@id\":\"https:\/\/www.masella.com\/blog\/ca\/#website\"},\"datePublished\":\"2016-03-20T13:13:43+00:00\",\"dateModified\":\"2022-06-01T06:39:12+00:00\",\"breadcrumb\":{\"@id\":\"https:\/\/www.masella.com\/blog\/es\/cursa-social-festa-del-masella-team\/#breadcrumb\"},\"inLanguage\":\"es\",\"potentialAction\":[{\"@type\":\"ReadAction\",\"target\":[\"https:\/\/www.masella.com\/blog\/es\/cursa-social-festa-del-masella-team\/\"]}]},{\"@type\":\"BreadcrumbList\",\"@id\":\"https:\/\/www.masella.com\/blog\/es\/cursa-social-festa-del-masella-team\/#breadcrumb\",\"itemListElement\":[{\"@type\":\"ListItem\",\"position\":1,\"name\":\"Portada\",\"item\":\"https:\/\/www.masella.com\/blog\/ca\/\"},{\"@type\":\"ListItem\",\"position\":2,\"name\":\"CARRERA SOCIAL Y FIESTA DEL MASELLA TEAM\"}]},{\"@type\":\"WebSite\",\"@id\":\"https:\/\/www.masella.com\/blog\/ca\/#website\",\"url\":\"https:\/\/www.masella.com\/blog\/ca\/\",\"name\":\"blog oficial de masella\",\"description\":\"\",\"publisher\":{\"@id\":\"https:\/\/www.masella.com\/blog\/ca\/#organization\"},\"potentialAction\":[{\"@type\":\"SearchAction\",\"target\":{\"@type\":\"EntryPoint\",\"urlTemplate\":\"https:\/\/www.masella.com\/blog\/ca\/?s={search_term_string}\"},\"query-input\":\"required name=search_term_string\"}],\"inLanguage\":\"es\"},{\"@type\":\"Organization\",\"@id\":\"https:\/\/www.masella.com\/blog\/ca\/#organization\",\"name\":\"blog oficial de masella\",\"url\":\"https:\/\/www.masella.com\/blog\/ca\/\",\"logo\":{\"@type\":\"ImageObject\",\"inLanguage\":\"es\",\"@id\":\"https:\/\/www.masella.com\/blog\/ca\/#\/schema\/logo\/image\/\",\"url\":\"https:\/\/www.masella.com\/blog\/wp-content\/uploads\/2022\/12\/logo-masella-es-1.png\",\"contentUrl\":\"https:\/\/www.masella.com\/blog\/wp-content\/uploads\/2022\/12\/logo-masella-es-1.png\",\"width\":150,\"height\":88,\"caption\":\"blog oficial de masella\"},\"image\":{\"@id\":\"https:\/\/www.masella.com\/blog\/ca\/#\/schema\/logo\/image\/\"}},{\"@type\":\"Person\",\"@id\":\"https:\/\/www.masella.com\/blog\/ca\/#\/schema\/person\/e32b971f5be20790c591d85b8f1c706b\",\"name\":\"masella\",\"image\":{\"@type\":\"ImageObject\",\"inLanguage\":\"es\",\"@id\":\"https:\/\/www.masella.com\/blog\/ca\/#\/schema\/person\/image\/\",\"url\":\"https:\/\/secure.gravatar.com\/avatar\/57590b1151eaa410a783e55768bbbba2?s=96&d=mm&r=g\",\"contentUrl\":\"https:\/\/secure.gravatar.com\/avatar\/57590b1151eaa410a783e55768bbbba2?s=96&d=mm&r=g\",\"caption\":\"masella\"},\"url\":\"https:\/\/www.masella.com\/blog\/es\/author\/anna\/\"}]}<\/script>\n<!-- \/ Yoast SEO plugin. -->","yoast_head_json":{"title":"CARRERA SOCIAL Y FIESTA DEL MASELLA TEAM - blog oficial de masella","robots":{"index":"index","follow":"follow","max-snippet":"max-snippet:-1","max-image-preview":"max-image-preview:large","max-video-preview":"max-video-preview:-1"},"canonical":"https:\/\/www.masella.com\/blog\/es\/cursa-social-festa-del-masella-team\/","og_locale":"es_ES","og_type":"article","og_title":"CARRERA SOCIAL Y FIESTA DEL MASELLA TEAM - blog oficial de masella","og_description":"El Masella Team ha celebrado este fin de semana la gran fiesta de final de temporada, con la celebraci\u00f3n de","og_url":"https:\/\/www.masella.com\/blog\/es\/cursa-social-festa-del-masella-team\/","og_site_name":"blog oficial de masella","article_published_time":"2016-03-20T13:13:43+00:00","article_modified_time":"2022-06-01T06:39:12+00:00","og_image":[{"width":800,"height":450,"url":"https:\/\/www.masella.com\/blog\/wp-content\/uploads\/2016\/03\/P25900531.jpg","type":"image\/jpeg"}],"author":"masella","twitter_card":"summary_large_image","twitter_misc":{"Escrito por":"masella","Tiempo de lectura":"2 minutos"},"schema":{"@context":"https:\/\/schema.org","@graph":[{"@type":"Article","@id":"https:\/\/www.masella.com\/blog\/es\/cursa-social-festa-del-masella-team\/#article","isPartOf":{"@id":"https:\/\/www.masella.com\/blog\/es\/cursa-social-festa-del-masella-team\/"},"author":{"name":"masella","@id":"https:\/\/www.masella.com\/blog\/ca\/#\/schema\/person\/e32b971f5be20790c591d85b8f1c706b"},"headline":"CARRERA SOCIAL Y FIESTA DEL MASELLA TEAM","datePublished":"2016-03-20T13:13:43+00:00","dateModified":"2022-06-01T06:39:12+00:00","mainEntityOfPage":{"@id":"https:\/\/www.masella.com\/blog\/es\/cursa-social-festa-del-masella-team\/"},"wordCount":358,"publisher":{"@id":"https:\/\/www.masella.com\/blog\/ca\/#organization"},"articleSection":["Actualitat","Curses","Eventos"],"inLanguage":"es"},{"@type":"WebPage","@id":"https:\/\/www.masella.com\/blog\/es\/cursa-social-festa-del-masella-team\/","url":"https:\/\/www.masella.com\/blog\/es\/cursa-social-festa-del-masella-team\/","name":"CARRERA SOCIAL Y FIESTA DEL MASELLA TEAM - blog oficial de masella","isPartOf":{"@id":"https:\/\/www.masella.com\/blog\/ca\/#website"},"datePublished":"2016-03-20T13:13:43+00:00","dateModified":"2022-06-01T06:39:12+00:00","breadcrumb":{"@id":"https:\/\/www.masella.com\/blog\/es\/cursa-social-festa-del-masella-team\/#breadcrumb"},"inLanguage":"es","potentialAction":[{"@type":"ReadAction","target":["https:\/\/www.masella.com\/blog\/es\/cursa-social-festa-del-masella-team\/"]}]},{"@type":"BreadcrumbList","@id":"https:\/\/www.masella.com\/blog\/es\/cursa-social-festa-del-masella-team\/#breadcrumb","itemListElement":[{"@type":"ListItem","position":1,"name":"Portada","item":"https:\/\/www.masella.com\/blog\/ca\/"},{"@type":"ListItem","position":2,"name":"CARRERA SOCIAL Y FIESTA DEL MASELLA TEAM"}]},{"@type":"WebSite","@id":"https:\/\/www.masella.com\/blog\/ca\/#website","url":"https:\/\/www.masella.com\/blog\/ca\/","name":"blog oficial de masella","description":"","publisher":{"@id":"https:\/\/www.masella.com\/blog\/ca\/#organization"},"potentialAction":[{"@type":"SearchAction","target":{"@type":"EntryPoint","urlTemplate":"https:\/\/www.masella.com\/blog\/ca\/?s={search_term_string}"},"query-input":"required name=search_term_string"}],"inLanguage":"es"},{"@type":"Organization","@id":"https:\/\/www.masella.com\/blog\/ca\/#organization","name":"blog oficial de masella","url":"https:\/\/www.masella.com\/blog\/ca\/","logo":{"@type":"ImageObject","inLanguage":"es","@id":"https:\/\/www.masella.com\/blog\/ca\/#\/schema\/logo\/image\/","url":"https:\/\/www.masella.com\/blog\/wp-content\/uploads\/2022\/12\/logo-masella-es-1.png","contentUrl":"https:\/\/www.masella.com\/blog\/wp-content\/uploads\/2022\/12\/logo-masella-es-1.png","width":150,"height":88,"caption":"blog oficial de masella"},"image":{"@id":"https:\/\/www.masella.com\/blog\/ca\/#\/schema\/logo\/image\/"}},{"@type":"Person","@id":"https:\/\/www.masella.com\/blog\/ca\/#\/schema\/person\/e32b971f5be20790c591d85b8f1c706b","name":"masella","image":{"@type":"ImageObject","inLanguage":"es","@id":"https:\/\/www.masella.com\/blog\/ca\/#\/schema\/person\/image\/","url":"https:\/\/secure.gravatar.com\/avatar\/57590b1151eaa410a783e55768bbbba2?s=96&d=mm&r=g","contentUrl":"https:\/\/secure.gravatar.com\/avatar\/57590b1151eaa410a783e55768bbbba2?s=96&d=mm&r=g","caption":"masella"},"url":"https:\/\/www.masella.com\/blog\/es\/author\/anna\/"}]}},"_links":{"self":[{"href":"https:\/\/www.masella.com\/blog\/es\/wp-json\/wp\/v2\/posts\/692"}],"collection":[{"href":"https:\/\/www.masella.com\/blog\/es\/wp-json\/wp\/v2\/posts"}],"about":[{"href":"https:\/\/www.masella.com\/blog\/es\/wp-json\/wp\/v2\/types\/post"}],"author":[{"embeddable":true,"href":"https:\/\/www.masella.com\/blog\/es\/wp-json\/wp\/v2\/users\/4"}],"replies":[{"embeddable":true,"href":"https:\/\/www.masella.com\/blog\/es\/wp-json\/wp\/v2\/comments?post=692"}],"version-history":[{"count":7,"href":"https:\/\/www.masella.com\/blog\/es\/wp-json\/wp\/v2\/posts\/692\/revisions"}],"predecessor-version":[{"id":5710,"href":"https:\/\/www.masella.com\/blog\/es\/wp-json\/wp\/v2\/posts\/692\/revisions\/5710"}],"wp:featuredmedia":[{"embeddable":true,"href":"https:\/\/www.masella.com\/blog\/es\/wp-json\/wp\/v2\/media\/5718"}],"wp:attachment":[{"href":"https:\/\/www.masella.com\/blog\/es\/wp-json\/wp\/v2\/media?parent=692"}],"wp:term":[{"taxonomy":"category","embeddable":true,"href":"https:\/\/www.masella.com\/blog\/es\/wp-json\/wp\/v2\/categories?post=692"},{"taxonomy":"post_tag","embeddable":true,"href":"https:\/\/www.masella.com\/blog\/es\/wp-json\/wp\/v2\/tags?post=692"}],"curies":[{"name":"wp","href":"https:\/\/api.w.org\/{rel}","templated":true}]}}