{"id":816,"date":"2016-03-30T14:47:30","date_gmt":"2016-03-30T14:47:30","guid":{"rendered":"http:\/\/www.masella.com\/blog\/es\/proteccio-solar\/"},"modified":"2022-06-01T06:38:56","modified_gmt":"2022-06-01T06:38:56","slug":"proteccio-solar","status":"publish","type":"post","link":"https:\/\/www.masella.com\/blog\/es\/proteccio-solar\/","title":{"rendered":"PROTECCI\u00d3N SOLAR"},"content":{"rendered":"<p style=\"text-align: justify;\">Durante\u00a0la primavera, cuando el sol va muy alto, es muy recomendable protegerse la piel con crema solar. La protecci\u00f3n se ha de aplicar sobre la piel en las zonas del cuerpo no cubiertas por la ropa; o sea en la frente, la cara, el cuello y las orejas. Los labios tambi\u00e9n se han de proteger con crema labial. Tambi\u00e9n es necesario protegerse los d\u00edas nublados o de niebla.<\/p>\n<p><img loading=\"lazy\" decoding=\"async\" class=\"size-full wp-image-809 aligncenter\" src=\"http:\/\/www.masella.com\/blog\/wp-content\/uploads\/2016\/03\/2016-03-30-Cremasolar-e1459348913822.jpg\" alt=\"2016-03-30-Cremasolar\" width=\"800\" height=\"600\" \/><\/p>\n<p style=\"text-align: justify;\">La protecci\u00f3n que proporcionan las cremas solares se miden por el \u00abfactor de protecci\u00f3n &#8211; FP\u00bb. El FP indica el factor por el que se deber\u00eda multiplicar el tiempo de exposici\u00f3n al sol el cual se producir\u00eda el mismo efecto sin crema solar. Esta \u00e9poca se recomienda una crema con FP&gt;30. El agua y \u00a0el sudor disminuyen el efecto protector de las cremas por esto es muy recomendable reaplicar la crema cada 2-3 horas.<\/p>\n<p><a href=\"http:\/\/www.masella.com\/blog\/wp-content\/uploads\/2016\/03\/Bar-Cap-del-Bosc-LR-e1459349063112.jpg\"><img loading=\"lazy\" decoding=\"async\" class=\"size-full wp-image-810 aligncenter\" src=\"http:\/\/www.masella.com\/blog\/wp-content\/uploads\/2016\/03\/Bar-Cap-del-Bosc-LR-e1459349063112.jpg\" alt=\"Bar-Cap-del-Bosc-LR\" width=\"800\" height=\"600\" \/><\/a><\/p>\n<p style=\"text-align: justify;\">En paralelo tambi\u00e9n se recomienda que os hidrat\u00e9is bi\u00e9n. El\u00a0agua, los zumos de fruta, los refrescos, la cerveza o la fruta son ideales para mantener el cuerpo hidratado. Todas estas bebidas las pod\u00e9is encontrar en los distintos bares y restaurantes que tenemos en la estaci\u00f3n, de los cuales encontrar\u00e9is toda la informaci\u00f3n en este\u00a0<a href=\"http:\/\/www.masella.com\/es\/paginas\/restaurantes_bares\" target=\"_blank\" rel=\"noopener\">ENLACE<\/a><\/p>\n","protected":false},"excerpt":{"rendered":"<p>Durante\u00a0la primavera, cuando el sol va muy alto, es muy recomendable protegerse la piel con crema solar. La protecci\u00f3n se<\/p>\n","protected":false},"author":4,"featured_media":811,"comment_status":"closed","ping_status":"open","sticky":false,"template":"","format":"standard","meta":{"footnotes":""},"categories":[20,28,15],"tags":[],"yoast_head":"<!-- This site is optimized with the Yoast SEO plugin v21.5 - https:\/\/yoast.com\/wordpress\/plugins\/seo\/ -->\n<title>PROTECCI\u00d3N SOLAR - blog oficial de masella<\/title>\n<meta name=\"robots\" content=\"index, follow, max-snippet:-1, max-image-preview:large, max-video-preview:-1\" \/>\n<link rel=\"canonical\" href=\"https:\/\/www.masella.com\/blog\/es\/proteccio-solar\/\" \/>\n<meta property=\"og:locale\" content=\"es_ES\" \/>\n<meta property=\"og:type\" content=\"article\" \/>\n<meta property=\"og:title\" content=\"PROTECCI\u00d3N SOLAR - blog oficial de masella\" \/>\n<meta property=\"og:description\" content=\"Durante\u00a0la primavera, cuando el sol va muy alto, es muy recomendable protegerse la piel con crema solar. La protecci\u00f3n se\" \/>\n<meta property=\"og:url\" content=\"https:\/\/www.masella.com\/blog\/es\/proteccio-solar\/\" \/>\n<meta property=\"og:site_name\" content=\"blog oficial de masella\" \/>\n<meta property=\"article:published_time\" content=\"2016-03-30T14:47:30+00:00\" \/>\n<meta property=\"article:modified_time\" content=\"2022-06-01T06:38:56+00:00\" \/>\n<meta property=\"og:image\" content=\"https:\/\/www.masella.com\/blog\/wp-content\/uploads\/2016\/03\/2016-03-30-SolGrocNit-e1459349230278.jpg\" \/>\n\t<meta property=\"og:image:width\" content=\"800\" \/>\n\t<meta property=\"og:image:height\" content=\"533\" \/>\n\t<meta property=\"og:image:type\" content=\"image\/jpeg\" \/>\n<meta name=\"author\" content=\"masella\" \/>\n<meta name=\"twitter:card\" content=\"summary_large_image\" \/>\n<meta name=\"twitter:label1\" content=\"Escrito por\" \/>\n\t<meta name=\"twitter:data1\" content=\"masella\" \/>\n\t<meta name=\"twitter:label2\" content=\"Tiempo de lectura\" \/>\n\t<meta name=\"twitter:data2\" content=\"1 minuto\" \/>\n<script type=\"application\/ld+json\" class=\"yoast-schema-graph\">{\"@context\":\"https:\/\/schema.org\",\"@graph\":[{\"@type\":\"Article\",\"@id\":\"https:\/\/www.masella.com\/blog\/es\/proteccio-solar\/#article\",\"isPartOf\":{\"@id\":\"https:\/\/www.masella.com\/blog\/es\/proteccio-solar\/\"},\"author\":{\"name\":\"masella\",\"@id\":\"https:\/\/www.masella.com\/blog\/ca\/#\/schema\/person\/e32b971f5be20790c591d85b8f1c706b\"},\"headline\":\"PROTECCI\u00d3N SOLAR\",\"datePublished\":\"2016-03-30T14:47:30+00:00\",\"dateModified\":\"2022-06-01T06:38:56+00:00\",\"mainEntityOfPage\":{\"@id\":\"https:\/\/www.masella.com\/blog\/es\/proteccio-solar\/\"},\"wordCount\":219,\"publisher\":{\"@id\":\"https:\/\/www.masella.com\/blog\/ca\/#organization\"},\"articleSection\":[\"Actualidad\",\"Actualitat\",\"Meteo\"],\"inLanguage\":\"es\"},{\"@type\":\"WebPage\",\"@id\":\"https:\/\/www.masella.com\/blog\/es\/proteccio-solar\/\",\"url\":\"https:\/\/www.masella.com\/blog\/es\/proteccio-solar\/\",\"name\":\"PROTECCI\u00d3N SOLAR - blog oficial de masella\",\"isPartOf\":{\"@id\":\"https:\/\/www.masella.com\/blog\/ca\/#website\"},\"datePublished\":\"2016-03-30T14:47:30+00:00\",\"dateModified\":\"2022-06-01T06:38:56+00:00\",\"breadcrumb\":{\"@id\":\"https:\/\/www.masella.com\/blog\/es\/proteccio-solar\/#breadcrumb\"},\"inLanguage\":\"es\",\"potentialAction\":[{\"@type\":\"ReadAction\",\"target\":[\"https:\/\/www.masella.com\/blog\/es\/proteccio-solar\/\"]}]},{\"@type\":\"BreadcrumbList\",\"@id\":\"https:\/\/www.masella.com\/blog\/es\/proteccio-solar\/#breadcrumb\",\"itemListElement\":[{\"@type\":\"ListItem\",\"position\":1,\"name\":\"Portada\",\"item\":\"https:\/\/www.masella.com\/blog\/ca\/\"},{\"@type\":\"ListItem\",\"position\":2,\"name\":\"PROTECCI\u00d3N SOLAR\"}]},{\"@type\":\"WebSite\",\"@id\":\"https:\/\/www.masella.com\/blog\/ca\/#website\",\"url\":\"https:\/\/www.masella.com\/blog\/ca\/\",\"name\":\"blog oficial de masella\",\"description\":\"\",\"publisher\":{\"@id\":\"https:\/\/www.masella.com\/blog\/ca\/#organization\"},\"potentialAction\":[{\"@type\":\"SearchAction\",\"target\":{\"@type\":\"EntryPoint\",\"urlTemplate\":\"https:\/\/www.masella.com\/blog\/ca\/?s={search_term_string}\"},\"query-input\":\"required name=search_term_string\"}],\"inLanguage\":\"es\"},{\"@type\":\"Organization\",\"@id\":\"https:\/\/www.masella.com\/blog\/ca\/#organization\",\"name\":\"blog oficial de masella\",\"url\":\"https:\/\/www.masella.com\/blog\/ca\/\",\"logo\":{\"@type\":\"ImageObject\",\"inLanguage\":\"es\",\"@id\":\"https:\/\/www.masella.com\/blog\/ca\/#\/schema\/logo\/image\/\",\"url\":\"https:\/\/www.masella.com\/blog\/wp-content\/uploads\/2022\/12\/logo-masella-es-1.png\",\"contentUrl\":\"https:\/\/www.masella.com\/blog\/wp-content\/uploads\/2022\/12\/logo-masella-es-1.png\",\"width\":150,\"height\":88,\"caption\":\"blog oficial de masella\"},\"image\":{\"@id\":\"https:\/\/www.masella.com\/blog\/ca\/#\/schema\/logo\/image\/\"}},{\"@type\":\"Person\",\"@id\":\"https:\/\/www.masella.com\/blog\/ca\/#\/schema\/person\/e32b971f5be20790c591d85b8f1c706b\",\"name\":\"masella\",\"image\":{\"@type\":\"ImageObject\",\"inLanguage\":\"es\",\"@id\":\"https:\/\/www.masella.com\/blog\/ca\/#\/schema\/person\/image\/\",\"url\":\"https:\/\/secure.gravatar.com\/avatar\/57590b1151eaa410a783e55768bbbba2?s=96&d=mm&r=g\",\"contentUrl\":\"https:\/\/secure.gravatar.com\/avatar\/57590b1151eaa410a783e55768bbbba2?s=96&d=mm&r=g\",\"caption\":\"masella\"},\"url\":\"https:\/\/www.masella.com\/blog\/es\/author\/anna\/\"}]}<\/script>\n<!-- \/ Yoast SEO plugin. -->","yoast_head_json":{"title":"PROTECCI\u00d3N SOLAR - blog oficial de masella","robots":{"index":"index","follow":"follow","max-snippet":"max-snippet:-1","max-image-preview":"max-image-preview:large","max-video-preview":"max-video-preview:-1"},"canonical":"https:\/\/www.masella.com\/blog\/es\/proteccio-solar\/","og_locale":"es_ES","og_type":"article","og_title":"PROTECCI\u00d3N SOLAR - blog oficial de masella","og_description":"Durante\u00a0la primavera, cuando el sol va muy alto, es muy recomendable protegerse la piel con crema solar. La protecci\u00f3n se","og_url":"https:\/\/www.masella.com\/blog\/es\/proteccio-solar\/","og_site_name":"blog oficial de masella","article_published_time":"2016-03-30T14:47:30+00:00","article_modified_time":"2022-06-01T06:38:56+00:00","og_image":[{"width":800,"height":533,"url":"https:\/\/www.masella.com\/blog\/wp-content\/uploads\/2016\/03\/2016-03-30-SolGrocNit-e1459349230278.jpg","type":"image\/jpeg"}],"author":"masella","twitter_card":"summary_large_image","twitter_misc":{"Escrito por":"masella","Tiempo de lectura":"1 minuto"},"schema":{"@context":"https:\/\/schema.org","@graph":[{"@type":"Article","@id":"https:\/\/www.masella.com\/blog\/es\/proteccio-solar\/#article","isPartOf":{"@id":"https:\/\/www.masella.com\/blog\/es\/proteccio-solar\/"},"author":{"name":"masella","@id":"https:\/\/www.masella.com\/blog\/ca\/#\/schema\/person\/e32b971f5be20790c591d85b8f1c706b"},"headline":"PROTECCI\u00d3N SOLAR","datePublished":"2016-03-30T14:47:30+00:00","dateModified":"2022-06-01T06:38:56+00:00","mainEntityOfPage":{"@id":"https:\/\/www.masella.com\/blog\/es\/proteccio-solar\/"},"wordCount":219,"publisher":{"@id":"https:\/\/www.masella.com\/blog\/ca\/#organization"},"articleSection":["Actualidad","Actualitat","Meteo"],"inLanguage":"es"},{"@type":"WebPage","@id":"https:\/\/www.masella.com\/blog\/es\/proteccio-solar\/","url":"https:\/\/www.masella.com\/blog\/es\/proteccio-solar\/","name":"PROTECCI\u00d3N SOLAR - blog oficial de masella","isPartOf":{"@id":"https:\/\/www.masella.com\/blog\/ca\/#website"},"datePublished":"2016-03-30T14:47:30+00:00","dateModified":"2022-06-01T06:38:56+00:00","breadcrumb":{"@id":"https:\/\/www.masella.com\/blog\/es\/proteccio-solar\/#breadcrumb"},"inLanguage":"es","potentialAction":[{"@type":"ReadAction","target":["https:\/\/www.masella.com\/blog\/es\/proteccio-solar\/"]}]},{"@type":"BreadcrumbList","@id":"https:\/\/www.masella.com\/blog\/es\/proteccio-solar\/#breadcrumb","itemListElement":[{"@type":"ListItem","position":1,"name":"Portada","item":"https:\/\/www.masella.com\/blog\/ca\/"},{"@type":"ListItem","position":2,"name":"PROTECCI\u00d3N SOLAR"}]},{"@type":"WebSite","@id":"https:\/\/www.masella.com\/blog\/ca\/#website","url":"https:\/\/www.masella.com\/blog\/ca\/","name":"blog oficial de masella","description":"","publisher":{"@id":"https:\/\/www.masella.com\/blog\/ca\/#organization"},"potentialAction":[{"@type":"SearchAction","target":{"@type":"EntryPoint","urlTemplate":"https:\/\/www.masella.com\/blog\/ca\/?s={search_term_string}"},"query-input":"required name=search_term_string"}],"inLanguage":"es"},{"@type":"Organization","@id":"https:\/\/www.masella.com\/blog\/ca\/#organization","name":"blog oficial de masella","url":"https:\/\/www.masella.com\/blog\/ca\/","logo":{"@type":"ImageObject","inLanguage":"es","@id":"https:\/\/www.masella.com\/blog\/ca\/#\/schema\/logo\/image\/","url":"https:\/\/www.masella.com\/blog\/wp-content\/uploads\/2022\/12\/logo-masella-es-1.png","contentUrl":"https:\/\/www.masella.com\/blog\/wp-content\/uploads\/2022\/12\/logo-masella-es-1.png","width":150,"height":88,"caption":"blog oficial de masella"},"image":{"@id":"https:\/\/www.masella.com\/blog\/ca\/#\/schema\/logo\/image\/"}},{"@type":"Person","@id":"https:\/\/www.masella.com\/blog\/ca\/#\/schema\/person\/e32b971f5be20790c591d85b8f1c706b","name":"masella","image":{"@type":"ImageObject","inLanguage":"es","@id":"https:\/\/www.masella.com\/blog\/ca\/#\/schema\/person\/image\/","url":"https:\/\/secure.gravatar.com\/avatar\/57590b1151eaa410a783e55768bbbba2?s=96&d=mm&r=g","contentUrl":"https:\/\/secure.gravatar.com\/avatar\/57590b1151eaa410a783e55768bbbba2?s=96&d=mm&r=g","caption":"masella"},"url":"https:\/\/www.masella.com\/blog\/es\/author\/anna\/"}]}},"_links":{"self":[{"href":"https:\/\/www.masella.com\/blog\/es\/wp-json\/wp\/v2\/posts\/816"}],"collection":[{"href":"https:\/\/www.masella.com\/blog\/es\/wp-json\/wp\/v2\/posts"}],"about":[{"href":"https:\/\/www.masella.com\/blog\/es\/wp-json\/wp\/v2\/types\/post"}],"author":[{"embeddable":true,"href":"https:\/\/www.masella.com\/blog\/es\/wp-json\/wp\/v2\/users\/4"}],"replies":[{"embeddable":true,"href":"https:\/\/www.masella.com\/blog\/es\/wp-json\/wp\/v2\/comments?post=816"}],"version-history":[{"count":4,"href":"https:\/\/www.masella.com\/blog\/es\/wp-json\/wp\/v2\/posts\/816\/revisions"}],"predecessor-version":[{"id":5689,"href":"https:\/\/www.masella.com\/blog\/es\/wp-json\/wp\/v2\/posts\/816\/revisions\/5689"}],"wp:featuredmedia":[{"embeddable":true,"href":"https:\/\/www.masella.com\/blog\/es\/wp-json\/wp\/v2\/media\/811"}],"wp:attachment":[{"href":"https:\/\/www.masella.com\/blog\/es\/wp-json\/wp\/v2\/media?parent=816"}],"wp:term":[{"taxonomy":"category","embeddable":true,"href":"https:\/\/www.masella.com\/blog\/es\/wp-json\/wp\/v2\/categories?post=816"},{"taxonomy":"post_tag","embeddable":true,"href":"https:\/\/www.masella.com\/blog\/es\/wp-json\/wp\/v2\/tags?post=816"}],"curies":[{"name":"wp","href":"https:\/\/api.w.org\/{rel}","templated":true}]}}