{"id":845,"date":"2017-03-31T12:32:48","date_gmt":"2017-03-31T12:32:48","guid":{"rendered":"http:\/\/www.masella.com\/blog\/es\/abonament-de-fo-de-temporada\/"},"modified":"2022-06-01T06:35:41","modified_gmt":"2022-06-01T06:35:41","slug":"abonament-de-fi-de-temporada-2","status":"publish","type":"post","link":"https:\/\/www.masella.com\/blog\/es\/abonament-de-fi-de-temporada-2\/","title":{"rendered":"ABONO DE FIN DE TEMPORADA"},"content":{"rendered":"<p style=\"text-align: justify;\">Desde el uno de abril ya pod\u00e9is adquirir el <strong><a href=\"http:\/\/www.masella.com\/ca\/abonaments\">abono de fin de temporada<\/a><\/strong> que os permite esquiar todos los d\u00edas que faltan de la temporada 2016-17. Por solo <strong>140 euros<\/strong>\u00a0pod\u00e9is obtener estos abonos que\u00a0<strong>se amortizan con solo 2 d\u00edas de esqu\u00ed<\/strong>\u00a0y que os permitir\u00e1 disfrutar de Masella todos los d\u00edas ininterrumpidamente hasta entrado el mes de abril.<\/p>\n<p style=\"text-align: justify;\">Con este abono os descontamos 70 \u20ac del abono de temporada del invierno 2017-18 y, adem\u00e1s, os mantenemos las tarifas de los abonos de la temporada 2015-16. Y, finalmente, con este abono os entregaremos un talonario de invitaciones para esquiar en m\u00e1s de\u00a0<a href=\"http:\/\/www.masella.com\/ca\/paginas\/fortets-de-regal\"><strong>60 estacione<\/strong><strong>s de todo<\/strong><strong> el mundo<\/strong><\/a>.<\/p>\n<p style=\"text-align: justify;\">Pod\u00e9is tramitar el forfait en Oficinas de Atenci\u00f3n al Esquiador o online en www.masella.com<\/p>\n<p style=\"text-align: justify;\">\u00a0<a href=\"http:\/\/www.masella.com\/blog\/wp-content\/uploads\/2017\/03\/001FD-7.jpg\"><img loading=\"lazy\" decoding=\"async\" class=\"alignnone wp-image-2302 size-large\" src=\"http:\/\/www.masella.com\/blog\/wp-content\/uploads\/2017\/03\/001FD-7-1024x768.jpg\" width=\"800\" height=\"600\" srcset=\"https:\/\/www.masella.com\/blog\/wp-content\/uploads\/2017\/03\/001FD-7-1024x768.jpg 1024w, https:\/\/www.masella.com\/blog\/wp-content\/uploads\/2017\/03\/001FD-7-300x225.jpg 300w, https:\/\/www.masella.com\/blog\/wp-content\/uploads\/2017\/03\/001FD-7-768x576.jpg 768w, https:\/\/www.masella.com\/blog\/wp-content\/uploads\/2017\/03\/001FD-7.jpg 1200w\" sizes=\"(max-width: 800px) 100vw, 800px\" \/><\/a><\/p>\n<p>Os recordamos\u00a0tambi\u00e9n que Masella es la estaci\u00f3n ideal para disfrutar del esqu\u00ed de primavera y que, si las condiciones de nieve lo permiten, permanecer\u00e1 abierta hasta que acabe el mes de abril.<\/p>\n<p>Ahora mismo est\u00e1 el 100% del desnivel esquiable abierto, desde la Tosa (2535 m) hasta el Pla de Masella (1600 m). La zona de Debutantes de Pla de Masella permanecer\u00e1 abierta con los remontes Pastors, Pastorets y la Cinta. El telesqu\u00ed Debutants del Pla de Masella y el telecuerda ya han cerrado por fin de temporada. El Jard\u00edn de nieve tambi\u00e9n ha finalizado ya la temporada pero los fines de semana y festivos continuar\u00e1 abierta la caseta del ni\u00f1os, para peque\u00f1os de 18 meses a 4 a\u00f1os.\u00a0En Coma Oriola, el telesqu\u00ed de Debutantes seguir\u00e1 abierto durante los fines de semana.<\/p>\n<p><img loading=\"lazy\" decoding=\"async\" class=\"alignnone size-full wp-image-2306\" src=\"http:\/\/www.masella.com\/blog\/wp-content\/uploads\/2017\/03\/jardi.jpg\" alt=\"\" width=\"800\" height=\"450\" srcset=\"https:\/\/www.masella.com\/blog\/wp-content\/uploads\/2017\/03\/jardi.jpg 800w, https:\/\/www.masella.com\/blog\/wp-content\/uploads\/2017\/03\/jardi-300x169.jpg 300w, https:\/\/www.masella.com\/blog\/wp-content\/uploads\/2017\/03\/jardi-768x432.jpg 768w\" sizes=\"(max-width: 800px) 100vw, 800px\" \/><\/p>\n","protected":false},"excerpt":{"rendered":"<p>Desde el uno de abril ya pod\u00e9is adquirir el abono de fin de temporada que os permite esquiar todos los<\/p>\n","protected":false},"author":4,"featured_media":2305,"comment_status":"closed","ping_status":"open","sticky":false,"template":"","format":"standard","meta":{"footnotes":""},"categories":[20,28,19],"tags":[],"yoast_head":"<!-- This site is optimized with the Yoast SEO plugin v21.5 - https:\/\/yoast.com\/wordpress\/plugins\/seo\/ -->\n<title>ABONO DE FIN DE TEMPORADA - blog oficial de masella<\/title>\n<meta name=\"robots\" content=\"index, follow, max-snippet:-1, max-image-preview:large, max-video-preview:-1\" \/>\n<link rel=\"canonical\" href=\"https:\/\/www.masella.com\/blog\/es\/abonament-de-fi-de-temporada-2\/\" \/>\n<meta property=\"og:locale\" content=\"es_ES\" \/>\n<meta property=\"og:type\" content=\"article\" \/>\n<meta property=\"og:title\" content=\"ABONO DE FIN DE TEMPORADA - blog oficial de masella\" \/>\n<meta property=\"og:description\" content=\"Desde el uno de abril ya pod\u00e9is adquirir el abono de fin de temporada que os permite esquiar todos los\" \/>\n<meta property=\"og:url\" content=\"https:\/\/www.masella.com\/blog\/es\/abonament-de-fi-de-temporada-2\/\" \/>\n<meta property=\"og:site_name\" content=\"blog oficial de masella\" \/>\n<meta property=\"article:published_time\" content=\"2017-03-31T12:32:48+00:00\" \/>\n<meta property=\"article:modified_time\" content=\"2022-06-01T06:35:41+00:00\" \/>\n<meta property=\"og:image\" content=\"https:\/\/www.masella.com\/blog\/wp-content\/uploads\/2017\/03\/fitempo.jpg\" \/>\n\t<meta property=\"og:image:width\" content=\"800\" \/>\n\t<meta property=\"og:image:height\" content=\"450\" \/>\n\t<meta property=\"og:image:type\" content=\"image\/jpeg\" \/>\n<meta name=\"author\" content=\"masella\" \/>\n<meta name=\"twitter:card\" content=\"summary_large_image\" \/>\n<meta name=\"twitter:label1\" content=\"Escrito por\" \/>\n\t<meta name=\"twitter:data1\" content=\"masella\" \/>\n\t<meta name=\"twitter:label2\" content=\"Tiempo de lectura\" \/>\n\t<meta name=\"twitter:data2\" content=\"1 minuto\" \/>\n<script type=\"application\/ld+json\" class=\"yoast-schema-graph\">{\"@context\":\"https:\/\/schema.org\",\"@graph\":[{\"@type\":\"Article\",\"@id\":\"https:\/\/www.masella.com\/blog\/es\/abonament-de-fi-de-temporada-2\/#article\",\"isPartOf\":{\"@id\":\"https:\/\/www.masella.com\/blog\/es\/abonament-de-fi-de-temporada-2\/\"},\"author\":{\"name\":\"masella\",\"@id\":\"https:\/\/www.masella.com\/blog\/ca\/#\/schema\/person\/e32b971f5be20790c591d85b8f1c706b\"},\"headline\":\"ABONO DE FIN DE TEMPORADA\",\"datePublished\":\"2017-03-31T12:32:48+00:00\",\"dateModified\":\"2022-06-01T06:35:41+00:00\",\"mainEntityOfPage\":{\"@id\":\"https:\/\/www.masella.com\/blog\/es\/abonament-de-fi-de-temporada-2\/\"},\"wordCount\":272,\"publisher\":{\"@id\":\"https:\/\/www.masella.com\/blog\/ca\/#organization\"},\"articleSection\":[\"Actualidad\",\"Actualitat\",\"Ofertas\"],\"inLanguage\":\"es\"},{\"@type\":\"WebPage\",\"@id\":\"https:\/\/www.masella.com\/blog\/es\/abonament-de-fi-de-temporada-2\/\",\"url\":\"https:\/\/www.masella.com\/blog\/es\/abonament-de-fi-de-temporada-2\/\",\"name\":\"ABONO DE FIN DE TEMPORADA - blog oficial de masella\",\"isPartOf\":{\"@id\":\"https:\/\/www.masella.com\/blog\/ca\/#website\"},\"datePublished\":\"2017-03-31T12:32:48+00:00\",\"dateModified\":\"2022-06-01T06:35:41+00:00\",\"breadcrumb\":{\"@id\":\"https:\/\/www.masella.com\/blog\/es\/abonament-de-fi-de-temporada-2\/#breadcrumb\"},\"inLanguage\":\"es\",\"potentialAction\":[{\"@type\":\"ReadAction\",\"target\":[\"https:\/\/www.masella.com\/blog\/es\/abonament-de-fi-de-temporada-2\/\"]}]},{\"@type\":\"BreadcrumbList\",\"@id\":\"https:\/\/www.masella.com\/blog\/es\/abonament-de-fi-de-temporada-2\/#breadcrumb\",\"itemListElement\":[{\"@type\":\"ListItem\",\"position\":1,\"name\":\"Portada\",\"item\":\"https:\/\/www.masella.com\/blog\/ca\/\"},{\"@type\":\"ListItem\",\"position\":2,\"name\":\"ABONO DE FIN DE TEMPORADA\"}]},{\"@type\":\"WebSite\",\"@id\":\"https:\/\/www.masella.com\/blog\/ca\/#website\",\"url\":\"https:\/\/www.masella.com\/blog\/ca\/\",\"name\":\"blog oficial de masella\",\"description\":\"\",\"publisher\":{\"@id\":\"https:\/\/www.masella.com\/blog\/ca\/#organization\"},\"potentialAction\":[{\"@type\":\"SearchAction\",\"target\":{\"@type\":\"EntryPoint\",\"urlTemplate\":\"https:\/\/www.masella.com\/blog\/ca\/?s={search_term_string}\"},\"query-input\":\"required name=search_term_string\"}],\"inLanguage\":\"es\"},{\"@type\":\"Organization\",\"@id\":\"https:\/\/www.masella.com\/blog\/ca\/#organization\",\"name\":\"blog oficial de masella\",\"url\":\"https:\/\/www.masella.com\/blog\/ca\/\",\"logo\":{\"@type\":\"ImageObject\",\"inLanguage\":\"es\",\"@id\":\"https:\/\/www.masella.com\/blog\/ca\/#\/schema\/logo\/image\/\",\"url\":\"https:\/\/www.masella.com\/blog\/wp-content\/uploads\/2022\/12\/logo-masella-es-1.png\",\"contentUrl\":\"https:\/\/www.masella.com\/blog\/wp-content\/uploads\/2022\/12\/logo-masella-es-1.png\",\"width\":150,\"height\":88,\"caption\":\"blog oficial de masella\"},\"image\":{\"@id\":\"https:\/\/www.masella.com\/blog\/ca\/#\/schema\/logo\/image\/\"}},{\"@type\":\"Person\",\"@id\":\"https:\/\/www.masella.com\/blog\/ca\/#\/schema\/person\/e32b971f5be20790c591d85b8f1c706b\",\"name\":\"masella\",\"image\":{\"@type\":\"ImageObject\",\"inLanguage\":\"es\",\"@id\":\"https:\/\/www.masella.com\/blog\/ca\/#\/schema\/person\/image\/\",\"url\":\"https:\/\/secure.gravatar.com\/avatar\/57590b1151eaa410a783e55768bbbba2?s=96&d=mm&r=g\",\"contentUrl\":\"https:\/\/secure.gravatar.com\/avatar\/57590b1151eaa410a783e55768bbbba2?s=96&d=mm&r=g\",\"caption\":\"masella\"},\"url\":\"https:\/\/www.masella.com\/blog\/es\/author\/anna\/\"}]}<\/script>\n<!-- \/ Yoast SEO plugin. -->","yoast_head_json":{"title":"ABONO DE FIN DE TEMPORADA - blog oficial de masella","robots":{"index":"index","follow":"follow","max-snippet":"max-snippet:-1","max-image-preview":"max-image-preview:large","max-video-preview":"max-video-preview:-1"},"canonical":"https:\/\/www.masella.com\/blog\/es\/abonament-de-fi-de-temporada-2\/","og_locale":"es_ES","og_type":"article","og_title":"ABONO DE FIN DE TEMPORADA - blog oficial de masella","og_description":"Desde el uno de abril ya pod\u00e9is adquirir el abono de fin de temporada que os permite esquiar todos los","og_url":"https:\/\/www.masella.com\/blog\/es\/abonament-de-fi-de-temporada-2\/","og_site_name":"blog oficial de masella","article_published_time":"2017-03-31T12:32:48+00:00","article_modified_time":"2022-06-01T06:35:41+00:00","og_image":[{"width":800,"height":450,"url":"https:\/\/www.masella.com\/blog\/wp-content\/uploads\/2017\/03\/fitempo.jpg","type":"image\/jpeg"}],"author":"masella","twitter_card":"summary_large_image","twitter_misc":{"Escrito por":"masella","Tiempo de lectura":"1 minuto"},"schema":{"@context":"https:\/\/schema.org","@graph":[{"@type":"Article","@id":"https:\/\/www.masella.com\/blog\/es\/abonament-de-fi-de-temporada-2\/#article","isPartOf":{"@id":"https:\/\/www.masella.com\/blog\/es\/abonament-de-fi-de-temporada-2\/"},"author":{"name":"masella","@id":"https:\/\/www.masella.com\/blog\/ca\/#\/schema\/person\/e32b971f5be20790c591d85b8f1c706b"},"headline":"ABONO DE FIN DE TEMPORADA","datePublished":"2017-03-31T12:32:48+00:00","dateModified":"2022-06-01T06:35:41+00:00","mainEntityOfPage":{"@id":"https:\/\/www.masella.com\/blog\/es\/abonament-de-fi-de-temporada-2\/"},"wordCount":272,"publisher":{"@id":"https:\/\/www.masella.com\/blog\/ca\/#organization"},"articleSection":["Actualidad","Actualitat","Ofertas"],"inLanguage":"es"},{"@type":"WebPage","@id":"https:\/\/www.masella.com\/blog\/es\/abonament-de-fi-de-temporada-2\/","url":"https:\/\/www.masella.com\/blog\/es\/abonament-de-fi-de-temporada-2\/","name":"ABONO DE FIN DE TEMPORADA - blog oficial de masella","isPartOf":{"@id":"https:\/\/www.masella.com\/blog\/ca\/#website"},"datePublished":"2017-03-31T12:32:48+00:00","dateModified":"2022-06-01T06:35:41+00:00","breadcrumb":{"@id":"https:\/\/www.masella.com\/blog\/es\/abonament-de-fi-de-temporada-2\/#breadcrumb"},"inLanguage":"es","potentialAction":[{"@type":"ReadAction","target":["https:\/\/www.masella.com\/blog\/es\/abonament-de-fi-de-temporada-2\/"]}]},{"@type":"BreadcrumbList","@id":"https:\/\/www.masella.com\/blog\/es\/abonament-de-fi-de-temporada-2\/#breadcrumb","itemListElement":[{"@type":"ListItem","position":1,"name":"Portada","item":"https:\/\/www.masella.com\/blog\/ca\/"},{"@type":"ListItem","position":2,"name":"ABONO DE FIN DE TEMPORADA"}]},{"@type":"WebSite","@id":"https:\/\/www.masella.com\/blog\/ca\/#website","url":"https:\/\/www.masella.com\/blog\/ca\/","name":"blog oficial de masella","description":"","publisher":{"@id":"https:\/\/www.masella.com\/blog\/ca\/#organization"},"potentialAction":[{"@type":"SearchAction","target":{"@type":"EntryPoint","urlTemplate":"https:\/\/www.masella.com\/blog\/ca\/?s={search_term_string}"},"query-input":"required name=search_term_string"}],"inLanguage":"es"},{"@type":"Organization","@id":"https:\/\/www.masella.com\/blog\/ca\/#organization","name":"blog oficial de masella","url":"https:\/\/www.masella.com\/blog\/ca\/","logo":{"@type":"ImageObject","inLanguage":"es","@id":"https:\/\/www.masella.com\/blog\/ca\/#\/schema\/logo\/image\/","url":"https:\/\/www.masella.com\/blog\/wp-content\/uploads\/2022\/12\/logo-masella-es-1.png","contentUrl":"https:\/\/www.masella.com\/blog\/wp-content\/uploads\/2022\/12\/logo-masella-es-1.png","width":150,"height":88,"caption":"blog oficial de masella"},"image":{"@id":"https:\/\/www.masella.com\/blog\/ca\/#\/schema\/logo\/image\/"}},{"@type":"Person","@id":"https:\/\/www.masella.com\/blog\/ca\/#\/schema\/person\/e32b971f5be20790c591d85b8f1c706b","name":"masella","image":{"@type":"ImageObject","inLanguage":"es","@id":"https:\/\/www.masella.com\/blog\/ca\/#\/schema\/person\/image\/","url":"https:\/\/secure.gravatar.com\/avatar\/57590b1151eaa410a783e55768bbbba2?s=96&d=mm&r=g","contentUrl":"https:\/\/secure.gravatar.com\/avatar\/57590b1151eaa410a783e55768bbbba2?s=96&d=mm&r=g","caption":"masella"},"url":"https:\/\/www.masella.com\/blog\/es\/author\/anna\/"}]}},"_links":{"self":[{"href":"https:\/\/www.masella.com\/blog\/es\/wp-json\/wp\/v2\/posts\/845"}],"collection":[{"href":"https:\/\/www.masella.com\/blog\/es\/wp-json\/wp\/v2\/posts"}],"about":[{"href":"https:\/\/www.masella.com\/blog\/es\/wp-json\/wp\/v2\/types\/post"}],"author":[{"embeddable":true,"href":"https:\/\/www.masella.com\/blog\/es\/wp-json\/wp\/v2\/users\/4"}],"replies":[{"embeddable":true,"href":"https:\/\/www.masella.com\/blog\/es\/wp-json\/wp\/v2\/comments?post=845"}],"version-history":[{"count":5,"href":"https:\/\/www.masella.com\/blog\/es\/wp-json\/wp\/v2\/posts\/845\/revisions"}],"predecessor-version":[{"id":2310,"href":"https:\/\/www.masella.com\/blog\/es\/wp-json\/wp\/v2\/posts\/845\/revisions\/2310"}],"wp:featuredmedia":[{"embeddable":true,"href":"https:\/\/www.masella.com\/blog\/es\/wp-json\/wp\/v2\/media\/2305"}],"wp:attachment":[{"href":"https:\/\/www.masella.com\/blog\/es\/wp-json\/wp\/v2\/media?parent=845"}],"wp:term":[{"taxonomy":"category","embeddable":true,"href":"https:\/\/www.masella.com\/blog\/es\/wp-json\/wp\/v2\/categories?post=845"},{"taxonomy":"post_tag","embeddable":true,"href":"https:\/\/www.masella.com\/blog\/es\/wp-json\/wp\/v2\/tags?post=845"}],"curies":[{"name":"wp","href":"https:\/\/api.w.org\/{rel}","templated":true}]}}