{"id":8636,"date":"2023-02-28T11:32:59","date_gmt":"2023-02-28T11:32:59","guid":{"rendered":"https:\/\/www.masella.com\/blog\/?p=8636"},"modified":"2023-02-28T11:36:04","modified_gmt":"2023-02-28T11:36:04","slug":"fin-de-semana-excelente-gracias-al-regreso-del-invierno","status":"publish","type":"post","link":"https:\/\/www.masella.com\/blog\/es\/fin-de-semana-excelente-gracias-al-regreso-del-invierno\/","title":{"rendered":"FIN DE SEMANA EXCELENTE GRACIAS AL REGRESO DEL INVIERNO"},"content":{"rendered":"<p>Las nevadas del pasado jueves, viernes y s\u00e1bado, con una cota de nieve que baj\u00f3 progresivamente de 1800m hasta el valle, y <strong><u>el frio invernal ha permitido que los esquiadores hayan disfrutado de un excelente fin de semana<\/u><\/strong>. Y, indudablemente seg\u00fan las previsiones del tiempo, tenemos unas perspectivas de inicio de marzo inmejorables, en el que el fr\u00edo ser\u00e1 la t\u00f3nica durante toda esta primera semana de este nuevo mes.<\/p>\n<p>&nbsp;<\/p>\n<p>Adem\u00e1s, con nieve de <strong><u>calidad<\/u><\/strong> que se ve favorecida por las bajas temperaturas y el ambiente seco que la mantiene polvo en todo el dominio y con un tiempo marcado por el fr\u00edo y el sol, que ha sido especialmente protagonista durante este domingo. <strong><u>Los esquiadores que el s\u00e1bado noche disfrutaron del esqu\u00ed nocturno tambi\u00e9n tuvieron optimas condiciones<\/u><\/strong> y se vieron sorprendidos por una nevada persistente, entre d\u00e9bil y moderada, que han hecho la noche a\u00fan m\u00e1s m\u00e1gica.<\/p>\n<p>&nbsp;<\/p>\n<p>El buen estado de pistas tambi\u00e9n ha permitido que se pudiera <strong><u>disfrutar con plenitud de todas las negras del sector dels Isards \u2013 El Tub,<\/u><\/strong> pistas que han hecho disfrutar a los esquiadores expertos.<\/p>\n<p>&nbsp;<\/p>\n<p><strong><u>Tenemos abierto el 100% del desnivel esquiable<\/u><\/strong>, con 935 m de desnivel, con una bajada continua des de la cima de la Tosa \u2013 2535 m hasta el Pla de Masella- 1600 m. A m\u00e1s, tenemos <strong><u>todas las bases de la estaci\u00f3n abiertas<\/u><\/strong>, es decir La Pia-1700m, el Pla de Masella-1600m y Coma Oriola- 1950m.<\/p>\n<p>&nbsp;<\/p>\n<p>La previsi\u00f3n para esta semana es:<\/p>\n<ul>\n<li><strong>Pistas:<\/strong> <strong><u>64 pistas<\/u><\/strong> que suman <strong><u>68 km esquiables<\/u><\/strong><\/li>\n<li><strong>Sectores:<\/strong> <strong><u>9 sectores abiertos<\/u><\/strong> (Pla de Masella, Bosc d\u2019Alp, Cap del Bosc, Coma Oriola, Coma Pregona, La Pleta, La Pia, Dues Estacions, la Tosa y Isards &#8211; el Tub)<\/li>\n<li><strong>Remontes:<\/strong> <strong><u>14 abiertos<\/u><\/strong>, entre los cuales los \u00a05 telesillas de l\u2019estaci\u00f3n Coma Oriola, Jumbo Tosa, Masella Jet, La Pia Express y TGV<\/li>\n<li><strong>Acceso en pistas:<\/strong> Por <strong><u>Coma Oriola<\/u><\/strong>, <strong><u>la Pia<\/u><\/strong> y <strong><u>Pla de Masella<\/u><\/strong><\/li>\n<li><strong>Espesores:<\/strong> <strong><u>45 a 85 cm<\/u><\/strong> de calidad polvo<\/li>\n<li><strong>Connexi\u00f3n Alp 2500<\/strong>, per enlazar Masella + La Molina \u00e9sta <strong><u>abierta al p\u00fablico \u00a0<\/u><\/strong><\/li>\n<\/ul>\n<p>&nbsp;<\/p>\n<p><a href=\"https:\/\/www.masella.com\/blog\/wp-content\/uploads\/2023\/02\/foto-1024x683.jpg\"><img loading=\"lazy\" decoding=\"async\" class=\"size-large wp-image-8638 aligncenter\" src=\"https:\/\/www.masella.com\/blog\/wp-content\/uploads\/2023\/02\/foto-1024x683.jpg\" alt=\"\" width=\"800\" height=\"534\" srcset=\"https:\/\/www.masella.com\/blog\/wp-content\/uploads\/2023\/02\/foto-1024x683.jpg 1024w, https:\/\/www.masella.com\/blog\/wp-content\/uploads\/2023\/02\/foto-300x200.jpg 300w, https:\/\/www.masella.com\/blog\/wp-content\/uploads\/2023\/02\/foto-768x512.jpg 768w, https:\/\/www.masella.com\/blog\/wp-content\/uploads\/2023\/02\/foto-1536x1024.jpg 1536w, https:\/\/www.masella.com\/blog\/wp-content\/uploads\/2023\/02\/foto.jpg 1800w\" sizes=\"(max-width: 800px) 100vw, 800px\" \/><\/a> <a href=\"https:\/\/www.masella.com\/blog\/wp-content\/uploads\/2023\/02\/foto-tosa-1024x767.jpg\"><img loading=\"lazy\" decoding=\"async\" class=\"size-large wp-image-8642 aligncenter\" src=\"https:\/\/www.masella.com\/blog\/wp-content\/uploads\/2023\/02\/foto-tosa-1024x767.jpg\" alt=\"\" width=\"800\" height=\"599\" srcset=\"https:\/\/www.masella.com\/blog\/wp-content\/uploads\/2023\/02\/foto-tosa-1024x767.jpg 1024w, https:\/\/www.masella.com\/blog\/wp-content\/uploads\/2023\/02\/foto-tosa-300x225.jpg 300w, https:\/\/www.masella.com\/blog\/wp-content\/uploads\/2023\/02\/foto-tosa-768x576.jpg 768w, https:\/\/www.masella.com\/blog\/wp-content\/uploads\/2023\/02\/foto-tosa-1536x1151.jpg 1536w, https:\/\/www.masella.com\/blog\/wp-content\/uploads\/2023\/02\/foto-tosa.jpg 1800w\" sizes=\"(max-width: 800px) 100vw, 800px\" \/><\/a> <a href=\"https:\/\/www.masella.com\/blog\/wp-content\/uploads\/2023\/02\/familiar-1024x683.jpg\"><img loading=\"lazy\" decoding=\"async\" class=\"size-large wp-image-8646 aligncenter\" src=\"https:\/\/www.masella.com\/blog\/wp-content\/uploads\/2023\/02\/familiar-1024x683.jpg\" alt=\"\" width=\"800\" height=\"534\" srcset=\"https:\/\/www.masella.com\/blog\/wp-content\/uploads\/2023\/02\/familiar-1024x683.jpg 1024w, https:\/\/www.masella.com\/blog\/wp-content\/uploads\/2023\/02\/familiar-300x200.jpg 300w, https:\/\/www.masella.com\/blog\/wp-content\/uploads\/2023\/02\/familiar-768x512.jpg 768w, https:\/\/www.masella.com\/blog\/wp-content\/uploads\/2023\/02\/familiar-1536x1024.jpg 1536w, https:\/\/www.masella.com\/blog\/wp-content\/uploads\/2023\/02\/familiar.jpg 1800w\" sizes=\"(max-width: 800px) 100vw, 800px\" \/><\/a><\/p>\n","protected":false},"excerpt":{"rendered":"<p>Las nevadas del pasado jueves, viernes y s\u00e1bado, con una cota de nieve que baj\u00f3 progresivamente de 1800m hasta el<\/p>\n","protected":false},"author":4,"featured_media":8634,"comment_status":"open","ping_status":"open","sticky":false,"template":"","format":"standard","meta":{"footnotes":""},"categories":[1],"tags":[],"yoast_head":"<!-- This site is optimized with the Yoast SEO plugin v21.5 - https:\/\/yoast.com\/wordpress\/plugins\/seo\/ -->\n<title>FIN DE SEMANA EXCELENTE GRACIAS AL REGRESO DEL INVIERNO - blog oficial de masella<\/title>\n<meta name=\"robots\" content=\"index, follow, max-snippet:-1, max-image-preview:large, max-video-preview:-1\" \/>\n<link rel=\"canonical\" href=\"https:\/\/www.masella.com\/blog\/es\/fin-de-semana-excelente-gracias-al-regreso-del-invierno\/\" \/>\n<meta property=\"og:locale\" content=\"es_ES\" \/>\n<meta property=\"og:type\" content=\"article\" \/>\n<meta property=\"og:title\" content=\"FIN DE SEMANA EXCELENTE GRACIAS AL REGRESO DEL INVIERNO - blog oficial de masella\" \/>\n<meta property=\"og:description\" content=\"Las nevadas del pasado jueves, viernes y s\u00e1bado, con una cota de nieve que baj\u00f3 progresivamente de 1800m hasta el\" \/>\n<meta property=\"og:url\" content=\"https:\/\/www.masella.com\/blog\/es\/fin-de-semana-excelente-gracias-al-regreso-del-invierno\/\" \/>\n<meta property=\"og:site_name\" content=\"blog oficial de masella\" \/>\n<meta property=\"article:published_time\" content=\"2023-02-28T11:32:59+00:00\" \/>\n<meta property=\"article:modified_time\" content=\"2023-02-28T11:36:04+00:00\" \/>\n<meta property=\"og:image\" content=\"https:\/\/www.masella.com\/blog\/wp-content\/uploads\/2023\/02\/foto-destacada.jpg\" \/>\n\t<meta property=\"og:image:width\" content=\"1800\" \/>\n\t<meta property=\"og:image:height\" content=\"1349\" \/>\n\t<meta property=\"og:image:type\" content=\"image\/jpeg\" \/>\n<meta name=\"author\" content=\"masella\" \/>\n<meta name=\"twitter:card\" content=\"summary_large_image\" \/>\n<meta name=\"twitter:label1\" content=\"Escrito por\" \/>\n\t<meta name=\"twitter:data1\" content=\"masella\" \/>\n\t<meta name=\"twitter:label2\" content=\"Tiempo de lectura\" \/>\n\t<meta name=\"twitter:data2\" content=\"3 minutos\" \/>\n<script type=\"application\/ld+json\" class=\"yoast-schema-graph\">{\"@context\":\"https:\/\/schema.org\",\"@graph\":[{\"@type\":\"Article\",\"@id\":\"https:\/\/www.masella.com\/blog\/es\/fin-de-semana-excelente-gracias-al-regreso-del-invierno\/#article\",\"isPartOf\":{\"@id\":\"https:\/\/www.masella.com\/blog\/es\/fin-de-semana-excelente-gracias-al-regreso-del-invierno\/\"},\"author\":{\"name\":\"masella\",\"@id\":\"https:\/\/www.masella.com\/blog\/ca\/#\/schema\/person\/e32b971f5be20790c591d85b8f1c706b\"},\"headline\":\"FIN DE SEMANA EXCELENTE GRACIAS AL REGRESO DEL INVIERNO\",\"datePublished\":\"2023-02-28T11:32:59+00:00\",\"dateModified\":\"2023-02-28T11:36:04+00:00\",\"mainEntityOfPage\":{\"@id\":\"https:\/\/www.masella.com\/blog\/es\/fin-de-semana-excelente-gracias-al-regreso-del-invierno\/\"},\"wordCount\":357,\"commentCount\":0,\"publisher\":{\"@id\":\"https:\/\/www.masella.com\/blog\/ca\/#organization\"},\"inLanguage\":\"es\",\"potentialAction\":[{\"@type\":\"CommentAction\",\"name\":\"Comment\",\"target\":[\"https:\/\/www.masella.com\/blog\/es\/fin-de-semana-excelente-gracias-al-regreso-del-invierno\/#respond\"]}]},{\"@type\":\"WebPage\",\"@id\":\"https:\/\/www.masella.com\/blog\/es\/fin-de-semana-excelente-gracias-al-regreso-del-invierno\/\",\"url\":\"https:\/\/www.masella.com\/blog\/es\/fin-de-semana-excelente-gracias-al-regreso-del-invierno\/\",\"name\":\"FIN DE SEMANA EXCELENTE GRACIAS AL REGRESO DEL INVIERNO - blog oficial de masella\",\"isPartOf\":{\"@id\":\"https:\/\/www.masella.com\/blog\/ca\/#website\"},\"datePublished\":\"2023-02-28T11:32:59+00:00\",\"dateModified\":\"2023-02-28T11:36:04+00:00\",\"breadcrumb\":{\"@id\":\"https:\/\/www.masella.com\/blog\/es\/fin-de-semana-excelente-gracias-al-regreso-del-invierno\/#breadcrumb\"},\"inLanguage\":\"es\",\"potentialAction\":[{\"@type\":\"ReadAction\",\"target\":[\"https:\/\/www.masella.com\/blog\/es\/fin-de-semana-excelente-gracias-al-regreso-del-invierno\/\"]}]},{\"@type\":\"BreadcrumbList\",\"@id\":\"https:\/\/www.masella.com\/blog\/es\/fin-de-semana-excelente-gracias-al-regreso-del-invierno\/#breadcrumb\",\"itemListElement\":[{\"@type\":\"ListItem\",\"position\":1,\"name\":\"Portada\",\"item\":\"https:\/\/www.masella.com\/blog\/ca\/\"},{\"@type\":\"ListItem\",\"position\":2,\"name\":\"FIN DE SEMANA EXCELENTE GRACIAS AL REGRESO DEL INVIERNO\"}]},{\"@type\":\"WebSite\",\"@id\":\"https:\/\/www.masella.com\/blog\/ca\/#website\",\"url\":\"https:\/\/www.masella.com\/blog\/ca\/\",\"name\":\"blog oficial de masella\",\"description\":\"\",\"publisher\":{\"@id\":\"https:\/\/www.masella.com\/blog\/ca\/#organization\"},\"potentialAction\":[{\"@type\":\"SearchAction\",\"target\":{\"@type\":\"EntryPoint\",\"urlTemplate\":\"https:\/\/www.masella.com\/blog\/ca\/?s={search_term_string}\"},\"query-input\":\"required name=search_term_string\"}],\"inLanguage\":\"es\"},{\"@type\":\"Organization\",\"@id\":\"https:\/\/www.masella.com\/blog\/ca\/#organization\",\"name\":\"blog oficial de masella\",\"url\":\"https:\/\/www.masella.com\/blog\/ca\/\",\"logo\":{\"@type\":\"ImageObject\",\"inLanguage\":\"es\",\"@id\":\"https:\/\/www.masella.com\/blog\/ca\/#\/schema\/logo\/image\/\",\"url\":\"https:\/\/www.masella.com\/blog\/wp-content\/uploads\/2022\/12\/logo-masella-es-1.png\",\"contentUrl\":\"https:\/\/www.masella.com\/blog\/wp-content\/uploads\/2022\/12\/logo-masella-es-1.png\",\"width\":150,\"height\":88,\"caption\":\"blog oficial de masella\"},\"image\":{\"@id\":\"https:\/\/www.masella.com\/blog\/ca\/#\/schema\/logo\/image\/\"}},{\"@type\":\"Person\",\"@id\":\"https:\/\/www.masella.com\/blog\/ca\/#\/schema\/person\/e32b971f5be20790c591d85b8f1c706b\",\"name\":\"masella\",\"image\":{\"@type\":\"ImageObject\",\"inLanguage\":\"es\",\"@id\":\"https:\/\/www.masella.com\/blog\/ca\/#\/schema\/person\/image\/\",\"url\":\"https:\/\/secure.gravatar.com\/avatar\/57590b1151eaa410a783e55768bbbba2?s=96&d=mm&r=g\",\"contentUrl\":\"https:\/\/secure.gravatar.com\/avatar\/57590b1151eaa410a783e55768bbbba2?s=96&d=mm&r=g\",\"caption\":\"masella\"},\"url\":\"https:\/\/www.masella.com\/blog\/es\/author\/anna\/\"}]}<\/script>\n<!-- \/ Yoast SEO plugin. -->","yoast_head_json":{"title":"FIN DE SEMANA EXCELENTE GRACIAS AL REGRESO DEL INVIERNO - blog oficial de masella","robots":{"index":"index","follow":"follow","max-snippet":"max-snippet:-1","max-image-preview":"max-image-preview:large","max-video-preview":"max-video-preview:-1"},"canonical":"https:\/\/www.masella.com\/blog\/es\/fin-de-semana-excelente-gracias-al-regreso-del-invierno\/","og_locale":"es_ES","og_type":"article","og_title":"FIN DE SEMANA EXCELENTE GRACIAS AL REGRESO DEL INVIERNO - blog oficial de masella","og_description":"Las nevadas del pasado jueves, viernes y s\u00e1bado, con una cota de nieve que baj\u00f3 progresivamente de 1800m hasta el","og_url":"https:\/\/www.masella.com\/blog\/es\/fin-de-semana-excelente-gracias-al-regreso-del-invierno\/","og_site_name":"blog oficial de masella","article_published_time":"2023-02-28T11:32:59+00:00","article_modified_time":"2023-02-28T11:36:04+00:00","og_image":[{"width":1800,"height":1349,"url":"https:\/\/www.masella.com\/blog\/wp-content\/uploads\/2023\/02\/foto-destacada.jpg","type":"image\/jpeg"}],"author":"masella","twitter_card":"summary_large_image","twitter_misc":{"Escrito por":"masella","Tiempo de lectura":"3 minutos"},"schema":{"@context":"https:\/\/schema.org","@graph":[{"@type":"Article","@id":"https:\/\/www.masella.com\/blog\/es\/fin-de-semana-excelente-gracias-al-regreso-del-invierno\/#article","isPartOf":{"@id":"https:\/\/www.masella.com\/blog\/es\/fin-de-semana-excelente-gracias-al-regreso-del-invierno\/"},"author":{"name":"masella","@id":"https:\/\/www.masella.com\/blog\/ca\/#\/schema\/person\/e32b971f5be20790c591d85b8f1c706b"},"headline":"FIN DE SEMANA EXCELENTE GRACIAS AL REGRESO DEL INVIERNO","datePublished":"2023-02-28T11:32:59+00:00","dateModified":"2023-02-28T11:36:04+00:00","mainEntityOfPage":{"@id":"https:\/\/www.masella.com\/blog\/es\/fin-de-semana-excelente-gracias-al-regreso-del-invierno\/"},"wordCount":357,"commentCount":0,"publisher":{"@id":"https:\/\/www.masella.com\/blog\/ca\/#organization"},"inLanguage":"es","potentialAction":[{"@type":"CommentAction","name":"Comment","target":["https:\/\/www.masella.com\/blog\/es\/fin-de-semana-excelente-gracias-al-regreso-del-invierno\/#respond"]}]},{"@type":"WebPage","@id":"https:\/\/www.masella.com\/blog\/es\/fin-de-semana-excelente-gracias-al-regreso-del-invierno\/","url":"https:\/\/www.masella.com\/blog\/es\/fin-de-semana-excelente-gracias-al-regreso-del-invierno\/","name":"FIN DE SEMANA EXCELENTE GRACIAS AL REGRESO DEL INVIERNO - blog oficial de masella","isPartOf":{"@id":"https:\/\/www.masella.com\/blog\/ca\/#website"},"datePublished":"2023-02-28T11:32:59+00:00","dateModified":"2023-02-28T11:36:04+00:00","breadcrumb":{"@id":"https:\/\/www.masella.com\/blog\/es\/fin-de-semana-excelente-gracias-al-regreso-del-invierno\/#breadcrumb"},"inLanguage":"es","potentialAction":[{"@type":"ReadAction","target":["https:\/\/www.masella.com\/blog\/es\/fin-de-semana-excelente-gracias-al-regreso-del-invierno\/"]}]},{"@type":"BreadcrumbList","@id":"https:\/\/www.masella.com\/blog\/es\/fin-de-semana-excelente-gracias-al-regreso-del-invierno\/#breadcrumb","itemListElement":[{"@type":"ListItem","position":1,"name":"Portada","item":"https:\/\/www.masella.com\/blog\/ca\/"},{"@type":"ListItem","position":2,"name":"FIN DE SEMANA EXCELENTE GRACIAS AL REGRESO DEL INVIERNO"}]},{"@type":"WebSite","@id":"https:\/\/www.masella.com\/blog\/ca\/#website","url":"https:\/\/www.masella.com\/blog\/ca\/","name":"blog oficial de masella","description":"","publisher":{"@id":"https:\/\/www.masella.com\/blog\/ca\/#organization"},"potentialAction":[{"@type":"SearchAction","target":{"@type":"EntryPoint","urlTemplate":"https:\/\/www.masella.com\/blog\/ca\/?s={search_term_string}"},"query-input":"required name=search_term_string"}],"inLanguage":"es"},{"@type":"Organization","@id":"https:\/\/www.masella.com\/blog\/ca\/#organization","name":"blog oficial de masella","url":"https:\/\/www.masella.com\/blog\/ca\/","logo":{"@type":"ImageObject","inLanguage":"es","@id":"https:\/\/www.masella.com\/blog\/ca\/#\/schema\/logo\/image\/","url":"https:\/\/www.masella.com\/blog\/wp-content\/uploads\/2022\/12\/logo-masella-es-1.png","contentUrl":"https:\/\/www.masella.com\/blog\/wp-content\/uploads\/2022\/12\/logo-masella-es-1.png","width":150,"height":88,"caption":"blog oficial de masella"},"image":{"@id":"https:\/\/www.masella.com\/blog\/ca\/#\/schema\/logo\/image\/"}},{"@type":"Person","@id":"https:\/\/www.masella.com\/blog\/ca\/#\/schema\/person\/e32b971f5be20790c591d85b8f1c706b","name":"masella","image":{"@type":"ImageObject","inLanguage":"es","@id":"https:\/\/www.masella.com\/blog\/ca\/#\/schema\/person\/image\/","url":"https:\/\/secure.gravatar.com\/avatar\/57590b1151eaa410a783e55768bbbba2?s=96&d=mm&r=g","contentUrl":"https:\/\/secure.gravatar.com\/avatar\/57590b1151eaa410a783e55768bbbba2?s=96&d=mm&r=g","caption":"masella"},"url":"https:\/\/www.masella.com\/blog\/es\/author\/anna\/"}]}},"_links":{"self":[{"href":"https:\/\/www.masella.com\/blog\/es\/wp-json\/wp\/v2\/posts\/8636"}],"collection":[{"href":"https:\/\/www.masella.com\/blog\/es\/wp-json\/wp\/v2\/posts"}],"about":[{"href":"https:\/\/www.masella.com\/blog\/es\/wp-json\/wp\/v2\/types\/post"}],"author":[{"embeddable":true,"href":"https:\/\/www.masella.com\/blog\/es\/wp-json\/wp\/v2\/users\/4"}],"replies":[{"embeddable":true,"href":"https:\/\/www.masella.com\/blog\/es\/wp-json\/wp\/v2\/comments?post=8636"}],"version-history":[{"count":3,"href":"https:\/\/www.masella.com\/blog\/es\/wp-json\/wp\/v2\/posts\/8636\/revisions"}],"predecessor-version":[{"id":8651,"href":"https:\/\/www.masella.com\/blog\/es\/wp-json\/wp\/v2\/posts\/8636\/revisions\/8651"}],"wp:featuredmedia":[{"embeddable":true,"href":"https:\/\/www.masella.com\/blog\/es\/wp-json\/wp\/v2\/media\/8634"}],"wp:attachment":[{"href":"https:\/\/www.masella.com\/blog\/es\/wp-json\/wp\/v2\/media?parent=8636"}],"wp:term":[{"taxonomy":"category","embeddable":true,"href":"https:\/\/www.masella.com\/blog\/es\/wp-json\/wp\/v2\/categories?post=8636"},{"taxonomy":"post_tag","embeddable":true,"href":"https:\/\/www.masella.com\/blog\/es\/wp-json\/wp\/v2\/tags?post=8636"}],"curies":[{"name":"wp","href":"https:\/\/api.w.org\/{rel}","templated":true}]}}