{"id":9091,"date":"2023-12-04T15:13:32","date_gmt":"2023-12-04T14:13:32","guid":{"rendered":"https:\/\/www.masella.com\/blog\/?p=9091"},"modified":"2023-12-26T11:50:53","modified_gmt":"2023-12-26T10:50:53","slug":"martes-5-de-diciembre-inaiuguramos-la-temporada-2023-24","status":"publish","type":"post","link":"https:\/\/www.masella.com\/blog\/es\/martes-5-de-diciembre-inaiuguramos-la-temporada-2023-24\/","title":{"rendered":"MARTES, 5 DE DICIEMBRE, INAUGURAMOS LA TEMPORADA 2023-24"},"content":{"rendered":"<p>En Masella inauguraremos la temporada ma\u00f1ana:<\/p>\n<p>MARTES, 5 DE DICIEMBRE DE 2023<\/p>\n<p>Las \u00faltimas nevadas, el fr\u00edo y los trabajos en pistas nos permiten abrir este martes.<\/p>\n<p><a href=\"https:\/\/www.masella.com\/blog\/wp-content\/uploads\/2023\/12\/001.jpg\"><img loading=\"lazy\" decoding=\"async\" class=\"size-full wp-image-9081 aligncenter\" src=\"https:\/\/www.masella.com\/blog\/wp-content\/uploads\/2023\/12\/001.jpg\" alt=\"\" width=\"883\" height=\"662\" srcset=\"https:\/\/www.masella.com\/blog\/wp-content\/uploads\/2023\/12\/001.jpg 883w, https:\/\/www.masella.com\/blog\/wp-content\/uploads\/2023\/12\/001-300x225.jpg 300w, https:\/\/www.masella.com\/blog\/wp-content\/uploads\/2023\/12\/001-768x576.jpg 768w\" sizes=\"(max-width: 883px) 100vw, 883px\" \/><\/a><\/p>\n<p>Ahora seguimos trabajando para abrir el m\u00e1ximo n\u00famero de pistas y remontes de forma progresiva de cara al Puente de la Pur\u00edsima, con buenas perspectivas para los esquiadores tanto por el n\u00famero de d\u00edas de puente como por la previsi\u00f3n de fr\u00edo durante las pr\u00f3ximas jornadas, con algunas nevadas previstas por los pr\u00f3ximos d\u00edas.<\/p>\n<p><a href=\"https:\/\/www.masella.com\/blog\/wp-content\/uploads\/2023\/12\/003.jpg\"><img loading=\"lazy\" decoding=\"async\" class=\"size-full wp-image-9085 aligncenter\" src=\"https:\/\/www.masella.com\/blog\/wp-content\/uploads\/2023\/12\/003.jpg\" alt=\"\" width=\"883\" height=\"662\" srcset=\"https:\/\/www.masella.com\/blog\/wp-content\/uploads\/2023\/12\/003.jpg 883w, https:\/\/www.masella.com\/blog\/wp-content\/uploads\/2023\/12\/003-300x225.jpg 300w, https:\/\/www.masella.com\/blog\/wp-content\/uploads\/2023\/12\/003-768x576.jpg 768w\" sizes=\"(max-width: 883px) 100vw, 883px\" \/><\/a><\/p>\n","protected":false},"excerpt":{"rendered":"<p>En Masella inauguraremos la temporada ma\u00f1ana: MARTES, 5 DE DICIEMBRE DE 2023 Las \u00faltimas nevadas, el fr\u00edo y los trabajos<\/p>\n","protected":false},"author":4,"featured_media":9090,"comment_status":"open","ping_status":"open","sticky":false,"template":"","format":"standard","meta":{"footnotes":""},"categories":[20],"tags":[],"yoast_head":"<!-- This site is optimized with the Yoast SEO plugin v21.5 - https:\/\/yoast.com\/wordpress\/plugins\/seo\/ -->\n<title>MARTES, 5 DE DICIEMBRE, INAUGURAMOS LA TEMPORADA 2023-24 - blog oficial de masella<\/title>\n<meta name=\"robots\" content=\"index, follow, max-snippet:-1, max-image-preview:large, max-video-preview:-1\" \/>\n<link rel=\"canonical\" href=\"https:\/\/www.masella.com\/blog\/es\/martes-5-de-diciembre-inaiuguramos-la-temporada-2023-24\/\" \/>\n<meta property=\"og:locale\" content=\"es_ES\" \/>\n<meta property=\"og:type\" content=\"article\" \/>\n<meta property=\"og:title\" content=\"MARTES, 5 DE DICIEMBRE, INAUGURAMOS LA TEMPORADA 2023-24 - blog oficial de masella\" \/>\n<meta property=\"og:description\" content=\"En Masella inauguraremos la temporada ma\u00f1ana: MARTES, 5 DE DICIEMBRE DE 2023 Las \u00faltimas nevadas, el fr\u00edo y los trabajos\" \/>\n<meta property=\"og:url\" content=\"https:\/\/www.masella.com\/blog\/es\/martes-5-de-diciembre-inaiuguramos-la-temporada-2023-24\/\" \/>\n<meta property=\"og:site_name\" content=\"blog oficial de masella\" \/>\n<meta property=\"article:published_time\" content=\"2023-12-04T14:13:32+00:00\" \/>\n<meta property=\"article:modified_time\" content=\"2023-12-26T10:50:53+00:00\" \/>\n<meta property=\"og:image\" content=\"https:\/\/www.masella.com\/blog\/wp-content\/uploads\/2023\/12\/ID.jpg\" \/>\n\t<meta property=\"og:image:width\" content=\"556\" \/>\n\t<meta property=\"og:image:height\" content=\"313\" \/>\n\t<meta property=\"og:image:type\" content=\"image\/jpeg\" \/>\n<meta name=\"author\" content=\"masella\" \/>\n<meta name=\"twitter:card\" content=\"summary_large_image\" \/>\n<meta name=\"twitter:label1\" content=\"Escrito por\" \/>\n\t<meta name=\"twitter:data1\" content=\"masella\" \/>\n\t<meta name=\"twitter:label2\" content=\"Tiempo de lectura\" \/>\n\t<meta name=\"twitter:data2\" content=\"1 minuto\" \/>\n<script type=\"application\/ld+json\" class=\"yoast-schema-graph\">{\"@context\":\"https:\/\/schema.org\",\"@graph\":[{\"@type\":\"Article\",\"@id\":\"https:\/\/www.masella.com\/blog\/es\/martes-5-de-diciembre-inaiuguramos-la-temporada-2023-24\/#article\",\"isPartOf\":{\"@id\":\"https:\/\/www.masella.com\/blog\/es\/martes-5-de-diciembre-inaiuguramos-la-temporada-2023-24\/\"},\"author\":{\"name\":\"masella\",\"@id\":\"https:\/\/www.masella.com\/blog\/ca\/#\/schema\/person\/e32b971f5be20790c591d85b8f1c706b\"},\"headline\":\"MARTES, 5 DE DICIEMBRE, INAUGURAMOS LA TEMPORADA 2023-24\",\"datePublished\":\"2023-12-04T14:13:32+00:00\",\"dateModified\":\"2023-12-26T10:50:53+00:00\",\"mainEntityOfPage\":{\"@id\":\"https:\/\/www.masella.com\/blog\/es\/martes-5-de-diciembre-inaiuguramos-la-temporada-2023-24\/\"},\"wordCount\":98,\"commentCount\":0,\"publisher\":{\"@id\":\"https:\/\/www.masella.com\/blog\/ca\/#organization\"},\"articleSection\":[\"Actualidad\"],\"inLanguage\":\"es\",\"potentialAction\":[{\"@type\":\"CommentAction\",\"name\":\"Comment\",\"target\":[\"https:\/\/www.masella.com\/blog\/es\/martes-5-de-diciembre-inaiuguramos-la-temporada-2023-24\/#respond\"]}]},{\"@type\":\"WebPage\",\"@id\":\"https:\/\/www.masella.com\/blog\/es\/martes-5-de-diciembre-inaiuguramos-la-temporada-2023-24\/\",\"url\":\"https:\/\/www.masella.com\/blog\/es\/martes-5-de-diciembre-inaiuguramos-la-temporada-2023-24\/\",\"name\":\"MARTES, 5 DE DICIEMBRE, INAUGURAMOS LA TEMPORADA 2023-24 - blog oficial de masella\",\"isPartOf\":{\"@id\":\"https:\/\/www.masella.com\/blog\/ca\/#website\"},\"datePublished\":\"2023-12-04T14:13:32+00:00\",\"dateModified\":\"2023-12-26T10:50:53+00:00\",\"breadcrumb\":{\"@id\":\"https:\/\/www.masella.com\/blog\/es\/martes-5-de-diciembre-inaiuguramos-la-temporada-2023-24\/#breadcrumb\"},\"inLanguage\":\"es\",\"potentialAction\":[{\"@type\":\"ReadAction\",\"target\":[\"https:\/\/www.masella.com\/blog\/es\/martes-5-de-diciembre-inaiuguramos-la-temporada-2023-24\/\"]}]},{\"@type\":\"BreadcrumbList\",\"@id\":\"https:\/\/www.masella.com\/blog\/es\/martes-5-de-diciembre-inaiuguramos-la-temporada-2023-24\/#breadcrumb\",\"itemListElement\":[{\"@type\":\"ListItem\",\"position\":1,\"name\":\"Portada\",\"item\":\"https:\/\/www.masella.com\/blog\/ca\/\"},{\"@type\":\"ListItem\",\"position\":2,\"name\":\"MARTES, 5 DE DICIEMBRE, INAUGURAMOS LA TEMPORADA 2023-24\"}]},{\"@type\":\"WebSite\",\"@id\":\"https:\/\/www.masella.com\/blog\/ca\/#website\",\"url\":\"https:\/\/www.masella.com\/blog\/ca\/\",\"name\":\"blog oficial de masella\",\"description\":\"\",\"publisher\":{\"@id\":\"https:\/\/www.masella.com\/blog\/ca\/#organization\"},\"potentialAction\":[{\"@type\":\"SearchAction\",\"target\":{\"@type\":\"EntryPoint\",\"urlTemplate\":\"https:\/\/www.masella.com\/blog\/ca\/?s={search_term_string}\"},\"query-input\":\"required name=search_term_string\"}],\"inLanguage\":\"es\"},{\"@type\":\"Organization\",\"@id\":\"https:\/\/www.masella.com\/blog\/ca\/#organization\",\"name\":\"blog oficial de masella\",\"url\":\"https:\/\/www.masella.com\/blog\/ca\/\",\"logo\":{\"@type\":\"ImageObject\",\"inLanguage\":\"es\",\"@id\":\"https:\/\/www.masella.com\/blog\/ca\/#\/schema\/logo\/image\/\",\"url\":\"https:\/\/www.masella.com\/blog\/wp-content\/uploads\/2022\/12\/logo-masella-es-1.png\",\"contentUrl\":\"https:\/\/www.masella.com\/blog\/wp-content\/uploads\/2022\/12\/logo-masella-es-1.png\",\"width\":150,\"height\":88,\"caption\":\"blog oficial de masella\"},\"image\":{\"@id\":\"https:\/\/www.masella.com\/blog\/ca\/#\/schema\/logo\/image\/\"}},{\"@type\":\"Person\",\"@id\":\"https:\/\/www.masella.com\/blog\/ca\/#\/schema\/person\/e32b971f5be20790c591d85b8f1c706b\",\"name\":\"masella\",\"image\":{\"@type\":\"ImageObject\",\"inLanguage\":\"es\",\"@id\":\"https:\/\/www.masella.com\/blog\/ca\/#\/schema\/person\/image\/\",\"url\":\"https:\/\/secure.gravatar.com\/avatar\/57590b1151eaa410a783e55768bbbba2?s=96&d=mm&r=g\",\"contentUrl\":\"https:\/\/secure.gravatar.com\/avatar\/57590b1151eaa410a783e55768bbbba2?s=96&d=mm&r=g\",\"caption\":\"masella\"},\"url\":\"https:\/\/www.masella.com\/blog\/es\/author\/anna\/\"}]}<\/script>\n<!-- \/ Yoast SEO plugin. -->","yoast_head_json":{"title":"MARTES, 5 DE DICIEMBRE, INAUGURAMOS LA TEMPORADA 2023-24 - blog oficial de masella","robots":{"index":"index","follow":"follow","max-snippet":"max-snippet:-1","max-image-preview":"max-image-preview:large","max-video-preview":"max-video-preview:-1"},"canonical":"https:\/\/www.masella.com\/blog\/es\/martes-5-de-diciembre-inaiuguramos-la-temporada-2023-24\/","og_locale":"es_ES","og_type":"article","og_title":"MARTES, 5 DE DICIEMBRE, INAUGURAMOS LA TEMPORADA 2023-24 - blog oficial de masella","og_description":"En Masella inauguraremos la temporada ma\u00f1ana: MARTES, 5 DE DICIEMBRE DE 2023 Las \u00faltimas nevadas, el fr\u00edo y los trabajos","og_url":"https:\/\/www.masella.com\/blog\/es\/martes-5-de-diciembre-inaiuguramos-la-temporada-2023-24\/","og_site_name":"blog oficial de masella","article_published_time":"2023-12-04T14:13:32+00:00","article_modified_time":"2023-12-26T10:50:53+00:00","og_image":[{"width":556,"height":313,"url":"https:\/\/www.masella.com\/blog\/wp-content\/uploads\/2023\/12\/ID.jpg","type":"image\/jpeg"}],"author":"masella","twitter_card":"summary_large_image","twitter_misc":{"Escrito por":"masella","Tiempo de lectura":"1 minuto"},"schema":{"@context":"https:\/\/schema.org","@graph":[{"@type":"Article","@id":"https:\/\/www.masella.com\/blog\/es\/martes-5-de-diciembre-inaiuguramos-la-temporada-2023-24\/#article","isPartOf":{"@id":"https:\/\/www.masella.com\/blog\/es\/martes-5-de-diciembre-inaiuguramos-la-temporada-2023-24\/"},"author":{"name":"masella","@id":"https:\/\/www.masella.com\/blog\/ca\/#\/schema\/person\/e32b971f5be20790c591d85b8f1c706b"},"headline":"MARTES, 5 DE DICIEMBRE, INAUGURAMOS LA TEMPORADA 2023-24","datePublished":"2023-12-04T14:13:32+00:00","dateModified":"2023-12-26T10:50:53+00:00","mainEntityOfPage":{"@id":"https:\/\/www.masella.com\/blog\/es\/martes-5-de-diciembre-inaiuguramos-la-temporada-2023-24\/"},"wordCount":98,"commentCount":0,"publisher":{"@id":"https:\/\/www.masella.com\/blog\/ca\/#organization"},"articleSection":["Actualidad"],"inLanguage":"es","potentialAction":[{"@type":"CommentAction","name":"Comment","target":["https:\/\/www.masella.com\/blog\/es\/martes-5-de-diciembre-inaiuguramos-la-temporada-2023-24\/#respond"]}]},{"@type":"WebPage","@id":"https:\/\/www.masella.com\/blog\/es\/martes-5-de-diciembre-inaiuguramos-la-temporada-2023-24\/","url":"https:\/\/www.masella.com\/blog\/es\/martes-5-de-diciembre-inaiuguramos-la-temporada-2023-24\/","name":"MARTES, 5 DE DICIEMBRE, INAUGURAMOS LA TEMPORADA 2023-24 - blog oficial de masella","isPartOf":{"@id":"https:\/\/www.masella.com\/blog\/ca\/#website"},"datePublished":"2023-12-04T14:13:32+00:00","dateModified":"2023-12-26T10:50:53+00:00","breadcrumb":{"@id":"https:\/\/www.masella.com\/blog\/es\/martes-5-de-diciembre-inaiuguramos-la-temporada-2023-24\/#breadcrumb"},"inLanguage":"es","potentialAction":[{"@type":"ReadAction","target":["https:\/\/www.masella.com\/blog\/es\/martes-5-de-diciembre-inaiuguramos-la-temporada-2023-24\/"]}]},{"@type":"BreadcrumbList","@id":"https:\/\/www.masella.com\/blog\/es\/martes-5-de-diciembre-inaiuguramos-la-temporada-2023-24\/#breadcrumb","itemListElement":[{"@type":"ListItem","position":1,"name":"Portada","item":"https:\/\/www.masella.com\/blog\/ca\/"},{"@type":"ListItem","position":2,"name":"MARTES, 5 DE DICIEMBRE, INAUGURAMOS LA TEMPORADA 2023-24"}]},{"@type":"WebSite","@id":"https:\/\/www.masella.com\/blog\/ca\/#website","url":"https:\/\/www.masella.com\/blog\/ca\/","name":"blog oficial de masella","description":"","publisher":{"@id":"https:\/\/www.masella.com\/blog\/ca\/#organization"},"potentialAction":[{"@type":"SearchAction","target":{"@type":"EntryPoint","urlTemplate":"https:\/\/www.masella.com\/blog\/ca\/?s={search_term_string}"},"query-input":"required name=search_term_string"}],"inLanguage":"es"},{"@type":"Organization","@id":"https:\/\/www.masella.com\/blog\/ca\/#organization","name":"blog oficial de masella","url":"https:\/\/www.masella.com\/blog\/ca\/","logo":{"@type":"ImageObject","inLanguage":"es","@id":"https:\/\/www.masella.com\/blog\/ca\/#\/schema\/logo\/image\/","url":"https:\/\/www.masella.com\/blog\/wp-content\/uploads\/2022\/12\/logo-masella-es-1.png","contentUrl":"https:\/\/www.masella.com\/blog\/wp-content\/uploads\/2022\/12\/logo-masella-es-1.png","width":150,"height":88,"caption":"blog oficial de masella"},"image":{"@id":"https:\/\/www.masella.com\/blog\/ca\/#\/schema\/logo\/image\/"}},{"@type":"Person","@id":"https:\/\/www.masella.com\/blog\/ca\/#\/schema\/person\/e32b971f5be20790c591d85b8f1c706b","name":"masella","image":{"@type":"ImageObject","inLanguage":"es","@id":"https:\/\/www.masella.com\/blog\/ca\/#\/schema\/person\/image\/","url":"https:\/\/secure.gravatar.com\/avatar\/57590b1151eaa410a783e55768bbbba2?s=96&d=mm&r=g","contentUrl":"https:\/\/secure.gravatar.com\/avatar\/57590b1151eaa410a783e55768bbbba2?s=96&d=mm&r=g","caption":"masella"},"url":"https:\/\/www.masella.com\/blog\/es\/author\/anna\/"}]}},"_links":{"self":[{"href":"https:\/\/www.masella.com\/blog\/es\/wp-json\/wp\/v2\/posts\/9091"}],"collection":[{"href":"https:\/\/www.masella.com\/blog\/es\/wp-json\/wp\/v2\/posts"}],"about":[{"href":"https:\/\/www.masella.com\/blog\/es\/wp-json\/wp\/v2\/types\/post"}],"author":[{"embeddable":true,"href":"https:\/\/www.masella.com\/blog\/es\/wp-json\/wp\/v2\/users\/4"}],"replies":[{"embeddable":true,"href":"https:\/\/www.masella.com\/blog\/es\/wp-json\/wp\/v2\/comments?post=9091"}],"version-history":[{"count":2,"href":"https:\/\/www.masella.com\/blog\/es\/wp-json\/wp\/v2\/posts\/9091\/revisions"}],"predecessor-version":[{"id":9158,"href":"https:\/\/www.masella.com\/blog\/es\/wp-json\/wp\/v2\/posts\/9091\/revisions\/9158"}],"wp:featuredmedia":[{"embeddable":true,"href":"https:\/\/www.masella.com\/blog\/es\/wp-json\/wp\/v2\/media\/9090"}],"wp:attachment":[{"href":"https:\/\/www.masella.com\/blog\/es\/wp-json\/wp\/v2\/media?parent=9091"}],"wp:term":[{"taxonomy":"category","embeddable":true,"href":"https:\/\/www.masella.com\/blog\/es\/wp-json\/wp\/v2\/categories?post=9091"},{"taxonomy":"post_tag","embeddable":true,"href":"https:\/\/www.masella.com\/blog\/es\/wp-json\/wp\/v2\/tags?post=9091"}],"curies":[{"name":"wp","href":"https:\/\/api.w.org\/{rel}","templated":true}]}}