{"id":9550,"date":"2024-12-31T12:49:27","date_gmt":"2024-12-31T11:49:27","guid":{"rendered":"https:\/\/www.masella.com\/blog\/?p=9550"},"modified":"2025-01-11T18:58:20","modified_gmt":"2025-01-11T17:58:20","slug":"25-aniversario-de-alp-2500","status":"publish","type":"post","link":"https:\/\/www.masella.com\/blog\/es\/25-aniversario-de-alp-2500\/","title":{"rendered":"25 ANIVERSARIO DE ALP 2500"},"content":{"rendered":"<p>Esta temporada 2024-2025 las estaciones de esqu\u00ed y monta\u00f1a de La Molina y Masella celebramos el 25 aniversario de Alp 2500, es decir de la uni\u00f3n de las dos estaciones. El v\u00eddeo siguiente, de forma resumida, explica un sue\u00f1o hecho realidad.<\/p>\n<p><a href=\"https:\/\/youtu.be\/Nsqz61FsI2U\" target=\"_blank\" rel=\"noopener\"><img loading=\"lazy\" decoding=\"async\" class=\"size-large wp-image-9540 aligncenter\" src=\"https:\/\/www.masella.com\/blog\/wp-content\/uploads\/2025\/01\/001_Video_miniatura-1024x683.jpg\" alt=\"\" width=\"800\" height=\"534\" srcset=\"https:\/\/www.masella.com\/blog\/wp-content\/uploads\/2025\/01\/001_Video_miniatura-1024x683.jpg 1024w, https:\/\/www.masella.com\/blog\/wp-content\/uploads\/2025\/01\/001_Video_miniatura-300x200.jpg 300w, https:\/\/www.masella.com\/blog\/wp-content\/uploads\/2025\/01\/001_Video_miniatura-768x512.jpg 768w, https:\/\/www.masella.com\/blog\/wp-content\/uploads\/2025\/01\/001_Video_miniatura.jpg 1500w\" sizes=\"(max-width: 800px) 100vw, 800px\" \/><\/a><\/p>\n<p style=\"text-align: center;\">CLICA LA IMAGEN<\/p>\n<p>La Molina y Masella, este lunes d\u00eda 30 de diciembre, se han vestido de gala para conmemorar el 25 aniversario de Alp2500, el dominio esquiable de las dos estaciones unidas por el telecabina Cad\u00ed-Moixer\u00f3, en 1999, y del telesilla Jumbo Tosa, inaugurado el a\u00f1o anterior. La celebraci\u00f3n ha reunido a miles de personas que han gozado de una jornada llena de actividades para todos los p\u00fablicos. El momento culminante de la celebraci\u00f3n ha llegado por la tarde, con una espectacular bajada simult\u00e1nea de antorchas desde las dos estaciones, con la participaci\u00f3n de 2.500 personas.<\/p>\n<p>Los esquiadores han realizado unos recorridos de m\u00e1s de 900 metros hasta llegar a las bases de las dos estaciones, donde se han podido ver fuegos artificiales. Durante el d\u00eda, adem\u00e1s, ha habido otras actividades como un vermut musical y Dj&#8217;s en las dos estaciones, conciertos y unos programas especiales de tarde de RAC105 y R\u00e0dio Flaixbac, desde La Molina y Masella, respectivamente. Y se ha celebrado un acto institucional, \u00a0con un concierto de Joan Daus\u00e0, en el Palau d\u2019Esports i Congressos de Alp.<\/p>\n<p><a href=\"https:\/\/youtube.com\/shorts\/h2xg8esbHV8?si=p52VnTNrGTuZWqK7\" target=\"_blank\" rel=\"noopener\"><img loading=\"lazy\" decoding=\"async\" class=\"size-large wp-image-9548 aligncenter\" src=\"https:\/\/www.masella.com\/blog\/wp-content\/uploads\/2025\/01\/002_Video_miniatura-1024x682.jpg\" alt=\"\" width=\"800\" height=\"533\" srcset=\"https:\/\/www.masella.com\/blog\/wp-content\/uploads\/2025\/01\/002_Video_miniatura-1024x682.jpg 1024w, https:\/\/www.masella.com\/blog\/wp-content\/uploads\/2025\/01\/002_Video_miniatura-300x200.jpg 300w, https:\/\/www.masella.com\/blog\/wp-content\/uploads\/2025\/01\/002_Video_miniatura-768x511.jpg 768w, https:\/\/www.masella.com\/blog\/wp-content\/uploads\/2025\/01\/002_Video_miniatura.jpg 1500w\" sizes=\"(max-width: 800px) 100vw, 800px\" \/><\/a><\/p>\n<p style=\"text-align: center;\">CLICA LA IMAGEN<\/p>\n","protected":false},"excerpt":{"rendered":"<p>Esta temporada 2024-2025 las estaciones de esqu\u00ed y monta\u00f1a de La Molina y Masella celebramos el 25 aniversario de Alp<\/p>\n","protected":false},"author":4,"featured_media":9536,"comment_status":"open","ping_status":"open","sticky":false,"template":"","format":"standard","meta":{"footnotes":""},"categories":[20,28],"tags":[],"yoast_head":"<!-- This site is optimized with the Yoast SEO plugin v21.5 - https:\/\/yoast.com\/wordpress\/plugins\/seo\/ -->\n<title>25 ANIVERSARIO DE ALP 2500 - blog oficial de masella<\/title>\n<meta name=\"robots\" content=\"index, follow, max-snippet:-1, max-image-preview:large, max-video-preview:-1\" \/>\n<link rel=\"canonical\" href=\"https:\/\/www.masella.com\/blog\/es\/25-aniversario-de-alp-2500\/\" \/>\n<meta property=\"og:locale\" content=\"es_ES\" \/>\n<meta property=\"og:type\" content=\"article\" \/>\n<meta property=\"og:title\" content=\"25 ANIVERSARIO DE ALP 2500 - blog oficial de masella\" \/>\n<meta property=\"og:description\" content=\"Esta temporada 2024-2025 las estaciones de esqu\u00ed y monta\u00f1a de La Molina y Masella celebramos el 25 aniversario de Alp\" \/>\n<meta property=\"og:url\" content=\"https:\/\/www.masella.com\/blog\/es\/25-aniversario-de-alp-2500\/\" \/>\n<meta property=\"og:site_name\" content=\"blog oficial de masella\" \/>\n<meta property=\"article:published_time\" content=\"2024-12-31T11:49:27+00:00\" \/>\n<meta property=\"article:modified_time\" content=\"2025-01-11T17:58:20+00:00\" \/>\n<meta property=\"og:image\" content=\"https:\/\/www.masella.com\/blog\/wp-content\/uploads\/2025\/01\/ID-scaled.jpg\" \/>\n\t<meta property=\"og:image:width\" content=\"2560\" \/>\n\t<meta property=\"og:image:height\" content=\"1440\" \/>\n\t<meta property=\"og:image:type\" content=\"image\/jpeg\" \/>\n<meta name=\"author\" content=\"masella\" \/>\n<meta name=\"twitter:card\" content=\"summary_large_image\" \/>\n<meta name=\"twitter:label1\" content=\"Escrito por\" \/>\n\t<meta name=\"twitter:data1\" content=\"masella\" \/>\n\t<meta name=\"twitter:label2\" content=\"Tiempo de lectura\" \/>\n\t<meta name=\"twitter:data2\" content=\"2 minutos\" \/>\n<script type=\"application\/ld+json\" class=\"yoast-schema-graph\">{\"@context\":\"https:\/\/schema.org\",\"@graph\":[{\"@type\":\"Article\",\"@id\":\"https:\/\/www.masella.com\/blog\/es\/25-aniversario-de-alp-2500\/#article\",\"isPartOf\":{\"@id\":\"https:\/\/www.masella.com\/blog\/es\/25-aniversario-de-alp-2500\/\"},\"author\":{\"name\":\"masella\",\"@id\":\"https:\/\/www.masella.com\/blog\/ca\/#\/schema\/person\/e32b971f5be20790c591d85b8f1c706b\"},\"headline\":\"25 ANIVERSARIO DE ALP 2500\",\"datePublished\":\"2024-12-31T11:49:27+00:00\",\"dateModified\":\"2025-01-11T17:58:20+00:00\",\"mainEntityOfPage\":{\"@id\":\"https:\/\/www.masella.com\/blog\/es\/25-aniversario-de-alp-2500\/\"},\"wordCount\":239,\"commentCount\":0,\"publisher\":{\"@id\":\"https:\/\/www.masella.com\/blog\/ca\/#organization\"},\"articleSection\":[\"Actualidad\",\"Actualitat\"],\"inLanguage\":\"es\",\"potentialAction\":[{\"@type\":\"CommentAction\",\"name\":\"Comment\",\"target\":[\"https:\/\/www.masella.com\/blog\/es\/25-aniversario-de-alp-2500\/#respond\"]}]},{\"@type\":\"WebPage\",\"@id\":\"https:\/\/www.masella.com\/blog\/es\/25-aniversario-de-alp-2500\/\",\"url\":\"https:\/\/www.masella.com\/blog\/es\/25-aniversario-de-alp-2500\/\",\"name\":\"25 ANIVERSARIO DE ALP 2500 - blog oficial de masella\",\"isPartOf\":{\"@id\":\"https:\/\/www.masella.com\/blog\/ca\/#website\"},\"datePublished\":\"2024-12-31T11:49:27+00:00\",\"dateModified\":\"2025-01-11T17:58:20+00:00\",\"breadcrumb\":{\"@id\":\"https:\/\/www.masella.com\/blog\/es\/25-aniversario-de-alp-2500\/#breadcrumb\"},\"inLanguage\":\"es\",\"potentialAction\":[{\"@type\":\"ReadAction\",\"target\":[\"https:\/\/www.masella.com\/blog\/es\/25-aniversario-de-alp-2500\/\"]}]},{\"@type\":\"BreadcrumbList\",\"@id\":\"https:\/\/www.masella.com\/blog\/es\/25-aniversario-de-alp-2500\/#breadcrumb\",\"itemListElement\":[{\"@type\":\"ListItem\",\"position\":1,\"name\":\"Portada\",\"item\":\"https:\/\/www.masella.com\/blog\/ca\/\"},{\"@type\":\"ListItem\",\"position\":2,\"name\":\"25 ANIVERSARIO DE ALP 2500\"}]},{\"@type\":\"WebSite\",\"@id\":\"https:\/\/www.masella.com\/blog\/ca\/#website\",\"url\":\"https:\/\/www.masella.com\/blog\/ca\/\",\"name\":\"blog oficial de masella\",\"description\":\"\",\"publisher\":{\"@id\":\"https:\/\/www.masella.com\/blog\/ca\/#organization\"},\"potentialAction\":[{\"@type\":\"SearchAction\",\"target\":{\"@type\":\"EntryPoint\",\"urlTemplate\":\"https:\/\/www.masella.com\/blog\/ca\/?s={search_term_string}\"},\"query-input\":\"required name=search_term_string\"}],\"inLanguage\":\"es\"},{\"@type\":\"Organization\",\"@id\":\"https:\/\/www.masella.com\/blog\/ca\/#organization\",\"name\":\"blog oficial de masella\",\"url\":\"https:\/\/www.masella.com\/blog\/ca\/\",\"logo\":{\"@type\":\"ImageObject\",\"inLanguage\":\"es\",\"@id\":\"https:\/\/www.masella.com\/blog\/ca\/#\/schema\/logo\/image\/\",\"url\":\"https:\/\/www.masella.com\/blog\/wp-content\/uploads\/2022\/12\/logo-masella-es-1.png\",\"contentUrl\":\"https:\/\/www.masella.com\/blog\/wp-content\/uploads\/2022\/12\/logo-masella-es-1.png\",\"width\":150,\"height\":88,\"caption\":\"blog oficial de masella\"},\"image\":{\"@id\":\"https:\/\/www.masella.com\/blog\/ca\/#\/schema\/logo\/image\/\"}},{\"@type\":\"Person\",\"@id\":\"https:\/\/www.masella.com\/blog\/ca\/#\/schema\/person\/e32b971f5be20790c591d85b8f1c706b\",\"name\":\"masella\",\"image\":{\"@type\":\"ImageObject\",\"inLanguage\":\"es\",\"@id\":\"https:\/\/www.masella.com\/blog\/ca\/#\/schema\/person\/image\/\",\"url\":\"https:\/\/secure.gravatar.com\/avatar\/57590b1151eaa410a783e55768bbbba2?s=96&d=mm&r=g\",\"contentUrl\":\"https:\/\/secure.gravatar.com\/avatar\/57590b1151eaa410a783e55768bbbba2?s=96&d=mm&r=g\",\"caption\":\"masella\"},\"url\":\"https:\/\/www.masella.com\/blog\/es\/author\/anna\/\"}]}<\/script>\n<!-- \/ Yoast SEO plugin. -->","yoast_head_json":{"title":"25 ANIVERSARIO DE ALP 2500 - blog oficial de masella","robots":{"index":"index","follow":"follow","max-snippet":"max-snippet:-1","max-image-preview":"max-image-preview:large","max-video-preview":"max-video-preview:-1"},"canonical":"https:\/\/www.masella.com\/blog\/es\/25-aniversario-de-alp-2500\/","og_locale":"es_ES","og_type":"article","og_title":"25 ANIVERSARIO DE ALP 2500 - blog oficial de masella","og_description":"Esta temporada 2024-2025 las estaciones de esqu\u00ed y monta\u00f1a de La Molina y Masella celebramos el 25 aniversario de Alp","og_url":"https:\/\/www.masella.com\/blog\/es\/25-aniversario-de-alp-2500\/","og_site_name":"blog oficial de masella","article_published_time":"2024-12-31T11:49:27+00:00","article_modified_time":"2025-01-11T17:58:20+00:00","og_image":[{"width":2560,"height":1440,"url":"https:\/\/www.masella.com\/blog\/wp-content\/uploads\/2025\/01\/ID-scaled.jpg","type":"image\/jpeg"}],"author":"masella","twitter_card":"summary_large_image","twitter_misc":{"Escrito por":"masella","Tiempo de lectura":"2 minutos"},"schema":{"@context":"https:\/\/schema.org","@graph":[{"@type":"Article","@id":"https:\/\/www.masella.com\/blog\/es\/25-aniversario-de-alp-2500\/#article","isPartOf":{"@id":"https:\/\/www.masella.com\/blog\/es\/25-aniversario-de-alp-2500\/"},"author":{"name":"masella","@id":"https:\/\/www.masella.com\/blog\/ca\/#\/schema\/person\/e32b971f5be20790c591d85b8f1c706b"},"headline":"25 ANIVERSARIO DE ALP 2500","datePublished":"2024-12-31T11:49:27+00:00","dateModified":"2025-01-11T17:58:20+00:00","mainEntityOfPage":{"@id":"https:\/\/www.masella.com\/blog\/es\/25-aniversario-de-alp-2500\/"},"wordCount":239,"commentCount":0,"publisher":{"@id":"https:\/\/www.masella.com\/blog\/ca\/#organization"},"articleSection":["Actualidad","Actualitat"],"inLanguage":"es","potentialAction":[{"@type":"CommentAction","name":"Comment","target":["https:\/\/www.masella.com\/blog\/es\/25-aniversario-de-alp-2500\/#respond"]}]},{"@type":"WebPage","@id":"https:\/\/www.masella.com\/blog\/es\/25-aniversario-de-alp-2500\/","url":"https:\/\/www.masella.com\/blog\/es\/25-aniversario-de-alp-2500\/","name":"25 ANIVERSARIO DE ALP 2500 - blog oficial de masella","isPartOf":{"@id":"https:\/\/www.masella.com\/blog\/ca\/#website"},"datePublished":"2024-12-31T11:49:27+00:00","dateModified":"2025-01-11T17:58:20+00:00","breadcrumb":{"@id":"https:\/\/www.masella.com\/blog\/es\/25-aniversario-de-alp-2500\/#breadcrumb"},"inLanguage":"es","potentialAction":[{"@type":"ReadAction","target":["https:\/\/www.masella.com\/blog\/es\/25-aniversario-de-alp-2500\/"]}]},{"@type":"BreadcrumbList","@id":"https:\/\/www.masella.com\/blog\/es\/25-aniversario-de-alp-2500\/#breadcrumb","itemListElement":[{"@type":"ListItem","position":1,"name":"Portada","item":"https:\/\/www.masella.com\/blog\/ca\/"},{"@type":"ListItem","position":2,"name":"25 ANIVERSARIO DE ALP 2500"}]},{"@type":"WebSite","@id":"https:\/\/www.masella.com\/blog\/ca\/#website","url":"https:\/\/www.masella.com\/blog\/ca\/","name":"blog oficial de masella","description":"","publisher":{"@id":"https:\/\/www.masella.com\/blog\/ca\/#organization"},"potentialAction":[{"@type":"SearchAction","target":{"@type":"EntryPoint","urlTemplate":"https:\/\/www.masella.com\/blog\/ca\/?s={search_term_string}"},"query-input":"required name=search_term_string"}],"inLanguage":"es"},{"@type":"Organization","@id":"https:\/\/www.masella.com\/blog\/ca\/#organization","name":"blog oficial de masella","url":"https:\/\/www.masella.com\/blog\/ca\/","logo":{"@type":"ImageObject","inLanguage":"es","@id":"https:\/\/www.masella.com\/blog\/ca\/#\/schema\/logo\/image\/","url":"https:\/\/www.masella.com\/blog\/wp-content\/uploads\/2022\/12\/logo-masella-es-1.png","contentUrl":"https:\/\/www.masella.com\/blog\/wp-content\/uploads\/2022\/12\/logo-masella-es-1.png","width":150,"height":88,"caption":"blog oficial de masella"},"image":{"@id":"https:\/\/www.masella.com\/blog\/ca\/#\/schema\/logo\/image\/"}},{"@type":"Person","@id":"https:\/\/www.masella.com\/blog\/ca\/#\/schema\/person\/e32b971f5be20790c591d85b8f1c706b","name":"masella","image":{"@type":"ImageObject","inLanguage":"es","@id":"https:\/\/www.masella.com\/blog\/ca\/#\/schema\/person\/image\/","url":"https:\/\/secure.gravatar.com\/avatar\/57590b1151eaa410a783e55768bbbba2?s=96&d=mm&r=g","contentUrl":"https:\/\/secure.gravatar.com\/avatar\/57590b1151eaa410a783e55768bbbba2?s=96&d=mm&r=g","caption":"masella"},"url":"https:\/\/www.masella.com\/blog\/es\/author\/anna\/"}]}},"_links":{"self":[{"href":"https:\/\/www.masella.com\/blog\/es\/wp-json\/wp\/v2\/posts\/9550"}],"collection":[{"href":"https:\/\/www.masella.com\/blog\/es\/wp-json\/wp\/v2\/posts"}],"about":[{"href":"https:\/\/www.masella.com\/blog\/es\/wp-json\/wp\/v2\/types\/post"}],"author":[{"embeddable":true,"href":"https:\/\/www.masella.com\/blog\/es\/wp-json\/wp\/v2\/users\/4"}],"replies":[{"embeddable":true,"href":"https:\/\/www.masella.com\/blog\/es\/wp-json\/wp\/v2\/comments?post=9550"}],"version-history":[{"count":4,"href":"https:\/\/www.masella.com\/blog\/es\/wp-json\/wp\/v2\/posts\/9550\/revisions"}],"predecessor-version":[{"id":9574,"href":"https:\/\/www.masella.com\/blog\/es\/wp-json\/wp\/v2\/posts\/9550\/revisions\/9574"}],"wp:featuredmedia":[{"embeddable":true,"href":"https:\/\/www.masella.com\/blog\/es\/wp-json\/wp\/v2\/media\/9536"}],"wp:attachment":[{"href":"https:\/\/www.masella.com\/blog\/es\/wp-json\/wp\/v2\/media?parent=9550"}],"wp:term":[{"taxonomy":"category","embeddable":true,"href":"https:\/\/www.masella.com\/blog\/es\/wp-json\/wp\/v2\/categories?post=9550"},{"taxonomy":"post_tag","embeddable":true,"href":"https:\/\/www.masella.com\/blog\/es\/wp-json\/wp\/v2\/tags?post=9550"}],"curies":[{"name":"wp","href":"https:\/\/api.w.org\/{rel}","templated":true}]}}