{"id":9709,"date":"2025-11-25T14:26:42","date_gmt":"2025-11-25T13:26:42","guid":{"rendered":"https:\/\/www.masella.com\/blog\/?p=9709"},"modified":"2025-12-17T15:52:08","modified_gmt":"2025-12-17T14:52:08","slug":"9709","status":"publish","type":"post","link":"https:\/\/www.masella.com\/blog\/es\/9709\/","title":{"rendered":"INAUGURAMOS LA TEMPORADA EL 26 DE NOVIEMBRE"},"content":{"rendered":"<p>En Masella <strong><u>inauguraremos la temporada el mi\u00e9rcoles, 26 de noviembre.<\/u><\/strong><\/p>\n<p>La apertura prevista en cifras para ma\u00f1ana:<\/p>\n<ul>\n<li><strong> Pistas abiertas: <u>6 pistas con 11 km<\/u><\/strong><\/li>\n<li><strong> Espesores de nieve: <u>30 a 35 cm<\/u><\/strong><\/li>\n<li><strong> Acceso a pistas: <u>Por el Pla de Masella-1600 m y por Coma Oriola-1950 m<\/u><\/strong><\/li>\n<li><strong> A partir del <u>viernes abriremos m\u00e1s pistas y remontes<\/u><\/strong><\/li>\n<li><strong> <u>La estaci\u00f3n permanecer\u00e1 abierta ininterrumpidamente<\/u> (incluidos d\u00edas laborables)<\/strong><\/li>\n<\/ul>\n<p><strong><u>Esta fecha de apertura temprana<\/u><\/strong> es gracias al <strong><u>fr\u00edo<\/u><\/strong>, a las \u00faltimas <strong><u>nevadas<\/u><\/strong> y, sobre todo, a las <strong><u>importantes inversiones de este verano en la red de la nieve producida<\/u><\/strong> que consisten: por un lado, con la renovaci\u00f3n total de la sala de m\u00e1quinas del Pla de Masella y, por otro, con la sustituci\u00f3n de ca\u00f1ones en pistas por otros m\u00e1s eficientes. Estas mejoras de la red de nieve son novedades estrat\u00e9gicas que nos permiten ahorrar hasta un 25% de energ\u00eda, reduciendo la huella de carbono, controlar el coste de la energ\u00eda y, finalmente, producir un 30% de nieve m\u00e1s, maximizando la producci\u00f3n en condiciones marginales.<\/p>\n<p><a href=\"https:\/\/www.masella.com\/blog\/wp-content\/uploads\/2025\/12\/001-1.jpg\"><img loading=\"lazy\" decoding=\"async\" class=\"alignnone size-full wp-image-9699\" src=\"https:\/\/www.masella.com\/blog\/wp-content\/uploads\/2025\/12\/001-1.jpg\" alt=\"\" width=\"2000\" height=\"1500\" srcset=\"https:\/\/www.masella.com\/blog\/wp-content\/uploads\/2025\/12\/001-1.jpg 2000w, https:\/\/www.masella.com\/blog\/wp-content\/uploads\/2025\/12\/001-1-300x225.jpg 300w, https:\/\/www.masella.com\/blog\/wp-content\/uploads\/2025\/12\/001-1-1024x768.jpg 1024w, https:\/\/www.masella.com\/blog\/wp-content\/uploads\/2025\/12\/001-1-768x576.jpg 768w, https:\/\/www.masella.com\/blog\/wp-content\/uploads\/2025\/12\/001-1-1536x1152.jpg 1536w\" sizes=\"(max-width: 2000px) 100vw, 2000px\" \/><\/a><\/p>\n<p>El fr\u00edo y el trabajo, con la moderna red de la nieve, hacen que <strong><u>Masella sea la primera estaci\u00f3n en abrir de los Pirineos y de toda Espa\u00f1a.<\/u><\/strong> Apertura que tiene un doble objetivo:<\/p>\n<p>&#8211;<strong><u>Ofrecer la temporada m\u00e1s larga de los Pirineos<\/u><\/strong>, dando el m\u00e1ximo n\u00famero de d\u00edas de esqu\u00ed a los esquiadores fieles a Masella que tienen abono de temporada.<\/p>\n<p>-Dado que el propietario final de Masella es la Fundaci\u00f3n Bosch Aymerich, esta apertura temprana tambi\u00e9n tiene fines sociales: <strong><u>creando empleo directo, con contratos de trabajo m\u00e1s largos<\/u><\/strong> y, finalmente, <strong><u>generando un impacto econ\u00f3mico m\u00e1s estable y permanente en la comarca<\/u><\/strong> de la Cerdanya.<\/p>\n<p>Ahora <strong><u>seguimos trabajando para abrir el m\u00e1ximo n\u00famero de pistas y remontes de forma progresiva de cara al Puente de la Pur\u00edsima y las Navidades<\/u><\/strong>.<\/p>\n<p><a href=\"https:\/\/www.masella.com\/blog\/wp-content\/uploads\/2025\/12\/003.jpg\"><img loading=\"lazy\" decoding=\"async\" class=\"alignnone size-full wp-image-9707\" src=\"https:\/\/www.masella.com\/blog\/wp-content\/uploads\/2025\/12\/003.jpg\" alt=\"\" width=\"2000\" height=\"1500\" srcset=\"https:\/\/www.masella.com\/blog\/wp-content\/uploads\/2025\/12\/003.jpg 2000w, https:\/\/www.masella.com\/blog\/wp-content\/uploads\/2025\/12\/003-300x225.jpg 300w, https:\/\/www.masella.com\/blog\/wp-content\/uploads\/2025\/12\/003-1024x768.jpg 1024w, https:\/\/www.masella.com\/blog\/wp-content\/uploads\/2025\/12\/003-768x576.jpg 768w, https:\/\/www.masella.com\/blog\/wp-content\/uploads\/2025\/12\/003-1536x1152.jpg 1536w\" sizes=\"(max-width: 2000px) 100vw, 2000px\" \/><\/a><\/p>\n","protected":false},"excerpt":{"rendered":"<p>En Masella inauguraremos la temporada el mi\u00e9rcoles, 26 de noviembre. La apertura prevista en cifras para ma\u00f1ana: Pistas abiertas: 6<\/p>\n","protected":false},"author":4,"featured_media":9745,"comment_status":"closed","ping_status":"closed","sticky":false,"template":"","format":"standard","meta":{"footnotes":""},"categories":[20],"tags":[],"yoast_head":"<!-- This site is optimized with the Yoast SEO plugin v21.5 - https:\/\/yoast.com\/wordpress\/plugins\/seo\/ -->\n<title>INAUGURAMOS LA TEMPORADA EL 26 DE NOVIEMBRE - blog oficial de masella<\/title>\n<meta name=\"robots\" content=\"index, follow, max-snippet:-1, max-image-preview:large, max-video-preview:-1\" \/>\n<link rel=\"canonical\" href=\"https:\/\/www.masella.com\/blog\/es\/9709\/\" \/>\n<meta property=\"og:locale\" content=\"es_ES\" \/>\n<meta property=\"og:type\" content=\"article\" \/>\n<meta property=\"og:title\" content=\"INAUGURAMOS LA TEMPORADA EL 26 DE NOVIEMBRE - blog oficial de masella\" \/>\n<meta property=\"og:description\" content=\"En Masella inauguraremos la temporada el mi\u00e9rcoles, 26 de noviembre. La apertura prevista en cifras para ma\u00f1ana: Pistas abiertas: 6\" \/>\n<meta property=\"og:url\" content=\"https:\/\/www.masella.com\/blog\/es\/9709\/\" \/>\n<meta property=\"og:site_name\" content=\"blog oficial de masella\" \/>\n<meta property=\"article:published_time\" content=\"2025-11-25T13:26:42+00:00\" \/>\n<meta property=\"article:modified_time\" content=\"2025-12-17T14:52:08+00:00\" \/>\n<meta property=\"og:image\" content=\"https:\/\/www.masella.com\/blog\/wp-content\/uploads\/2025\/11\/011.jpg\" \/>\n\t<meta property=\"og:image:width\" content=\"1250\" \/>\n\t<meta property=\"og:image:height\" content=\"834\" \/>\n\t<meta property=\"og:image:type\" content=\"image\/jpeg\" \/>\n<meta name=\"author\" content=\"masella\" \/>\n<meta name=\"twitter:card\" content=\"summary_large_image\" \/>\n<meta name=\"twitter:label1\" content=\"Escrito por\" \/>\n\t<meta name=\"twitter:data1\" content=\"masella\" \/>\n\t<meta name=\"twitter:label2\" content=\"Tiempo de lectura\" \/>\n\t<meta name=\"twitter:data2\" content=\"3 minutos\" \/>\n<script type=\"application\/ld+json\" class=\"yoast-schema-graph\">{\"@context\":\"https:\/\/schema.org\",\"@graph\":[{\"@type\":\"Article\",\"@id\":\"https:\/\/www.masella.com\/blog\/es\/9709\/#article\",\"isPartOf\":{\"@id\":\"https:\/\/www.masella.com\/blog\/es\/9709\/\"},\"author\":{\"name\":\"masella\",\"@id\":\"https:\/\/www.masella.com\/blog\/ca\/#\/schema\/person\/e32b971f5be20790c591d85b8f1c706b\"},\"headline\":\"INAUGURAMOS LA TEMPORADA EL 26 DE NOVIEMBRE\",\"datePublished\":\"2025-11-25T13:26:42+00:00\",\"dateModified\":\"2025-12-17T14:52:08+00:00\",\"mainEntityOfPage\":{\"@id\":\"https:\/\/www.masella.com\/blog\/es\/9709\/\"},\"wordCount\":329,\"publisher\":{\"@id\":\"https:\/\/www.masella.com\/blog\/ca\/#organization\"},\"articleSection\":[\"Actualidad\"],\"inLanguage\":\"es\"},{\"@type\":\"WebPage\",\"@id\":\"https:\/\/www.masella.com\/blog\/es\/9709\/\",\"url\":\"https:\/\/www.masella.com\/blog\/es\/9709\/\",\"name\":\"INAUGURAMOS LA TEMPORADA EL 26 DE NOVIEMBRE - blog oficial de masella\",\"isPartOf\":{\"@id\":\"https:\/\/www.masella.com\/blog\/ca\/#website\"},\"datePublished\":\"2025-11-25T13:26:42+00:00\",\"dateModified\":\"2025-12-17T14:52:08+00:00\",\"breadcrumb\":{\"@id\":\"https:\/\/www.masella.com\/blog\/es\/9709\/#breadcrumb\"},\"inLanguage\":\"es\",\"potentialAction\":[{\"@type\":\"ReadAction\",\"target\":[\"https:\/\/www.masella.com\/blog\/es\/9709\/\"]}]},{\"@type\":\"BreadcrumbList\",\"@id\":\"https:\/\/www.masella.com\/blog\/es\/9709\/#breadcrumb\",\"itemListElement\":[{\"@type\":\"ListItem\",\"position\":1,\"name\":\"Portada\",\"item\":\"https:\/\/www.masella.com\/blog\/ca\/\"},{\"@type\":\"ListItem\",\"position\":2,\"name\":\"INAUGURAMOS LA TEMPORADA EL 26 DE NOVIEMBRE\"}]},{\"@type\":\"WebSite\",\"@id\":\"https:\/\/www.masella.com\/blog\/ca\/#website\",\"url\":\"https:\/\/www.masella.com\/blog\/ca\/\",\"name\":\"blog oficial de masella\",\"description\":\"\",\"publisher\":{\"@id\":\"https:\/\/www.masella.com\/blog\/ca\/#organization\"},\"potentialAction\":[{\"@type\":\"SearchAction\",\"target\":{\"@type\":\"EntryPoint\",\"urlTemplate\":\"https:\/\/www.masella.com\/blog\/ca\/?s={search_term_string}\"},\"query-input\":\"required name=search_term_string\"}],\"inLanguage\":\"es\"},{\"@type\":\"Organization\",\"@id\":\"https:\/\/www.masella.com\/blog\/ca\/#organization\",\"name\":\"blog oficial de masella\",\"url\":\"https:\/\/www.masella.com\/blog\/ca\/\",\"logo\":{\"@type\":\"ImageObject\",\"inLanguage\":\"es\",\"@id\":\"https:\/\/www.masella.com\/blog\/ca\/#\/schema\/logo\/image\/\",\"url\":\"https:\/\/www.masella.com\/blog\/wp-content\/uploads\/2022\/12\/logo-masella-es-1.png\",\"contentUrl\":\"https:\/\/www.masella.com\/blog\/wp-content\/uploads\/2022\/12\/logo-masella-es-1.png\",\"width\":150,\"height\":88,\"caption\":\"blog oficial de masella\"},\"image\":{\"@id\":\"https:\/\/www.masella.com\/blog\/ca\/#\/schema\/logo\/image\/\"}},{\"@type\":\"Person\",\"@id\":\"https:\/\/www.masella.com\/blog\/ca\/#\/schema\/person\/e32b971f5be20790c591d85b8f1c706b\",\"name\":\"masella\",\"image\":{\"@type\":\"ImageObject\",\"inLanguage\":\"es\",\"@id\":\"https:\/\/www.masella.com\/blog\/ca\/#\/schema\/person\/image\/\",\"url\":\"https:\/\/secure.gravatar.com\/avatar\/57590b1151eaa410a783e55768bbbba2?s=96&d=mm&r=g\",\"contentUrl\":\"https:\/\/secure.gravatar.com\/avatar\/57590b1151eaa410a783e55768bbbba2?s=96&d=mm&r=g\",\"caption\":\"masella\"},\"url\":\"https:\/\/www.masella.com\/blog\/es\/author\/anna\/\"}]}<\/script>\n<!-- \/ Yoast SEO plugin. -->","yoast_head_json":{"title":"INAUGURAMOS LA TEMPORADA EL 26 DE NOVIEMBRE - blog oficial de masella","robots":{"index":"index","follow":"follow","max-snippet":"max-snippet:-1","max-image-preview":"max-image-preview:large","max-video-preview":"max-video-preview:-1"},"canonical":"https:\/\/www.masella.com\/blog\/es\/9709\/","og_locale":"es_ES","og_type":"article","og_title":"INAUGURAMOS LA TEMPORADA EL 26 DE NOVIEMBRE - blog oficial de masella","og_description":"En Masella inauguraremos la temporada el mi\u00e9rcoles, 26 de noviembre. La apertura prevista en cifras para ma\u00f1ana: Pistas abiertas: 6","og_url":"https:\/\/www.masella.com\/blog\/es\/9709\/","og_site_name":"blog oficial de masella","article_published_time":"2025-11-25T13:26:42+00:00","article_modified_time":"2025-12-17T14:52:08+00:00","og_image":[{"width":1250,"height":834,"url":"https:\/\/www.masella.com\/blog\/wp-content\/uploads\/2025\/11\/011.jpg","type":"image\/jpeg"}],"author":"masella","twitter_card":"summary_large_image","twitter_misc":{"Escrito por":"masella","Tiempo de lectura":"3 minutos"},"schema":{"@context":"https:\/\/schema.org","@graph":[{"@type":"Article","@id":"https:\/\/www.masella.com\/blog\/es\/9709\/#article","isPartOf":{"@id":"https:\/\/www.masella.com\/blog\/es\/9709\/"},"author":{"name":"masella","@id":"https:\/\/www.masella.com\/blog\/ca\/#\/schema\/person\/e32b971f5be20790c591d85b8f1c706b"},"headline":"INAUGURAMOS LA TEMPORADA EL 26 DE NOVIEMBRE","datePublished":"2025-11-25T13:26:42+00:00","dateModified":"2025-12-17T14:52:08+00:00","mainEntityOfPage":{"@id":"https:\/\/www.masella.com\/blog\/es\/9709\/"},"wordCount":329,"publisher":{"@id":"https:\/\/www.masella.com\/blog\/ca\/#organization"},"articleSection":["Actualidad"],"inLanguage":"es"},{"@type":"WebPage","@id":"https:\/\/www.masella.com\/blog\/es\/9709\/","url":"https:\/\/www.masella.com\/blog\/es\/9709\/","name":"INAUGURAMOS LA TEMPORADA EL 26 DE NOVIEMBRE - blog oficial de masella","isPartOf":{"@id":"https:\/\/www.masella.com\/blog\/ca\/#website"},"datePublished":"2025-11-25T13:26:42+00:00","dateModified":"2025-12-17T14:52:08+00:00","breadcrumb":{"@id":"https:\/\/www.masella.com\/blog\/es\/9709\/#breadcrumb"},"inLanguage":"es","potentialAction":[{"@type":"ReadAction","target":["https:\/\/www.masella.com\/blog\/es\/9709\/"]}]},{"@type":"BreadcrumbList","@id":"https:\/\/www.masella.com\/blog\/es\/9709\/#breadcrumb","itemListElement":[{"@type":"ListItem","position":1,"name":"Portada","item":"https:\/\/www.masella.com\/blog\/ca\/"},{"@type":"ListItem","position":2,"name":"INAUGURAMOS LA TEMPORADA EL 26 DE NOVIEMBRE"}]},{"@type":"WebSite","@id":"https:\/\/www.masella.com\/blog\/ca\/#website","url":"https:\/\/www.masella.com\/blog\/ca\/","name":"blog oficial de masella","description":"","publisher":{"@id":"https:\/\/www.masella.com\/blog\/ca\/#organization"},"potentialAction":[{"@type":"SearchAction","target":{"@type":"EntryPoint","urlTemplate":"https:\/\/www.masella.com\/blog\/ca\/?s={search_term_string}"},"query-input":"required name=search_term_string"}],"inLanguage":"es"},{"@type":"Organization","@id":"https:\/\/www.masella.com\/blog\/ca\/#organization","name":"blog oficial de masella","url":"https:\/\/www.masella.com\/blog\/ca\/","logo":{"@type":"ImageObject","inLanguage":"es","@id":"https:\/\/www.masella.com\/blog\/ca\/#\/schema\/logo\/image\/","url":"https:\/\/www.masella.com\/blog\/wp-content\/uploads\/2022\/12\/logo-masella-es-1.png","contentUrl":"https:\/\/www.masella.com\/blog\/wp-content\/uploads\/2022\/12\/logo-masella-es-1.png","width":150,"height":88,"caption":"blog oficial de masella"},"image":{"@id":"https:\/\/www.masella.com\/blog\/ca\/#\/schema\/logo\/image\/"}},{"@type":"Person","@id":"https:\/\/www.masella.com\/blog\/ca\/#\/schema\/person\/e32b971f5be20790c591d85b8f1c706b","name":"masella","image":{"@type":"ImageObject","inLanguage":"es","@id":"https:\/\/www.masella.com\/blog\/ca\/#\/schema\/person\/image\/","url":"https:\/\/secure.gravatar.com\/avatar\/57590b1151eaa410a783e55768bbbba2?s=96&d=mm&r=g","contentUrl":"https:\/\/secure.gravatar.com\/avatar\/57590b1151eaa410a783e55768bbbba2?s=96&d=mm&r=g","caption":"masella"},"url":"https:\/\/www.masella.com\/blog\/es\/author\/anna\/"}]}},"_links":{"self":[{"href":"https:\/\/www.masella.com\/blog\/es\/wp-json\/wp\/v2\/posts\/9709"}],"collection":[{"href":"https:\/\/www.masella.com\/blog\/es\/wp-json\/wp\/v2\/posts"}],"about":[{"href":"https:\/\/www.masella.com\/blog\/es\/wp-json\/wp\/v2\/types\/post"}],"author":[{"embeddable":true,"href":"https:\/\/www.masella.com\/blog\/es\/wp-json\/wp\/v2\/users\/4"}],"replies":[{"embeddable":true,"href":"https:\/\/www.masella.com\/blog\/es\/wp-json\/wp\/v2\/comments?post=9709"}],"version-history":[{"count":3,"href":"https:\/\/www.masella.com\/blog\/es\/wp-json\/wp\/v2\/posts\/9709\/revisions"}],"predecessor-version":[{"id":9746,"href":"https:\/\/www.masella.com\/blog\/es\/wp-json\/wp\/v2\/posts\/9709\/revisions\/9746"}],"wp:featuredmedia":[{"embeddable":true,"href":"https:\/\/www.masella.com\/blog\/es\/wp-json\/wp\/v2\/media\/9745"}],"wp:attachment":[{"href":"https:\/\/www.masella.com\/blog\/es\/wp-json\/wp\/v2\/media?parent=9709"}],"wp:term":[{"taxonomy":"category","embeddable":true,"href":"https:\/\/www.masella.com\/blog\/es\/wp-json\/wp\/v2\/categories?post=9709"},{"taxonomy":"post_tag","embeddable":true,"href":"https:\/\/www.masella.com\/blog\/es\/wp-json\/wp\/v2\/tags?post=9709"}],"curies":[{"name":"wp","href":"https:\/\/api.w.org\/{rel}","templated":true}]}}