{"id":9714,"date":"2025-12-15T14:51:28","date_gmt":"2025-12-15T13:51:28","guid":{"rendered":"https:\/\/www.masella.com\/blog\/?p=9714"},"modified":"2025-12-17T15:51:03","modified_gmt":"2025-12-17T14:51:03","slug":"la-marato-de-3-cat-en-masella","status":"publish","type":"post","link":"https:\/\/www.masella.com\/blog\/es\/la-marato-de-3-cat-en-masella\/","title":{"rendered":"LA MARAT\u00d3 DE 3 CAT EN MASELLA"},"content":{"rendered":"<p>En Masella, como cada temporada, este domingo hemos celebrado un eslalon paralelo solidario para recaudar dinero, que va destinado \u00edntegramente a los fondos de La Marat\u00f3 de 3CAT. Se ha celebrado en la pista de Debutants de Coma Oriola, en el sector de Coma Oriola y se ha celebrado de 10 a 13 h.<\/p>\n<p>La Marat\u00f3 ha sido organizada por los Clubs de Esqu\u00ed habituales de la Estaci\u00f3n y la Escola de Masella. Desde Masella queremos agradecer a todos y todas las participantes que han hecho que el Eslalon paralelo solidario fuera un \u00e9xito y, sobre todo, la recauda de dinero por la investigaci\u00f3n por el c\u00e1ncer de este a\u00f1o de La Marat\u00f3 de 3CAT.<\/p>\n<p><a href=\"https:\/\/www.masella.com\/blog\/wp-content\/uploads\/2025\/12\/004.jpg\"><img loading=\"lazy\" decoding=\"async\" class=\"size-full wp-image-9719 aligncenter\" src=\"https:\/\/www.masella.com\/blog\/wp-content\/uploads\/2025\/12\/004.jpg\" alt=\"\" width=\"926\" height=\"694\" srcset=\"https:\/\/www.masella.com\/blog\/wp-content\/uploads\/2025\/12\/004.jpg 926w, https:\/\/www.masella.com\/blog\/wp-content\/uploads\/2025\/12\/004-300x225.jpg 300w, https:\/\/www.masella.com\/blog\/wp-content\/uploads\/2025\/12\/004-768x576.jpg 768w\" sizes=\"(max-width: 926px) 100vw, 926px\" \/><\/a><\/p>\n","protected":false},"excerpt":{"rendered":"<p>En Masella, como cada temporada, este domingo hemos celebrado un eslalon paralelo solidario para recaudar dinero, que va destinado \u00edntegramente<\/p>\n","protected":false},"author":4,"featured_media":9747,"comment_status":"closed","ping_status":"closed","sticky":false,"template":"","format":"standard","meta":{"footnotes":""},"categories":[20],"tags":[],"yoast_head":"<!-- This site is optimized with the Yoast SEO plugin v21.5 - https:\/\/yoast.com\/wordpress\/plugins\/seo\/ -->\n<title>LA MARAT\u00d3 DE 3 CAT EN MASELLA - blog oficial de masella<\/title>\n<meta name=\"robots\" content=\"index, follow, max-snippet:-1, max-image-preview:large, max-video-preview:-1\" \/>\n<link rel=\"canonical\" href=\"https:\/\/www.masella.com\/blog\/es\/la-marato-de-3-cat-en-masella\/\" \/>\n<meta property=\"og:locale\" content=\"es_ES\" \/>\n<meta property=\"og:type\" content=\"article\" \/>\n<meta property=\"og:title\" content=\"LA MARAT\u00d3 DE 3 CAT EN MASELLA - blog oficial de masella\" \/>\n<meta property=\"og:description\" content=\"En Masella, como cada temporada, este domingo hemos celebrado un eslalon paralelo solidario para recaudar dinero, que va destinado \u00edntegramente\" \/>\n<meta property=\"og:url\" content=\"https:\/\/www.masella.com\/blog\/es\/la-marato-de-3-cat-en-masella\/\" \/>\n<meta property=\"og:site_name\" content=\"blog oficial de masella\" \/>\n<meta property=\"article:published_time\" content=\"2025-12-15T13:51:28+00:00\" \/>\n<meta property=\"article:modified_time\" content=\"2025-12-17T14:51:03+00:00\" \/>\n<meta property=\"og:image\" content=\"https:\/\/www.masella.com\/blog\/wp-content\/uploads\/2025\/12\/002COMP-1.jpg\" \/>\n\t<meta property=\"og:image:width\" content=\"668\" \/>\n\t<meta property=\"og:image:height\" content=\"445\" \/>\n\t<meta property=\"og:image:type\" content=\"image\/jpeg\" \/>\n<meta name=\"author\" content=\"masella\" \/>\n<meta name=\"twitter:card\" content=\"summary_large_image\" \/>\n<meta name=\"twitter:label1\" content=\"Escrito por\" \/>\n\t<meta name=\"twitter:data1\" content=\"masella\" \/>\n\t<meta name=\"twitter:label2\" content=\"Tiempo de lectura\" \/>\n\t<meta name=\"twitter:data2\" content=\"1 minuto\" \/>\n<script type=\"application\/ld+json\" class=\"yoast-schema-graph\">{\"@context\":\"https:\/\/schema.org\",\"@graph\":[{\"@type\":\"Article\",\"@id\":\"https:\/\/www.masella.com\/blog\/es\/la-marato-de-3-cat-en-masella\/#article\",\"isPartOf\":{\"@id\":\"https:\/\/www.masella.com\/blog\/es\/la-marato-de-3-cat-en-masella\/\"},\"author\":{\"name\":\"masella\",\"@id\":\"https:\/\/www.masella.com\/blog\/ca\/#\/schema\/person\/e32b971f5be20790c591d85b8f1c706b\"},\"headline\":\"LA MARAT\u00d3 DE 3 CAT EN MASELLA\",\"datePublished\":\"2025-12-15T13:51:28+00:00\",\"dateModified\":\"2025-12-17T14:51:03+00:00\",\"mainEntityOfPage\":{\"@id\":\"https:\/\/www.masella.com\/blog\/es\/la-marato-de-3-cat-en-masella\/\"},\"wordCount\":123,\"publisher\":{\"@id\":\"https:\/\/www.masella.com\/blog\/ca\/#organization\"},\"articleSection\":[\"Actualidad\"],\"inLanguage\":\"es\"},{\"@type\":\"WebPage\",\"@id\":\"https:\/\/www.masella.com\/blog\/es\/la-marato-de-3-cat-en-masella\/\",\"url\":\"https:\/\/www.masella.com\/blog\/es\/la-marato-de-3-cat-en-masella\/\",\"name\":\"LA MARAT\u00d3 DE 3 CAT EN MASELLA - blog oficial de masella\",\"isPartOf\":{\"@id\":\"https:\/\/www.masella.com\/blog\/ca\/#website\"},\"datePublished\":\"2025-12-15T13:51:28+00:00\",\"dateModified\":\"2025-12-17T14:51:03+00:00\",\"breadcrumb\":{\"@id\":\"https:\/\/www.masella.com\/blog\/es\/la-marato-de-3-cat-en-masella\/#breadcrumb\"},\"inLanguage\":\"es\",\"potentialAction\":[{\"@type\":\"ReadAction\",\"target\":[\"https:\/\/www.masella.com\/blog\/es\/la-marato-de-3-cat-en-masella\/\"]}]},{\"@type\":\"BreadcrumbList\",\"@id\":\"https:\/\/www.masella.com\/blog\/es\/la-marato-de-3-cat-en-masella\/#breadcrumb\",\"itemListElement\":[{\"@type\":\"ListItem\",\"position\":1,\"name\":\"Portada\",\"item\":\"https:\/\/www.masella.com\/blog\/ca\/\"},{\"@type\":\"ListItem\",\"position\":2,\"name\":\"LA MARAT\u00d3 DE 3 CAT EN MASELLA\"}]},{\"@type\":\"WebSite\",\"@id\":\"https:\/\/www.masella.com\/blog\/ca\/#website\",\"url\":\"https:\/\/www.masella.com\/blog\/ca\/\",\"name\":\"blog oficial de masella\",\"description\":\"\",\"publisher\":{\"@id\":\"https:\/\/www.masella.com\/blog\/ca\/#organization\"},\"potentialAction\":[{\"@type\":\"SearchAction\",\"target\":{\"@type\":\"EntryPoint\",\"urlTemplate\":\"https:\/\/www.masella.com\/blog\/ca\/?s={search_term_string}\"},\"query-input\":\"required name=search_term_string\"}],\"inLanguage\":\"es\"},{\"@type\":\"Organization\",\"@id\":\"https:\/\/www.masella.com\/blog\/ca\/#organization\",\"name\":\"blog oficial de masella\",\"url\":\"https:\/\/www.masella.com\/blog\/ca\/\",\"logo\":{\"@type\":\"ImageObject\",\"inLanguage\":\"es\",\"@id\":\"https:\/\/www.masella.com\/blog\/ca\/#\/schema\/logo\/image\/\",\"url\":\"https:\/\/www.masella.com\/blog\/wp-content\/uploads\/2022\/12\/logo-masella-es-1.png\",\"contentUrl\":\"https:\/\/www.masella.com\/blog\/wp-content\/uploads\/2022\/12\/logo-masella-es-1.png\",\"width\":150,\"height\":88,\"caption\":\"blog oficial de masella\"},\"image\":{\"@id\":\"https:\/\/www.masella.com\/blog\/ca\/#\/schema\/logo\/image\/\"}},{\"@type\":\"Person\",\"@id\":\"https:\/\/www.masella.com\/blog\/ca\/#\/schema\/person\/e32b971f5be20790c591d85b8f1c706b\",\"name\":\"masella\",\"image\":{\"@type\":\"ImageObject\",\"inLanguage\":\"es\",\"@id\":\"https:\/\/www.masella.com\/blog\/ca\/#\/schema\/person\/image\/\",\"url\":\"https:\/\/secure.gravatar.com\/avatar\/57590b1151eaa410a783e55768bbbba2?s=96&d=mm&r=g\",\"contentUrl\":\"https:\/\/secure.gravatar.com\/avatar\/57590b1151eaa410a783e55768bbbba2?s=96&d=mm&r=g\",\"caption\":\"masella\"},\"url\":\"https:\/\/www.masella.com\/blog\/es\/author\/anna\/\"}]}<\/script>\n<!-- \/ Yoast SEO plugin. -->","yoast_head_json":{"title":"LA MARAT\u00d3 DE 3 CAT EN MASELLA - blog oficial de masella","robots":{"index":"index","follow":"follow","max-snippet":"max-snippet:-1","max-image-preview":"max-image-preview:large","max-video-preview":"max-video-preview:-1"},"canonical":"https:\/\/www.masella.com\/blog\/es\/la-marato-de-3-cat-en-masella\/","og_locale":"es_ES","og_type":"article","og_title":"LA MARAT\u00d3 DE 3 CAT EN MASELLA - blog oficial de masella","og_description":"En Masella, como cada temporada, este domingo hemos celebrado un eslalon paralelo solidario para recaudar dinero, que va destinado \u00edntegramente","og_url":"https:\/\/www.masella.com\/blog\/es\/la-marato-de-3-cat-en-masella\/","og_site_name":"blog oficial de masella","article_published_time":"2025-12-15T13:51:28+00:00","article_modified_time":"2025-12-17T14:51:03+00:00","og_image":[{"width":668,"height":445,"url":"https:\/\/www.masella.com\/blog\/wp-content\/uploads\/2025\/12\/002COMP-1.jpg","type":"image\/jpeg"}],"author":"masella","twitter_card":"summary_large_image","twitter_misc":{"Escrito por":"masella","Tiempo de lectura":"1 minuto"},"schema":{"@context":"https:\/\/schema.org","@graph":[{"@type":"Article","@id":"https:\/\/www.masella.com\/blog\/es\/la-marato-de-3-cat-en-masella\/#article","isPartOf":{"@id":"https:\/\/www.masella.com\/blog\/es\/la-marato-de-3-cat-en-masella\/"},"author":{"name":"masella","@id":"https:\/\/www.masella.com\/blog\/ca\/#\/schema\/person\/e32b971f5be20790c591d85b8f1c706b"},"headline":"LA MARAT\u00d3 DE 3 CAT EN MASELLA","datePublished":"2025-12-15T13:51:28+00:00","dateModified":"2025-12-17T14:51:03+00:00","mainEntityOfPage":{"@id":"https:\/\/www.masella.com\/blog\/es\/la-marato-de-3-cat-en-masella\/"},"wordCount":123,"publisher":{"@id":"https:\/\/www.masella.com\/blog\/ca\/#organization"},"articleSection":["Actualidad"],"inLanguage":"es"},{"@type":"WebPage","@id":"https:\/\/www.masella.com\/blog\/es\/la-marato-de-3-cat-en-masella\/","url":"https:\/\/www.masella.com\/blog\/es\/la-marato-de-3-cat-en-masella\/","name":"LA MARAT\u00d3 DE 3 CAT EN MASELLA - blog oficial de masella","isPartOf":{"@id":"https:\/\/www.masella.com\/blog\/ca\/#website"},"datePublished":"2025-12-15T13:51:28+00:00","dateModified":"2025-12-17T14:51:03+00:00","breadcrumb":{"@id":"https:\/\/www.masella.com\/blog\/es\/la-marato-de-3-cat-en-masella\/#breadcrumb"},"inLanguage":"es","potentialAction":[{"@type":"ReadAction","target":["https:\/\/www.masella.com\/blog\/es\/la-marato-de-3-cat-en-masella\/"]}]},{"@type":"BreadcrumbList","@id":"https:\/\/www.masella.com\/blog\/es\/la-marato-de-3-cat-en-masella\/#breadcrumb","itemListElement":[{"@type":"ListItem","position":1,"name":"Portada","item":"https:\/\/www.masella.com\/blog\/ca\/"},{"@type":"ListItem","position":2,"name":"LA MARAT\u00d3 DE 3 CAT EN MASELLA"}]},{"@type":"WebSite","@id":"https:\/\/www.masella.com\/blog\/ca\/#website","url":"https:\/\/www.masella.com\/blog\/ca\/","name":"blog oficial de masella","description":"","publisher":{"@id":"https:\/\/www.masella.com\/blog\/ca\/#organization"},"potentialAction":[{"@type":"SearchAction","target":{"@type":"EntryPoint","urlTemplate":"https:\/\/www.masella.com\/blog\/ca\/?s={search_term_string}"},"query-input":"required name=search_term_string"}],"inLanguage":"es"},{"@type":"Organization","@id":"https:\/\/www.masella.com\/blog\/ca\/#organization","name":"blog oficial de masella","url":"https:\/\/www.masella.com\/blog\/ca\/","logo":{"@type":"ImageObject","inLanguage":"es","@id":"https:\/\/www.masella.com\/blog\/ca\/#\/schema\/logo\/image\/","url":"https:\/\/www.masella.com\/blog\/wp-content\/uploads\/2022\/12\/logo-masella-es-1.png","contentUrl":"https:\/\/www.masella.com\/blog\/wp-content\/uploads\/2022\/12\/logo-masella-es-1.png","width":150,"height":88,"caption":"blog oficial de masella"},"image":{"@id":"https:\/\/www.masella.com\/blog\/ca\/#\/schema\/logo\/image\/"}},{"@type":"Person","@id":"https:\/\/www.masella.com\/blog\/ca\/#\/schema\/person\/e32b971f5be20790c591d85b8f1c706b","name":"masella","image":{"@type":"ImageObject","inLanguage":"es","@id":"https:\/\/www.masella.com\/blog\/ca\/#\/schema\/person\/image\/","url":"https:\/\/secure.gravatar.com\/avatar\/57590b1151eaa410a783e55768bbbba2?s=96&d=mm&r=g","contentUrl":"https:\/\/secure.gravatar.com\/avatar\/57590b1151eaa410a783e55768bbbba2?s=96&d=mm&r=g","caption":"masella"},"url":"https:\/\/www.masella.com\/blog\/es\/author\/anna\/"}]}},"_links":{"self":[{"href":"https:\/\/www.masella.com\/blog\/es\/wp-json\/wp\/v2\/posts\/9714"}],"collection":[{"href":"https:\/\/www.masella.com\/blog\/es\/wp-json\/wp\/v2\/posts"}],"about":[{"href":"https:\/\/www.masella.com\/blog\/es\/wp-json\/wp\/v2\/types\/post"}],"author":[{"embeddable":true,"href":"https:\/\/www.masella.com\/blog\/es\/wp-json\/wp\/v2\/users\/4"}],"replies":[{"embeddable":true,"href":"https:\/\/www.masella.com\/blog\/es\/wp-json\/wp\/v2\/comments?post=9714"}],"version-history":[{"count":3,"href":"https:\/\/www.masella.com\/blog\/es\/wp-json\/wp\/v2\/posts\/9714\/revisions"}],"predecessor-version":[{"id":9739,"href":"https:\/\/www.masella.com\/blog\/es\/wp-json\/wp\/v2\/posts\/9714\/revisions\/9739"}],"wp:featuredmedia":[{"embeddable":true,"href":"https:\/\/www.masella.com\/blog\/es\/wp-json\/wp\/v2\/media\/9747"}],"wp:attachment":[{"href":"https:\/\/www.masella.com\/blog\/es\/wp-json\/wp\/v2\/media?parent=9714"}],"wp:term":[{"taxonomy":"category","embeddable":true,"href":"https:\/\/www.masella.com\/blog\/es\/wp-json\/wp\/v2\/categories?post=9714"},{"taxonomy":"post_tag","embeddable":true,"href":"https:\/\/www.masella.com\/blog\/es\/wp-json\/wp\/v2\/tags?post=9714"}],"curies":[{"name":"wp","href":"https:\/\/api.w.org\/{rel}","templated":true}]}}