{"id":9737,"date":"2025-12-17T15:15:38","date_gmt":"2025-12-17T14:15:38","guid":{"rendered":"https:\/\/www.masella.com\/blog\/?p=9737"},"modified":"2025-12-30T12:42:15","modified_gmt":"2025-12-30T11:42:15","slug":"10-1-2026-te-invitamos-a-la-bajada-de-antorchas-del-temps-de-neu","status":"publish","type":"post","link":"https:\/\/www.masella.com\/blog\/es\/10-1-2026-te-invitamos-a-la-bajada-de-antorchas-del-temps-de-neu\/","title":{"rendered":"10\/1\/2026 TE INVITAMOS A LA BAJADA DE ANTORCHAS DEL TEMPS DE NEU"},"content":{"rendered":"<p>El 10 de enero de 2026 el programa \u00abTemps de neu\u00bb celebrar\u00e1 el 40 aniversario de la primera emisi\u00f3n por TV3 con una gran fiesta en la estaci\u00f3n de esqu\u00ed de Masella. \u00a1Est\u00e1is todos invitados!<\/p>\n<p>Organizaremos una gran bajada de antorchas por las pistas de la estaci\u00f3n, la noche del s\u00e1bado 10 de enero. Queremos que sea la bajada de antorchas m\u00e1s popular que se haya hecho nunca y por eso queremos invitar a 2.500 esquiadores y esquiadoras.<\/p>\n<p>\u00bfQuieres realizar la bajada de antorchas y esquiar por la noche?<\/p>\n<p>Si te gusta esquiar y tienes ganas de celebrar los 40 a\u00f1os de \u00abTemps de neu\u00bb con todo el equipo del programa, te invitamos a participar en la bajada de antorchas multitudinaria y a disfrutar de toda la fiesta.<\/p>\n<p>Aparte del espect\u00e1culo con la multitud de esquiadores iluminando con sus antorchas las pistas de Masella, tambi\u00e9n habr\u00e1:<\/p>\n<ul>\n<li>La mejor m\u00fasica de iCat, pinchada por la DJ Trapella<\/li>\n<li>Una gran tarta de cumplea\u00f1os que nos llevar\u00e1 personalmente Lluc Crusellas, el maestro chocolatero campe\u00f3n del mundo<\/li>\n<li>\u00a1Fuegos artificiales para iluminar el cielo de la Cerdanya!<\/li>\n<\/ul>\n<p>Al terminar la bajada de antorchas, te invitamos (gratis) a disfrutar del esqu\u00ed nocturno.<\/p>\n<p><a href=\"https:\/\/www.masella.com\/blog\/wp-content\/uploads\/2025\/12\/2xxss_comp.jpg\"><img loading=\"lazy\" decoding=\"async\" class=\"alignnone size-full wp-image-9735\" src=\"https:\/\/www.masella.com\/blog\/wp-content\/uploads\/2025\/12\/2xxss_comp.jpg\" alt=\"\" width=\"2500\" height=\"1667\" srcset=\"https:\/\/www.masella.com\/blog\/wp-content\/uploads\/2025\/12\/2xxss_comp.jpg 2500w, https:\/\/www.masella.com\/blog\/wp-content\/uploads\/2025\/12\/2xxss_comp-300x200.jpg 300w, https:\/\/www.masella.com\/blog\/wp-content\/uploads\/2025\/12\/2xxss_comp-1024x683.jpg 1024w, https:\/\/www.masella.com\/blog\/wp-content\/uploads\/2025\/12\/2xxss_comp-768x512.jpg 768w, https:\/\/www.masella.com\/blog\/wp-content\/uploads\/2025\/12\/2xxss_comp-1536x1024.jpg 1536w, https:\/\/www.masella.com\/blog\/wp-content\/uploads\/2025\/12\/2xxss_comp-2048x1366.jpg 2048w\" sizes=\"(max-width: 2500px) 100vw, 2500px\" \/><\/a><\/p>\n<p><strong>HORARIOS PARA EL P\u00daBLICO <\/strong><\/p>\n<p>Para seguir la Bajada de Antorchas desde Masella hay que estar a partir de las 17 h, en las terrazas del Pla de Masella.<\/p>\n<p><strong>HORARIOS PARA LOS ESQUIADORES QUE BAJAN CON ANTORCHAS Y CONSEJOS \u2013 S\u00d3LO INSCRITOS QUE HAN RECIBIDO CONFIRMACI\u00d3N DE LA INSCRIPCI\u00d3N V\u00cdA E.MAIL<\/strong><\/p>\n<p>De 16,30 a 16,45 h (\u00faltima subida), en el telesilla Masella Jet (Sector del Pla de Masella)<\/p>\n<p>\u2212 Ropa de abrigo<\/p>\n<p>\u2212 Vestimenta de esqu\u00ed vieja<\/p>\n<p>\u2212 Luz frontal que se deber\u00e1 apagar una vez la antorcha est\u00e9 encendida<\/p>\n<p>\u2212 Sombrero y guantes viejos<\/p>\n<p>\u2212 Uso del casco<\/p>\n<p>\u2212 Se aconseja, a todos los que no dispongan de seguro, que lo tramiten en las taquillas del Pla de Masella por la sesi\u00f3n de Esqu\u00ed Nocturno<\/p>\n","protected":false},"excerpt":{"rendered":"<p>El 10 de enero de 2026 el programa \u00abTemps de neu\u00bb celebrar\u00e1 el 40 aniversario de la primera emisi\u00f3n por<\/p>\n","protected":false},"author":4,"featured_media":9731,"comment_status":"closed","ping_status":"closed","sticky":false,"template":"","format":"standard","meta":{"footnotes":""},"categories":[20,28],"tags":[],"yoast_head":"<!-- This site is optimized with the Yoast SEO plugin v21.5 - https:\/\/yoast.com\/wordpress\/plugins\/seo\/ -->\n<title>10\/1\/2026 TE INVITAMOS A LA BAJADA DE ANTORCHAS DEL TEMPS DE NEU - blog oficial de masella<\/title>\n<meta name=\"robots\" content=\"index, follow, max-snippet:-1, max-image-preview:large, max-video-preview:-1\" \/>\n<link rel=\"canonical\" href=\"https:\/\/www.masella.com\/blog\/es\/10-1-2026-te-invitamos-a-la-bajada-de-antorchas-del-temps-de-neu\/\" \/>\n<meta property=\"og:locale\" content=\"es_ES\" \/>\n<meta property=\"og:type\" content=\"article\" \/>\n<meta property=\"og:title\" content=\"10\/1\/2026 TE INVITAMOS A LA BAJADA DE ANTORCHAS DEL TEMPS DE NEU - blog oficial de masella\" \/>\n<meta property=\"og:description\" content=\"El 10 de enero de 2026 el programa \u00abTemps de neu\u00bb celebrar\u00e1 el 40 aniversario de la primera emisi\u00f3n por\" \/>\n<meta property=\"og:url\" content=\"https:\/\/www.masella.com\/blog\/es\/10-1-2026-te-invitamos-a-la-bajada-de-antorchas-del-temps-de-neu\/\" \/>\n<meta property=\"og:site_name\" content=\"blog oficial de masella\" \/>\n<meta property=\"article:published_time\" content=\"2025-12-17T14:15:38+00:00\" \/>\n<meta property=\"article:modified_time\" content=\"2025-12-30T11:42:15+00:00\" \/>\n<meta property=\"og:image\" content=\"https:\/\/www.masella.com\/blog\/wp-content\/uploads\/2025\/12\/1xxss_comp-1024x683.jpg\" \/>\n\t<meta property=\"og:image:width\" content=\"1024\" \/>\n\t<meta property=\"og:image:height\" content=\"683\" \/>\n\t<meta property=\"og:image:type\" content=\"image\/jpeg\" \/>\n<meta name=\"author\" content=\"masella\" \/>\n<meta name=\"twitter:card\" content=\"summary_large_image\" \/>\n<meta name=\"twitter:label1\" content=\"Escrito por\" \/>\n\t<meta name=\"twitter:data1\" content=\"masella\" \/>\n\t<meta name=\"twitter:label2\" content=\"Tiempo de lectura\" \/>\n\t<meta name=\"twitter:data2\" content=\"2 minutos\" \/>\n<script type=\"application\/ld+json\" class=\"yoast-schema-graph\">{\"@context\":\"https:\/\/schema.org\",\"@graph\":[{\"@type\":\"Article\",\"@id\":\"https:\/\/www.masella.com\/blog\/es\/10-1-2026-te-invitamos-a-la-bajada-de-antorchas-del-temps-de-neu\/#article\",\"isPartOf\":{\"@id\":\"https:\/\/www.masella.com\/blog\/es\/10-1-2026-te-invitamos-a-la-bajada-de-antorchas-del-temps-de-neu\/\"},\"author\":{\"name\":\"masella\",\"@id\":\"https:\/\/www.masella.com\/blog\/ca\/#\/schema\/person\/e32b971f5be20790c591d85b8f1c706b\"},\"headline\":\"10\/1\/2026 TE INVITAMOS A LA BAJADA DE ANTORCHAS DEL TEMPS DE NEU\",\"datePublished\":\"2025-12-17T14:15:38+00:00\",\"dateModified\":\"2025-12-30T11:42:15+00:00\",\"mainEntityOfPage\":{\"@id\":\"https:\/\/www.masella.com\/blog\/es\/10-1-2026-te-invitamos-a-la-bajada-de-antorchas-del-temps-de-neu\/\"},\"wordCount\":335,\"publisher\":{\"@id\":\"https:\/\/www.masella.com\/blog\/ca\/#organization\"},\"articleSection\":[\"Actualidad\",\"Actualitat\"],\"inLanguage\":\"es\"},{\"@type\":\"WebPage\",\"@id\":\"https:\/\/www.masella.com\/blog\/es\/10-1-2026-te-invitamos-a-la-bajada-de-antorchas-del-temps-de-neu\/\",\"url\":\"https:\/\/www.masella.com\/blog\/es\/10-1-2026-te-invitamos-a-la-bajada-de-antorchas-del-temps-de-neu\/\",\"name\":\"10\/1\/2026 TE INVITAMOS A LA BAJADA DE ANTORCHAS DEL TEMPS DE NEU - blog oficial de masella\",\"isPartOf\":{\"@id\":\"https:\/\/www.masella.com\/blog\/ca\/#website\"},\"datePublished\":\"2025-12-17T14:15:38+00:00\",\"dateModified\":\"2025-12-30T11:42:15+00:00\",\"breadcrumb\":{\"@id\":\"https:\/\/www.masella.com\/blog\/es\/10-1-2026-te-invitamos-a-la-bajada-de-antorchas-del-temps-de-neu\/#breadcrumb\"},\"inLanguage\":\"es\",\"potentialAction\":[{\"@type\":\"ReadAction\",\"target\":[\"https:\/\/www.masella.com\/blog\/es\/10-1-2026-te-invitamos-a-la-bajada-de-antorchas-del-temps-de-neu\/\"]}]},{\"@type\":\"BreadcrumbList\",\"@id\":\"https:\/\/www.masella.com\/blog\/es\/10-1-2026-te-invitamos-a-la-bajada-de-antorchas-del-temps-de-neu\/#breadcrumb\",\"itemListElement\":[{\"@type\":\"ListItem\",\"position\":1,\"name\":\"Portada\",\"item\":\"https:\/\/www.masella.com\/blog\/ca\/\"},{\"@type\":\"ListItem\",\"position\":2,\"name\":\"10\/1\/2026 TE INVITAMOS A LA BAJADA DE ANTORCHAS DEL TEMPS DE NEU\"}]},{\"@type\":\"WebSite\",\"@id\":\"https:\/\/www.masella.com\/blog\/ca\/#website\",\"url\":\"https:\/\/www.masella.com\/blog\/ca\/\",\"name\":\"blog oficial de masella\",\"description\":\"\",\"publisher\":{\"@id\":\"https:\/\/www.masella.com\/blog\/ca\/#organization\"},\"potentialAction\":[{\"@type\":\"SearchAction\",\"target\":{\"@type\":\"EntryPoint\",\"urlTemplate\":\"https:\/\/www.masella.com\/blog\/ca\/?s={search_term_string}\"},\"query-input\":\"required name=search_term_string\"}],\"inLanguage\":\"es\"},{\"@type\":\"Organization\",\"@id\":\"https:\/\/www.masella.com\/blog\/ca\/#organization\",\"name\":\"blog oficial de masella\",\"url\":\"https:\/\/www.masella.com\/blog\/ca\/\",\"logo\":{\"@type\":\"ImageObject\",\"inLanguage\":\"es\",\"@id\":\"https:\/\/www.masella.com\/blog\/ca\/#\/schema\/logo\/image\/\",\"url\":\"https:\/\/www.masella.com\/blog\/wp-content\/uploads\/2022\/12\/logo-masella-es-1.png\",\"contentUrl\":\"https:\/\/www.masella.com\/blog\/wp-content\/uploads\/2022\/12\/logo-masella-es-1.png\",\"width\":150,\"height\":88,\"caption\":\"blog oficial de masella\"},\"image\":{\"@id\":\"https:\/\/www.masella.com\/blog\/ca\/#\/schema\/logo\/image\/\"}},{\"@type\":\"Person\",\"@id\":\"https:\/\/www.masella.com\/blog\/ca\/#\/schema\/person\/e32b971f5be20790c591d85b8f1c706b\",\"name\":\"masella\",\"image\":{\"@type\":\"ImageObject\",\"inLanguage\":\"es\",\"@id\":\"https:\/\/www.masella.com\/blog\/ca\/#\/schema\/person\/image\/\",\"url\":\"https:\/\/secure.gravatar.com\/avatar\/57590b1151eaa410a783e55768bbbba2?s=96&d=mm&r=g\",\"contentUrl\":\"https:\/\/secure.gravatar.com\/avatar\/57590b1151eaa410a783e55768bbbba2?s=96&d=mm&r=g\",\"caption\":\"masella\"},\"url\":\"https:\/\/www.masella.com\/blog\/es\/author\/anna\/\"}]}<\/script>\n<!-- \/ Yoast SEO plugin. -->","yoast_head_json":{"title":"10\/1\/2026 TE INVITAMOS A LA BAJADA DE ANTORCHAS DEL TEMPS DE NEU - blog oficial de masella","robots":{"index":"index","follow":"follow","max-snippet":"max-snippet:-1","max-image-preview":"max-image-preview:large","max-video-preview":"max-video-preview:-1"},"canonical":"https:\/\/www.masella.com\/blog\/es\/10-1-2026-te-invitamos-a-la-bajada-de-antorchas-del-temps-de-neu\/","og_locale":"es_ES","og_type":"article","og_title":"10\/1\/2026 TE INVITAMOS A LA BAJADA DE ANTORCHAS DEL TEMPS DE NEU - blog oficial de masella","og_description":"El 10 de enero de 2026 el programa \u00abTemps de neu\u00bb celebrar\u00e1 el 40 aniversario de la primera emisi\u00f3n por","og_url":"https:\/\/www.masella.com\/blog\/es\/10-1-2026-te-invitamos-a-la-bajada-de-antorchas-del-temps-de-neu\/","og_site_name":"blog oficial de masella","article_published_time":"2025-12-17T14:15:38+00:00","article_modified_time":"2025-12-30T11:42:15+00:00","og_image":[{"width":1024,"height":683,"url":"https:\/\/www.masella.com\/blog\/wp-content\/uploads\/2025\/12\/1xxss_comp-1024x683.jpg","type":"image\/jpeg"}],"author":"masella","twitter_card":"summary_large_image","twitter_misc":{"Escrito por":"masella","Tiempo de lectura":"2 minutos"},"schema":{"@context":"https:\/\/schema.org","@graph":[{"@type":"Article","@id":"https:\/\/www.masella.com\/blog\/es\/10-1-2026-te-invitamos-a-la-bajada-de-antorchas-del-temps-de-neu\/#article","isPartOf":{"@id":"https:\/\/www.masella.com\/blog\/es\/10-1-2026-te-invitamos-a-la-bajada-de-antorchas-del-temps-de-neu\/"},"author":{"name":"masella","@id":"https:\/\/www.masella.com\/blog\/ca\/#\/schema\/person\/e32b971f5be20790c591d85b8f1c706b"},"headline":"10\/1\/2026 TE INVITAMOS A LA BAJADA DE ANTORCHAS DEL TEMPS DE NEU","datePublished":"2025-12-17T14:15:38+00:00","dateModified":"2025-12-30T11:42:15+00:00","mainEntityOfPage":{"@id":"https:\/\/www.masella.com\/blog\/es\/10-1-2026-te-invitamos-a-la-bajada-de-antorchas-del-temps-de-neu\/"},"wordCount":335,"publisher":{"@id":"https:\/\/www.masella.com\/blog\/ca\/#organization"},"articleSection":["Actualidad","Actualitat"],"inLanguage":"es"},{"@type":"WebPage","@id":"https:\/\/www.masella.com\/blog\/es\/10-1-2026-te-invitamos-a-la-bajada-de-antorchas-del-temps-de-neu\/","url":"https:\/\/www.masella.com\/blog\/es\/10-1-2026-te-invitamos-a-la-bajada-de-antorchas-del-temps-de-neu\/","name":"10\/1\/2026 TE INVITAMOS A LA BAJADA DE ANTORCHAS DEL TEMPS DE NEU - blog oficial de masella","isPartOf":{"@id":"https:\/\/www.masella.com\/blog\/ca\/#website"},"datePublished":"2025-12-17T14:15:38+00:00","dateModified":"2025-12-30T11:42:15+00:00","breadcrumb":{"@id":"https:\/\/www.masella.com\/blog\/es\/10-1-2026-te-invitamos-a-la-bajada-de-antorchas-del-temps-de-neu\/#breadcrumb"},"inLanguage":"es","potentialAction":[{"@type":"ReadAction","target":["https:\/\/www.masella.com\/blog\/es\/10-1-2026-te-invitamos-a-la-bajada-de-antorchas-del-temps-de-neu\/"]}]},{"@type":"BreadcrumbList","@id":"https:\/\/www.masella.com\/blog\/es\/10-1-2026-te-invitamos-a-la-bajada-de-antorchas-del-temps-de-neu\/#breadcrumb","itemListElement":[{"@type":"ListItem","position":1,"name":"Portada","item":"https:\/\/www.masella.com\/blog\/ca\/"},{"@type":"ListItem","position":2,"name":"10\/1\/2026 TE INVITAMOS A LA BAJADA DE ANTORCHAS DEL TEMPS DE NEU"}]},{"@type":"WebSite","@id":"https:\/\/www.masella.com\/blog\/ca\/#website","url":"https:\/\/www.masella.com\/blog\/ca\/","name":"blog oficial de masella","description":"","publisher":{"@id":"https:\/\/www.masella.com\/blog\/ca\/#organization"},"potentialAction":[{"@type":"SearchAction","target":{"@type":"EntryPoint","urlTemplate":"https:\/\/www.masella.com\/blog\/ca\/?s={search_term_string}"},"query-input":"required name=search_term_string"}],"inLanguage":"es"},{"@type":"Organization","@id":"https:\/\/www.masella.com\/blog\/ca\/#organization","name":"blog oficial de masella","url":"https:\/\/www.masella.com\/blog\/ca\/","logo":{"@type":"ImageObject","inLanguage":"es","@id":"https:\/\/www.masella.com\/blog\/ca\/#\/schema\/logo\/image\/","url":"https:\/\/www.masella.com\/blog\/wp-content\/uploads\/2022\/12\/logo-masella-es-1.png","contentUrl":"https:\/\/www.masella.com\/blog\/wp-content\/uploads\/2022\/12\/logo-masella-es-1.png","width":150,"height":88,"caption":"blog oficial de masella"},"image":{"@id":"https:\/\/www.masella.com\/blog\/ca\/#\/schema\/logo\/image\/"}},{"@type":"Person","@id":"https:\/\/www.masella.com\/blog\/ca\/#\/schema\/person\/e32b971f5be20790c591d85b8f1c706b","name":"masella","image":{"@type":"ImageObject","inLanguage":"es","@id":"https:\/\/www.masella.com\/blog\/ca\/#\/schema\/person\/image\/","url":"https:\/\/secure.gravatar.com\/avatar\/57590b1151eaa410a783e55768bbbba2?s=96&d=mm&r=g","contentUrl":"https:\/\/secure.gravatar.com\/avatar\/57590b1151eaa410a783e55768bbbba2?s=96&d=mm&r=g","caption":"masella"},"url":"https:\/\/www.masella.com\/blog\/es\/author\/anna\/"}]}},"_links":{"self":[{"href":"https:\/\/www.masella.com\/blog\/es\/wp-json\/wp\/v2\/posts\/9737"}],"collection":[{"href":"https:\/\/www.masella.com\/blog\/es\/wp-json\/wp\/v2\/posts"}],"about":[{"href":"https:\/\/www.masella.com\/blog\/es\/wp-json\/wp\/v2\/types\/post"}],"author":[{"embeddable":true,"href":"https:\/\/www.masella.com\/blog\/es\/wp-json\/wp\/v2\/users\/4"}],"replies":[{"embeddable":true,"href":"https:\/\/www.masella.com\/blog\/es\/wp-json\/wp\/v2\/comments?post=9737"}],"version-history":[{"count":4,"href":"https:\/\/www.masella.com\/blog\/es\/wp-json\/wp\/v2\/posts\/9737\/revisions"}],"predecessor-version":[{"id":9777,"href":"https:\/\/www.masella.com\/blog\/es\/wp-json\/wp\/v2\/posts\/9737\/revisions\/9777"}],"wp:featuredmedia":[{"embeddable":true,"href":"https:\/\/www.masella.com\/blog\/es\/wp-json\/wp\/v2\/media\/9731"}],"wp:attachment":[{"href":"https:\/\/www.masella.com\/blog\/es\/wp-json\/wp\/v2\/media?parent=9737"}],"wp:term":[{"taxonomy":"category","embeddable":true,"href":"https:\/\/www.masella.com\/blog\/es\/wp-json\/wp\/v2\/categories?post=9737"},{"taxonomy":"post_tag","embeddable":true,"href":"https:\/\/www.masella.com\/blog\/es\/wp-json\/wp\/v2\/tags?post=9737"}],"curies":[{"name":"wp","href":"https:\/\/api.w.org\/{rel}","templated":true}]}}