{"id":9804,"date":"2026-01-31T15:20:22","date_gmt":"2026-01-31T14:20:22","guid":{"rendered":"https:\/\/www.masella.com\/blog\/?p=9804"},"modified":"2026-02-21T16:33:57","modified_gmt":"2026-02-21T15:33:57","slug":"abono-de-1-2-temporada","status":"publish","type":"post","link":"https:\/\/www.masella.com\/blog\/es\/abono-de-1-2-temporada\/","title":{"rendered":"ABONO DE 1\/2 TEMPORADA"},"content":{"rendered":"<p>Ahora es el momento de tramitar el abono de \u00bd temporada. Este abono permite esquiar los casi tres meses que quedan de invierno y de entrada en la primavera, coincidiendo con los meses de febrero, marzo y abril, en que tradicionalmente es la \u00e9poca con m\u00e1s nieve en pistas. Aunque este a\u00f1o, por estas fechas, ya tenemos los espesores de nieve m\u00e1s importantes de las \u00faltimas temporadas gracias a los temporales nieve de levante de los meses de diciembre y enero, que nos han dejado un pastel blanco en toda la monta\u00f1a de la Tosa. Y es que a la estaci\u00f3n disponemos de grosores de nieve entre los 120 cm, en el Pla de Masella (1600 m), a los 260 cm a la Tosa (2535 m). Todo ello, con el a\u00f1adido de la nieve con la mejor calidad polvo, gracias a los fr\u00edos persistentes de estas \u00faltimas semanas.<\/p>\n<p><a href=\"https:\/\/www.masella.com\/blog\/wp-content\/uploads\/2026\/01\/001-1.jpg\"><img loading=\"lazy\" decoding=\"async\" class=\"alignnone size-full wp-image-9806\" src=\"https:\/\/www.masella.com\/blog\/wp-content\/uploads\/2026\/01\/001-1.jpg\" alt=\"\" width=\"2250\" height=\"1500\" srcset=\"https:\/\/www.masella.com\/blog\/wp-content\/uploads\/2026\/01\/001-1.jpg 2250w, https:\/\/www.masella.com\/blog\/wp-content\/uploads\/2026\/01\/001-1-300x200.jpg 300w, https:\/\/www.masella.com\/blog\/wp-content\/uploads\/2026\/01\/001-1-1024x683.jpg 1024w, https:\/\/www.masella.com\/blog\/wp-content\/uploads\/2026\/01\/001-1-768x512.jpg 768w, https:\/\/www.masella.com\/blog\/wp-content\/uploads\/2026\/01\/001-1-1536x1024.jpg 1536w, https:\/\/www.masella.com\/blog\/wp-content\/uploads\/2026\/01\/001-1-2048x1365.jpg 2048w\" sizes=\"(max-width: 2250px) 100vw, 2250px\" \/><\/a><\/p>\n<p>ABONO DE \u00bd TEMPORADA DE MASELLA, SE AMORTIZA EN SOLO 7 D\u00cdAS DE ESQU\u00cd<\/p>\n<p>Por lo tanto si esta temporada todav\u00eda no lo has tramitado, desde ahora ya puedes tramitar el abono de \u00bd temporada que se amortiza en solo 7 d\u00edas y te permite esquiar cada d\u00eda hasta finales de la temporada 2025-26. Adem\u00e1s, te damos descuentos en establecimientos y + de 100 d\u00edas de esqu\u00ed en otros estaciones de todo el mundo, de los cuales 15 son en estaciones de todos los Pirineos. Este abono tiene un coste de 380 euros y el de Alp 2500 (La Molina + Masella) 490 euros.<\/p>\n<p><a href=\"https:\/\/www.masella.com\/blog\/wp-content\/uploads\/2026\/01\/003.jpg\"><img loading=\"lazy\" decoding=\"async\" class=\"alignnone size-full wp-image-9802\" src=\"https:\/\/www.masella.com\/blog\/wp-content\/uploads\/2026\/01\/003.jpg\" alt=\"\" width=\"2250\" height=\"1500\" srcset=\"https:\/\/www.masella.com\/blog\/wp-content\/uploads\/2026\/01\/003.jpg 2250w, https:\/\/www.masella.com\/blog\/wp-content\/uploads\/2026\/01\/003-300x200.jpg 300w, https:\/\/www.masella.com\/blog\/wp-content\/uploads\/2026\/01\/003-1024x683.jpg 1024w, https:\/\/www.masella.com\/blog\/wp-content\/uploads\/2026\/01\/003-768x512.jpg 768w, https:\/\/www.masella.com\/blog\/wp-content\/uploads\/2026\/01\/003-1536x1024.jpg 1536w, https:\/\/www.masella.com\/blog\/wp-content\/uploads\/2026\/01\/003-2048x1365.jpg 2048w\" sizes=\"(max-width: 2250px) 100vw, 2250px\" \/><\/a><\/p>\n<p>TRAM\u00cdTALO<\/p>\n<p>El abono de 1\/2 Temporada se puede tramitar en l\u00ednea clicando <a href=\"https:\/\/www.masella.com\/es\/abonaments\/temporada\" target=\"_blank\" rel=\"noopener\">AQU\u00cd<\/a><\/p>\n<p>Tambi\u00e9n lo puedes tramitar a las Oficinas de Atenci\u00f3n al Esquiador, ubicadas en el Plan de *Masella. Y si esqu\u00edas el mismo d\u00eda y tramitas el abono de 1\/2 temporada y has comprado el forfait del d\u00eda te lo abonamos el mismo d\u00eda que esqu\u00edas, tambi\u00e9n en las Oficinas de Atenci\u00f3n al Esquiador del Pla de Masella, antes del cierre de estas (17h30 en festivos o 17 h en laborables).<\/p>\n","protected":false},"excerpt":{"rendered":"<p>Ahora es el momento de tramitar el abono de \u00bd temporada. Este abono permite esquiar los casi tres meses que<\/p>\n","protected":false},"author":4,"featured_media":9793,"comment_status":"closed","ping_status":"closed","sticky":false,"template":"","format":"standard","meta":{"footnotes":""},"categories":[20],"tags":[],"yoast_head":"<!-- This site is optimized with the Yoast SEO plugin v21.5 - https:\/\/yoast.com\/wordpress\/plugins\/seo\/ -->\n<title>ABONO DE 1\/2 TEMPORADA - blog oficial de masella<\/title>\n<meta name=\"robots\" content=\"index, follow, max-snippet:-1, max-image-preview:large, max-video-preview:-1\" \/>\n<link rel=\"canonical\" href=\"https:\/\/www.masella.com\/blog\/es\/abono-de-1-2-temporada\/\" \/>\n<meta property=\"og:locale\" content=\"es_ES\" \/>\n<meta property=\"og:type\" content=\"article\" \/>\n<meta property=\"og:title\" content=\"ABONO DE 1\/2 TEMPORADA - blog oficial de masella\" \/>\n<meta property=\"og:description\" content=\"Ahora es el momento de tramitar el abono de \u00bd temporada. Este abono permite esquiar los casi tres meses que\" \/>\n<meta property=\"og:url\" content=\"https:\/\/www.masella.com\/blog\/es\/abono-de-1-2-temporada\/\" \/>\n<meta property=\"og:site_name\" content=\"blog oficial de masella\" \/>\n<meta property=\"article:published_time\" content=\"2026-01-31T14:20:22+00:00\" \/>\n<meta property=\"article:modified_time\" content=\"2026-02-21T15:33:57+00:00\" \/>\n<meta property=\"og:image\" content=\"https:\/\/www.masella.com\/blog\/wp-content\/uploads\/2026\/01\/002.jpg\" \/>\n\t<meta property=\"og:image:width\" content=\"2250\" \/>\n\t<meta property=\"og:image:height\" content=\"1500\" \/>\n\t<meta property=\"og:image:type\" content=\"image\/jpeg\" \/>\n<meta name=\"author\" content=\"masella\" \/>\n<meta name=\"twitter:card\" content=\"summary_large_image\" \/>\n<meta name=\"twitter:label1\" content=\"Escrito por\" \/>\n\t<meta name=\"twitter:data1\" content=\"masella\" \/>\n\t<meta name=\"twitter:label2\" content=\"Tiempo de lectura\" \/>\n\t<meta name=\"twitter:data2\" content=\"3 minutos\" \/>\n<script type=\"application\/ld+json\" class=\"yoast-schema-graph\">{\"@context\":\"https:\/\/schema.org\",\"@graph\":[{\"@type\":\"Article\",\"@id\":\"https:\/\/www.masella.com\/blog\/es\/abono-de-1-2-temporada\/#article\",\"isPartOf\":{\"@id\":\"https:\/\/www.masella.com\/blog\/es\/abono-de-1-2-temporada\/\"},\"author\":{\"name\":\"masella\",\"@id\":\"https:\/\/www.masella.com\/blog\/ca\/#\/schema\/person\/e32b971f5be20790c591d85b8f1c706b\"},\"headline\":\"ABONO DE 1\/2 TEMPORADA\",\"datePublished\":\"2026-01-31T14:20:22+00:00\",\"dateModified\":\"2026-02-21T15:33:57+00:00\",\"mainEntityOfPage\":{\"@id\":\"https:\/\/www.masella.com\/blog\/es\/abono-de-1-2-temporada\/\"},\"wordCount\":343,\"publisher\":{\"@id\":\"https:\/\/www.masella.com\/blog\/ca\/#organization\"},\"articleSection\":[\"Actualidad\"],\"inLanguage\":\"es\"},{\"@type\":\"WebPage\",\"@id\":\"https:\/\/www.masella.com\/blog\/es\/abono-de-1-2-temporada\/\",\"url\":\"https:\/\/www.masella.com\/blog\/es\/abono-de-1-2-temporada\/\",\"name\":\"ABONO DE 1\/2 TEMPORADA - blog oficial de masella\",\"isPartOf\":{\"@id\":\"https:\/\/www.masella.com\/blog\/ca\/#website\"},\"datePublished\":\"2026-01-31T14:20:22+00:00\",\"dateModified\":\"2026-02-21T15:33:57+00:00\",\"breadcrumb\":{\"@id\":\"https:\/\/www.masella.com\/blog\/es\/abono-de-1-2-temporada\/#breadcrumb\"},\"inLanguage\":\"es\",\"potentialAction\":[{\"@type\":\"ReadAction\",\"target\":[\"https:\/\/www.masella.com\/blog\/es\/abono-de-1-2-temporada\/\"]}]},{\"@type\":\"BreadcrumbList\",\"@id\":\"https:\/\/www.masella.com\/blog\/es\/abono-de-1-2-temporada\/#breadcrumb\",\"itemListElement\":[{\"@type\":\"ListItem\",\"position\":1,\"name\":\"Portada\",\"item\":\"https:\/\/www.masella.com\/blog\/ca\/\"},{\"@type\":\"ListItem\",\"position\":2,\"name\":\"ABONO DE 1\/2 TEMPORADA\"}]},{\"@type\":\"WebSite\",\"@id\":\"https:\/\/www.masella.com\/blog\/ca\/#website\",\"url\":\"https:\/\/www.masella.com\/blog\/ca\/\",\"name\":\"blog oficial de masella\",\"description\":\"\",\"publisher\":{\"@id\":\"https:\/\/www.masella.com\/blog\/ca\/#organization\"},\"potentialAction\":[{\"@type\":\"SearchAction\",\"target\":{\"@type\":\"EntryPoint\",\"urlTemplate\":\"https:\/\/www.masella.com\/blog\/ca\/?s={search_term_string}\"},\"query-input\":\"required name=search_term_string\"}],\"inLanguage\":\"es\"},{\"@type\":\"Organization\",\"@id\":\"https:\/\/www.masella.com\/blog\/ca\/#organization\",\"name\":\"blog oficial de masella\",\"url\":\"https:\/\/www.masella.com\/blog\/ca\/\",\"logo\":{\"@type\":\"ImageObject\",\"inLanguage\":\"es\",\"@id\":\"https:\/\/www.masella.com\/blog\/ca\/#\/schema\/logo\/image\/\",\"url\":\"https:\/\/www.masella.com\/blog\/wp-content\/uploads\/2022\/12\/logo-masella-es-1.png\",\"contentUrl\":\"https:\/\/www.masella.com\/blog\/wp-content\/uploads\/2022\/12\/logo-masella-es-1.png\",\"width\":150,\"height\":88,\"caption\":\"blog oficial de masella\"},\"image\":{\"@id\":\"https:\/\/www.masella.com\/blog\/ca\/#\/schema\/logo\/image\/\"}},{\"@type\":\"Person\",\"@id\":\"https:\/\/www.masella.com\/blog\/ca\/#\/schema\/person\/e32b971f5be20790c591d85b8f1c706b\",\"name\":\"masella\",\"image\":{\"@type\":\"ImageObject\",\"inLanguage\":\"es\",\"@id\":\"https:\/\/www.masella.com\/blog\/ca\/#\/schema\/person\/image\/\",\"url\":\"https:\/\/secure.gravatar.com\/avatar\/57590b1151eaa410a783e55768bbbba2?s=96&d=mm&r=g\",\"contentUrl\":\"https:\/\/secure.gravatar.com\/avatar\/57590b1151eaa410a783e55768bbbba2?s=96&d=mm&r=g\",\"caption\":\"masella\"},\"url\":\"https:\/\/www.masella.com\/blog\/es\/author\/anna\/\"}]}<\/script>\n<!-- \/ Yoast SEO plugin. -->","yoast_head_json":{"title":"ABONO DE 1\/2 TEMPORADA - blog oficial de masella","robots":{"index":"index","follow":"follow","max-snippet":"max-snippet:-1","max-image-preview":"max-image-preview:large","max-video-preview":"max-video-preview:-1"},"canonical":"https:\/\/www.masella.com\/blog\/es\/abono-de-1-2-temporada\/","og_locale":"es_ES","og_type":"article","og_title":"ABONO DE 1\/2 TEMPORADA - blog oficial de masella","og_description":"Ahora es el momento de tramitar el abono de \u00bd temporada. Este abono permite esquiar los casi tres meses que","og_url":"https:\/\/www.masella.com\/blog\/es\/abono-de-1-2-temporada\/","og_site_name":"blog oficial de masella","article_published_time":"2026-01-31T14:20:22+00:00","article_modified_time":"2026-02-21T15:33:57+00:00","og_image":[{"width":2250,"height":1500,"url":"https:\/\/www.masella.com\/blog\/wp-content\/uploads\/2026\/01\/002.jpg","type":"image\/jpeg"}],"author":"masella","twitter_card":"summary_large_image","twitter_misc":{"Escrito por":"masella","Tiempo de lectura":"3 minutos"},"schema":{"@context":"https:\/\/schema.org","@graph":[{"@type":"Article","@id":"https:\/\/www.masella.com\/blog\/es\/abono-de-1-2-temporada\/#article","isPartOf":{"@id":"https:\/\/www.masella.com\/blog\/es\/abono-de-1-2-temporada\/"},"author":{"name":"masella","@id":"https:\/\/www.masella.com\/blog\/ca\/#\/schema\/person\/e32b971f5be20790c591d85b8f1c706b"},"headline":"ABONO DE 1\/2 TEMPORADA","datePublished":"2026-01-31T14:20:22+00:00","dateModified":"2026-02-21T15:33:57+00:00","mainEntityOfPage":{"@id":"https:\/\/www.masella.com\/blog\/es\/abono-de-1-2-temporada\/"},"wordCount":343,"publisher":{"@id":"https:\/\/www.masella.com\/blog\/ca\/#organization"},"articleSection":["Actualidad"],"inLanguage":"es"},{"@type":"WebPage","@id":"https:\/\/www.masella.com\/blog\/es\/abono-de-1-2-temporada\/","url":"https:\/\/www.masella.com\/blog\/es\/abono-de-1-2-temporada\/","name":"ABONO DE 1\/2 TEMPORADA - blog oficial de masella","isPartOf":{"@id":"https:\/\/www.masella.com\/blog\/ca\/#website"},"datePublished":"2026-01-31T14:20:22+00:00","dateModified":"2026-02-21T15:33:57+00:00","breadcrumb":{"@id":"https:\/\/www.masella.com\/blog\/es\/abono-de-1-2-temporada\/#breadcrumb"},"inLanguage":"es","potentialAction":[{"@type":"ReadAction","target":["https:\/\/www.masella.com\/blog\/es\/abono-de-1-2-temporada\/"]}]},{"@type":"BreadcrumbList","@id":"https:\/\/www.masella.com\/blog\/es\/abono-de-1-2-temporada\/#breadcrumb","itemListElement":[{"@type":"ListItem","position":1,"name":"Portada","item":"https:\/\/www.masella.com\/blog\/ca\/"},{"@type":"ListItem","position":2,"name":"ABONO DE 1\/2 TEMPORADA"}]},{"@type":"WebSite","@id":"https:\/\/www.masella.com\/blog\/ca\/#website","url":"https:\/\/www.masella.com\/blog\/ca\/","name":"blog oficial de masella","description":"","publisher":{"@id":"https:\/\/www.masella.com\/blog\/ca\/#organization"},"potentialAction":[{"@type":"SearchAction","target":{"@type":"EntryPoint","urlTemplate":"https:\/\/www.masella.com\/blog\/ca\/?s={search_term_string}"},"query-input":"required name=search_term_string"}],"inLanguage":"es"},{"@type":"Organization","@id":"https:\/\/www.masella.com\/blog\/ca\/#organization","name":"blog oficial de masella","url":"https:\/\/www.masella.com\/blog\/ca\/","logo":{"@type":"ImageObject","inLanguage":"es","@id":"https:\/\/www.masella.com\/blog\/ca\/#\/schema\/logo\/image\/","url":"https:\/\/www.masella.com\/blog\/wp-content\/uploads\/2022\/12\/logo-masella-es-1.png","contentUrl":"https:\/\/www.masella.com\/blog\/wp-content\/uploads\/2022\/12\/logo-masella-es-1.png","width":150,"height":88,"caption":"blog oficial de masella"},"image":{"@id":"https:\/\/www.masella.com\/blog\/ca\/#\/schema\/logo\/image\/"}},{"@type":"Person","@id":"https:\/\/www.masella.com\/blog\/ca\/#\/schema\/person\/e32b971f5be20790c591d85b8f1c706b","name":"masella","image":{"@type":"ImageObject","inLanguage":"es","@id":"https:\/\/www.masella.com\/blog\/ca\/#\/schema\/person\/image\/","url":"https:\/\/secure.gravatar.com\/avatar\/57590b1151eaa410a783e55768bbbba2?s=96&d=mm&r=g","contentUrl":"https:\/\/secure.gravatar.com\/avatar\/57590b1151eaa410a783e55768bbbba2?s=96&d=mm&r=g","caption":"masella"},"url":"https:\/\/www.masella.com\/blog\/es\/author\/anna\/"}]}},"_links":{"self":[{"href":"https:\/\/www.masella.com\/blog\/es\/wp-json\/wp\/v2\/posts\/9804"}],"collection":[{"href":"https:\/\/www.masella.com\/blog\/es\/wp-json\/wp\/v2\/posts"}],"about":[{"href":"https:\/\/www.masella.com\/blog\/es\/wp-json\/wp\/v2\/types\/post"}],"author":[{"embeddable":true,"href":"https:\/\/www.masella.com\/blog\/es\/wp-json\/wp\/v2\/users\/4"}],"replies":[{"embeddable":true,"href":"https:\/\/www.masella.com\/blog\/es\/wp-json\/wp\/v2\/comments?post=9804"}],"version-history":[{"count":5,"href":"https:\/\/www.masella.com\/blog\/es\/wp-json\/wp\/v2\/posts\/9804\/revisions"}],"predecessor-version":[{"id":9841,"href":"https:\/\/www.masella.com\/blog\/es\/wp-json\/wp\/v2\/posts\/9804\/revisions\/9841"}],"wp:featuredmedia":[{"embeddable":true,"href":"https:\/\/www.masella.com\/blog\/es\/wp-json\/wp\/v2\/media\/9793"}],"wp:attachment":[{"href":"https:\/\/www.masella.com\/blog\/es\/wp-json\/wp\/v2\/media?parent=9804"}],"wp:term":[{"taxonomy":"category","embeddable":true,"href":"https:\/\/www.masella.com\/blog\/es\/wp-json\/wp\/v2\/categories?post=9804"},{"taxonomy":"post_tag","embeddable":true,"href":"https:\/\/www.masella.com\/blog\/es\/wp-json\/wp\/v2\/tags?post=9804"}],"curies":[{"name":"wp","href":"https:\/\/api.w.org\/{rel}","templated":true}]}}